{"id":9830,"date":"2023-11-06T18:36:20","date_gmt":"2023-11-06T18:36:20","guid":{"rendered":"https:\/\/cpsscba.org\/confluenciasvirtual\/?p=9830"},"modified":"2024-02-22T23:18:24","modified_gmt":"2024-02-22T23:18:24","slug":"el-trabajo-social-defiende-la-democracia-y-los-derechos-humanos","status":"publish","type":"post","link":"https:\/\/cpsscba.org\/confluenciasvirtual\/?p=9830","title":{"rendered":"El Trabajo Social defiende la Democracia y los Derechos Humanos"},"content":{"rendered":"\n<p>En los pr\u00f3ximos d\u00edas comenzar\u00e1 una nueva etapa en la realidad pol\u00edtico y social de nuestro pa\u00eds. Les argentines deberemos definir qui\u00e9n presidir\u00e1 nuestra naci\u00f3n hasta el a\u00f1o 2027. El balotaje decant\u00f3 en dos alternativas que se presentan como dicot\u00f3micas, y tal vez, fundantes de un nuevo momento hist\u00f3rico.&nbsp;<\/p>\n\n\n\n<p>La elecci\u00f3n que definir\u00e1 qui\u00e9n conducir\u00e1 los destinos del pa\u00eds, ser\u00e1 pocos d\u00edas antes de cumplirse 40 a\u00f1os de la recuperaci\u00f3n democr\u00e1tica luego de la \u00faltima dictadura c\u00edvico-militar con la asunci\u00f3n a la presidencia de la Naci\u00f3n del Dr. Ra\u00fal Ricardo Alfons\u00edn en 1983.<\/p>\n\n\n\n<p>En la oferta electoral se presenta la alarma respecto al riesgo de p\u00e9rdida de derechos, vulneraci\u00f3n del sistema democr\u00e1tico, expansi\u00f3n del odio y m\u00faltiples formas de violencia. Entendemos que hemos llegado a esta instancia a partir de una crisis de representaci\u00f3n producto de las deudas que la democracia a\u00fan tiene con amplios sectores de la sociedad, que se agudizan frente a las dificultades que la econom\u00eda argentina presenta por el endeudamiento externo, la inflaci\u00f3n y la concentraci\u00f3n de recursos en reducidos actores de la sociedad que impactan con explotaci\u00f3n de territorios y personas, en la exclusi\u00f3n de expresiones culturales e identitarias y fragmentaci\u00f3n social.&nbsp;<\/p>\n\n\n\n<p>Ante esta compleja y amenazante situaci\u00f3n, el Colegio de Profesionales en Servicio Social de la Provincia de C\u00f3rdoba (CPSSPC), manifiesta su preocupaci\u00f3n ante las propuestas y opiniones que reivindican el accionar de las fuerzas militares en la \u00faltima dictadura c\u00edvico militar, las intenciones de mercantilizaci\u00f3n de la educaci\u00f3n p\u00fablica, la salud, el ambiente y el achicamiento del Estado como m\u00e1gica soluci\u00f3n a los problemas del pa\u00eds; por lo que se convoca a les profesionales a hacer cumplir las leyes y defender el sistema democr\u00e1tico, la irrestricta defensa de los derechos civiles, sociales y pol\u00edticos, reivindicando las leyes que regulan la profesi\u00f3n del Trabajo Social y que establecen la defensa de los Derechos Humanos.&nbsp;<\/p>\n\n\n\n<p>As\u00ed mismo, nos pronunciamos ante los discursos neoliberales, negacionistas, promotores de odio y violencia antes expuestos que proponen el achicamiento de la estructura del estado y expansi\u00f3n fundamentalista del mercado para la resoluci\u00f3n de los problemas sociales, lo cual es una falaz e inconsistente propuesta que producir\u00e1 exclusi\u00f3n, marginalidad y conflictos.&nbsp;<\/p>\n\n\n\n<p>El Colegio de Profesionales en Servicio Social de la Provincia de C\u00f3rdoba declara su defensa irrestricta al sistema democr\u00e1tico como manera de expresi\u00f3n, acci\u00f3n pol\u00edtica y respeto de las diferencias; la reivindicaci\u00f3n del Estado como garante de los derechos humanos y procesos para la construcci\u00f3n de justicia social; convocando a les profesionales a defender su rol en el dise\u00f1o, ejecuci\u00f3n, evaluaci\u00f3n de pol\u00edticas p\u00fablicas y profundizaci\u00f3n de la democracia que se recuper\u00f3 hace 40 a\u00f1os y que d\u00eda a d\u00eda, y no sin dificultades, como naci\u00f3n supimos construir.<\/p>\n\n\n\n<p><strong>CONSEJO DIRECTIVO&nbsp;<\/strong><\/p>\n\n\n\n<p><strong>COLEGIO DE PROFESIONALES EN SERVICIO SOCIAL DE LA PROVINCIA DE C\u00d3RDOBA<\/strong><\/p>\n","protected":false},"excerpt":{"rendered":"<p>En los pr\u00f3ximos d\u00edas comenzar\u00e1 una nueva etapa en la realidad pol\u00edtico y social de nuestro pa\u00eds. Les argentines deberemos<\/p>\n","protected":false},"author":1,"featured_media":9833,"comment_status":"open","ping_status":"open","sticky":false,"template":"","format":"standard","meta":{"footnotes":""},"categories":[14],"tags":[],"_links":{"self":[{"href":"https:\/\/cpsscba.org\/confluenciasvirtual\/index.php?rest_route=\/wp\/v2\/posts\/9830"}],"collection":[{"href":"https:\/\/cpsscba.org\/confluenciasvirtual\/index.php?rest_route=\/wp\/v2\/posts"}],"about":[{"href":"https:\/\/cpsscba.org\/confluenciasvirtual\/index.php?rest_route=\/wp\/v2\/types\/post"}],"author":[{"embeddable":true,"href":"https:\/\/cpsscba.org\/confluenciasvirtual\/index.php?rest_route=\/wp\/v2\/users\/1"}],"replies":[{"embeddable":true,"href":"https:\/\/cpsscba.org\/confluenciasvirtual\/index.php?rest_route=%2Fwp%2Fv2%2Fcomments&post=9830"}],"version-history":[{"count":1,"href":"https:\/\/cpsscba.org\/confluenciasvirtual\/index.php?rest_route=\/wp\/v2\/posts\/9830\/revisions"}],"predecessor-version":[{"id":9831,"href":"https:\/\/cpsscba.org\/confluenciasvirtual\/index.php?rest_route=\/wp\/v2\/posts\/9830\/revisions\/9831"}],"wp:featuredmedia":[{"embeddable":true,"href":"https:\/\/cpsscba.org\/confluenciasvirtual\/index.php?rest_route=\/wp\/v2\/media\/9833"}],"wp:attachment":[{"href":"https:\/\/cpsscba.org\/confluenciasvirtual\/index.php?rest_route=%2Fwp%2Fv2%2Fmedia&parent=9830"}],"wp:term":[{"taxonomy":"category","embeddable":true,"href":"https:\/\/cpsscba.org\/confluenciasvirtual\/index.php?rest_route=%2Fwp%2Fv2%2Fcategories&post=9830"},{"taxonomy":"post_tag","embeddable":true,"href":"https:\/\/cpsscba.org\/confluenciasvirtual\/index.php?rest_route=%2Fwp%2Fv2%2Ftags&post=9830"}],"curies":[{"name":"wp","href":"https:\/\/api.w.org\/{rel}","templated":true}]}}