{"id":9810,"date":"2023-10-18T20:41:59","date_gmt":"2023-10-18T20:41:59","guid":{"rendered":"https:\/\/cpsscba.org\/confluenciasvirtual\/?p=9810"},"modified":"2023-10-19T20:58:46","modified_gmt":"2023-10-19T20:58:46","slug":"crisis-en-el-programa-salas-cuna-por-falta-de-respuesta-de-las-autoridades","status":"publish","type":"post","link":"https:\/\/cpsscba.org\/confluenciasvirtual\/?p=9810","title":{"rendered":"Crisis en el Programa Salas Cuna por falta de respuesta de las autoridades"},"content":{"rendered":"\n<p><strong>El CPSSPC acompa\u00f1a a trabajadoras del equipo t\u00e9cnico del programa Salas Cuna, del Ministerio de Desarrollo Social de la Provincia de C\u00f3rdoba que denuncian precarizaci\u00f3n y persecuci\u00f3n laboral.<\/strong><\/p>\n\n\n\n<p>El programa creado por Ley 10.533 en el a\u00f1o 2016, expresa una pol\u00edtica precaria para los cuidados de primera infancia. Desde el Colegio que aglutina profesionales que trabajan en la misma, se solicit\u00f3 audiencia a <a><\/a>las autoridades del Ministerio de Desarrollo Social de la Prov. De C\u00f3rdoba el d\u00eda 06\/07 sin obtener respuesta alguna, as\u00ed mismo se manifest\u00f3 posici\u00f3n en las redes institucionales y notas de prensa durante el mes de julio. De la misma forma, solicitamos audiencia a dirigentes de la Universidad Nacional de C\u00f3rdoba, parte tercerizadora de la vinculaci\u00f3n laboral de las profesionales, sin obtener respuesta de la misma.<\/p>\n\n\n\n<p>El CPSSPC acompa\u00f1a a Lic. en Trabajo Social de Salas Cuna en su leg\u00edtimo reclamo por recibir honorarios coherentes con las prestaciones que desarrollan.<\/p>\n\n\n\n<p>Repudia las pr\u00e1cticas de violencia laboral instaladas en el Programa y que se agudizan en estos momentos.<\/p>\n\n\n\n<p>Insiste que las remuneraciones de trabajadoras profesionales, no pueden ser abonadas mediante programas econ\u00f3micos destinados a poblaci\u00f3n en situaci\u00f3n de vulnerabilidad social.<\/p>\n\n\n\n<p>Manifiesta preocupaci\u00f3n que la Universidad Nacional de C\u00f3rdoba, avale y permita la terciarizaci\u00f3n de trabajadoras sin derechos laborales y con honorarios por debajo de la canasta b\u00e1sica.<\/p>\n\n\n\n<p>Solicita respeto al derecho de profesionales trabajadoras a organizarse y expresarse por dignas condiciones laborales y cumplimiento de derechos laborales (obra social, ART, aportes jubilatorios, aguinaldo, antig\u00fcedad, representaci\u00f3n gremial).<\/p>\n","protected":false},"excerpt":{"rendered":"<p>El CPSSPC acompa\u00f1a a trabajadoras del equipo t\u00e9cnico del programa Salas Cuna, del Ministerio de Desarrollo Social de la Provincia<\/p>\n","protected":false},"author":1,"featured_media":9817,"comment_status":"open","ping_status":"open","sticky":false,"template":"","format":"standard","meta":{"footnotes":""},"categories":[14],"tags":[],"_links":{"self":[{"href":"https:\/\/cpsscba.org\/confluenciasvirtual\/index.php?rest_route=\/wp\/v2\/posts\/9810"}],"collection":[{"href":"https:\/\/cpsscba.org\/confluenciasvirtual\/index.php?rest_route=\/wp\/v2\/posts"}],"about":[{"href":"https:\/\/cpsscba.org\/confluenciasvirtual\/index.php?rest_route=\/wp\/v2\/types\/post"}],"author":[{"embeddable":true,"href":"https:\/\/cpsscba.org\/confluenciasvirtual\/index.php?rest_route=\/wp\/v2\/users\/1"}],"replies":[{"embeddable":true,"href":"https:\/\/cpsscba.org\/confluenciasvirtual\/index.php?rest_route=%2Fwp%2Fv2%2Fcomments&post=9810"}],"version-history":[{"count":1,"href":"https:\/\/cpsscba.org\/confluenciasvirtual\/index.php?rest_route=\/wp\/v2\/posts\/9810\/revisions"}],"predecessor-version":[{"id":9811,"href":"https:\/\/cpsscba.org\/confluenciasvirtual\/index.php?rest_route=\/wp\/v2\/posts\/9810\/revisions\/9811"}],"wp:featuredmedia":[{"embeddable":true,"href":"https:\/\/cpsscba.org\/confluenciasvirtual\/index.php?rest_route=\/wp\/v2\/media\/9817"}],"wp:attachment":[{"href":"https:\/\/cpsscba.org\/confluenciasvirtual\/index.php?rest_route=%2Fwp%2Fv2%2Fmedia&parent=9810"}],"wp:term":[{"taxonomy":"category","embeddable":true,"href":"https:\/\/cpsscba.org\/confluenciasvirtual\/index.php?rest_route=%2Fwp%2Fv2%2Fcategories&post=9810"},{"taxonomy":"post_tag","embeddable":true,"href":"https:\/\/cpsscba.org\/confluenciasvirtual\/index.php?rest_route=%2Fwp%2Fv2%2Ftags&post=9810"}],"curies":[{"name":"wp","href":"https:\/\/api.w.org\/{rel}","templated":true}]}}