{"id":9758,"date":"2023-09-15T00:58:04","date_gmt":"2023-09-15T00:58:04","guid":{"rendered":"https:\/\/cpsscba.org\/confluenciasvirtual\/?p=9758"},"modified":"2023-09-18T01:02:20","modified_gmt":"2023-09-18T01:02:20","slug":"preocupacion-por-las-condiciones-de-trabajo-de-profesionales-trabajadoras-sociales-de-la-subsecretaria-penal-juvenil-de-la-senaf","status":"publish","type":"post","link":"https:\/\/cpsscba.org\/confluenciasvirtual\/?p=9758","title":{"rendered":"PREOCUPACI\u00d3N POR LAS CONDICIONES DE TRABAJO DE PROFESIONALES TRABAJADORAS SOCIALES de la Subsecretar\u00eda Penal Juvenil de la SeNaF"},"content":{"rendered":"\n<p>EL CPSSPC EXPRESA SU PROFUNDA PREOCUPACI\u00d3N POR LAS CONDICIONES DE PRECARIEDAD LABORAL Y EJERCICIO DE PROFESIONALES TRABAJADORAS SOCIALES de la Subsecretar\u00eda Penal Juvenil de la SeNaF &#8211; Min. Justicia y DDHH de la Prov. De C\u00f3rdoba- y acompa\u00f1a las asambleas que se encuentran realizando todos los d\u00edas de 9 a 10hs. en la Subsecretar\u00eda Penal Juvenil (calle Tr\u00e1nsito C\u00e1ceres de Allende esquina Corrientes) .<\/p>\n\n\n\n<p> Colegas son contratadas mediante convenios terciarizados (monotributo) con la ONG Federaci\u00f3n de C\u00edrculos de Obreros Cat\u00f3licos, Res.2023\/002-00000170, para la prestaci\u00f3n de servicios.<\/p>\n\n\n\n<p> Honorarios por debajo de la canasta b\u00e1sica total y de honorarios profesionales establecidos por el CPSSPC y FAAPSS.<\/p>\n\n\n\n<p> Exigencia de cumplimiento de horarios y desarrollo de iguales tareas que el personal contratado y de planta permanente.<\/p>\n\n\n\n<p> Imposibilidad de acceder al documento oficial, convenio que establece la prestaci\u00f3n de los servicios que las vincula.<\/p>\n\n\n\n<p> Ausencia de derechos laborales como obra social y aportes jubilatorios.<\/p>\n\n\n\n<p> No se percibe pago de t\u00edtulo ni antig\u00fcedad.<\/p>\n\n\n\n<p> Las colegas trabajan en la compleja problem\u00e1tica de j\u00f3venes en conflicto con la ley penal que requieren de abordajes integrales, en el \u00e1mbito familiar, comunitario, escolar, habitacional, de las violencias, el acceso a la salud y el consumo problem\u00e1tico.<\/p>\n\n\n\n<p>El ejercicio profesional en esta modalidad laboral y contractual genera m\u00faltiple precariedad, tanto a la poblaci\u00f3n destinataria de la Pol\u00edtica P\u00fablica, como a les profesionales que se ocupan en el mismo, en el marco de vulnerabilidad de derechos laborales.<\/p>\n\n\n\n<p>C\u00f3rdoba, 15 de septiembre de 2023.-<\/p>\n\n\n\n<p>Colegio de Profesionales en Servicio Social de la Provincia de C\u00f3rdoba<\/p>\n","protected":false},"excerpt":{"rendered":"<p>EL CPSSPC EXPRESA SU PROFUNDA PREOCUPACI\u00d3N POR LAS CONDICIONES DE PRECARIEDAD LABORAL Y EJERCICIO DE PROFESIONALES TRABAJADORAS SOCIALES de la<\/p>\n","protected":false},"author":1,"featured_media":9759,"comment_status":"open","ping_status":"open","sticky":false,"template":"","format":"standard","meta":{"footnotes":""},"categories":[14],"tags":[],"_links":{"self":[{"href":"https:\/\/cpsscba.org\/confluenciasvirtual\/index.php?rest_route=\/wp\/v2\/posts\/9758"}],"collection":[{"href":"https:\/\/cpsscba.org\/confluenciasvirtual\/index.php?rest_route=\/wp\/v2\/posts"}],"about":[{"href":"https:\/\/cpsscba.org\/confluenciasvirtual\/index.php?rest_route=\/wp\/v2\/types\/post"}],"author":[{"embeddable":true,"href":"https:\/\/cpsscba.org\/confluenciasvirtual\/index.php?rest_route=\/wp\/v2\/users\/1"}],"replies":[{"embeddable":true,"href":"https:\/\/cpsscba.org\/confluenciasvirtual\/index.php?rest_route=%2Fwp%2Fv2%2Fcomments&post=9758"}],"version-history":[{"count":2,"href":"https:\/\/cpsscba.org\/confluenciasvirtual\/index.php?rest_route=\/wp\/v2\/posts\/9758\/revisions"}],"predecessor-version":[{"id":9761,"href":"https:\/\/cpsscba.org\/confluenciasvirtual\/index.php?rest_route=\/wp\/v2\/posts\/9758\/revisions\/9761"}],"wp:featuredmedia":[{"embeddable":true,"href":"https:\/\/cpsscba.org\/confluenciasvirtual\/index.php?rest_route=\/wp\/v2\/media\/9759"}],"wp:attachment":[{"href":"https:\/\/cpsscba.org\/confluenciasvirtual\/index.php?rest_route=%2Fwp%2Fv2%2Fmedia&parent=9758"}],"wp:term":[{"taxonomy":"category","embeddable":true,"href":"https:\/\/cpsscba.org\/confluenciasvirtual\/index.php?rest_route=%2Fwp%2Fv2%2Fcategories&post=9758"},{"taxonomy":"post_tag","embeddable":true,"href":"https:\/\/cpsscba.org\/confluenciasvirtual\/index.php?rest_route=%2Fwp%2Fv2%2Ftags&post=9758"}],"curies":[{"name":"wp","href":"https:\/\/api.w.org\/{rel}","templated":true}]}}