{"id":9406,"date":"2023-05-09T22:03:35","date_gmt":"2023-05-09T22:03:35","guid":{"rendered":"http:\/\/cpsscba.org\/confluenciasvirtual\/?p=9406"},"modified":"2023-05-13T15:59:53","modified_gmt":"2023-05-13T15:59:53","slug":"9406","status":"publish","type":"post","link":"https:\/\/cpsscba.org\/confluenciasvirtual\/?p=9406","title":{"rendered":"Especialidades. Informe de Comisi\u00f3n"},"content":{"rendered":"\n<p><strong>La inscripci\u00f3n para acceder al certificado de especialista y a la renovaci\u00f3n de especialidad transcurri\u00f3 entre el 10 y el 19 de abril, habi\u00e9ndose anotado 28 colegas.<\/strong> <\/p>\n\n\n\n<p>Desde la comisi\u00f3n de especialidades se realiz\u00f3 un informe cuantitativo s<em>obre lxs colegas inscriptxs:<\/em><\/p>\n\n\n\n<p>\u2022 4 corresponden a primeras renovaciones y 24 es para acceder a la especialidad;<\/p>\n\n\n\n<p>\u2022 16 en salud, 3 en socio-jur\u00eddico criminol\u00f3gico, 2 en discapacidad, 2 en ni\u00f1ez-adolescencia y juventud y 1 en educaci\u00f3n, mientras que 4 colegas optaron por inscribirse en m\u00e1s de una especialidad;<\/p>\n\n\n\n<p>\u2022 14 colegas residen en la Capital, 13 en el interior y 1 en otra provincia (no cuenta con matr\u00edcula profesional en nuestro Colegio, por lo cual no podr\u00e1 continuar con el proceso).<\/p>\n\n\n\n<p>* Nos encontramos confirmando lxs colegas que integrar\u00e1n los Tribunales Evaluadores de cada especialidad y elaborando un cronograma para la recepci\u00f3n de carpetas de antecedentes.<\/p>\n\n\n\n<p><strong>Un reconocimiento que jerarquiza nuestra profesi\u00f3n<\/strong><\/p>\n\n\n\n<p>A principio de este a\u00f1o, la colega Silvia Antoy\u00e1n ha sido notificada del reconocimiento de su matr\u00edcula de especialista en discapacidad en su espacio laboral, en el Ministerio de Salud del Gobierno de la Provincia de C\u00f3rdoba &#8211; hasta el a\u00f1o pasado, s\u00f3lo reconoc\u00edan para nuestra profesi\u00f3n la matr\u00edcula de especialista en salud -. <\/p>\n\n\n\n<p>Este reconocimiento se constituye en una conquista importante en el proceso de jerarquizaci\u00f3n de nuestra profesi\u00f3n, especialmente para las colegas que se desempe\u00f1an en el campo de la discapacidad y que nos coloca en una posici\u00f3n de mayor igualdad con otras profesiones del mismo campo.<\/p>\n","protected":false},"excerpt":{"rendered":"<p>La inscripci\u00f3n para acceder al certificado de especialista y a la renovaci\u00f3n de especialidad transcurri\u00f3 entre el 10 y el<\/p>\n","protected":false},"author":1,"featured_media":9409,"comment_status":"open","ping_status":"open","sticky":false,"template":"","format":"standard","meta":{"footnotes":""},"categories":[11,14],"tags":[165],"_links":{"self":[{"href":"https:\/\/cpsscba.org\/confluenciasvirtual\/index.php?rest_route=\/wp\/v2\/posts\/9406"}],"collection":[{"href":"https:\/\/cpsscba.org\/confluenciasvirtual\/index.php?rest_route=\/wp\/v2\/posts"}],"about":[{"href":"https:\/\/cpsscba.org\/confluenciasvirtual\/index.php?rest_route=\/wp\/v2\/types\/post"}],"author":[{"embeddable":true,"href":"https:\/\/cpsscba.org\/confluenciasvirtual\/index.php?rest_route=\/wp\/v2\/users\/1"}],"replies":[{"embeddable":true,"href":"https:\/\/cpsscba.org\/confluenciasvirtual\/index.php?rest_route=%2Fwp%2Fv2%2Fcomments&post=9406"}],"version-history":[{"count":2,"href":"https:\/\/cpsscba.org\/confluenciasvirtual\/index.php?rest_route=\/wp\/v2\/posts\/9406\/revisions"}],"predecessor-version":[{"id":9408,"href":"https:\/\/cpsscba.org\/confluenciasvirtual\/index.php?rest_route=\/wp\/v2\/posts\/9406\/revisions\/9408"}],"wp:featuredmedia":[{"embeddable":true,"href":"https:\/\/cpsscba.org\/confluenciasvirtual\/index.php?rest_route=\/wp\/v2\/media\/9409"}],"wp:attachment":[{"href":"https:\/\/cpsscba.org\/confluenciasvirtual\/index.php?rest_route=%2Fwp%2Fv2%2Fmedia&parent=9406"}],"wp:term":[{"taxonomy":"category","embeddable":true,"href":"https:\/\/cpsscba.org\/confluenciasvirtual\/index.php?rest_route=%2Fwp%2Fv2%2Fcategories&post=9406"},{"taxonomy":"post_tag","embeddable":true,"href":"https:\/\/cpsscba.org\/confluenciasvirtual\/index.php?rest_route=%2Fwp%2Fv2%2Ftags&post=9406"}],"curies":[{"name":"wp","href":"https:\/\/api.w.org\/{rel}","templated":true}]}}