{"id":939,"date":"2012-06-14T22:24:07","date_gmt":"2012-06-14T22:24:07","guid":{"rendered":"http:\/\/confluenciasvirtual.wordpress.com\/2012\/06\/14\/palabras-de-la-nueva-presidenta-lic-maria-angelica-paviolo-en-el-acto-de-asuncion\/"},"modified":"2012-08-03T03:27:18","modified_gmt":"2012-08-03T03:27:18","slug":"palabras-de-la-nueva-presidenta-lic-maria-angelica-paviolo-en-el-acto-de-asuncion","status":"publish","type":"post","link":"https:\/\/cpsscba.org\/confluenciasvirtual\/?p=939","title":{"rendered":"Palabras de la nueva presidenta, Lic. Mar\u00eda Ang\u00e9lica Paviolo en el acto de asunci\u00f3n"},"content":{"rendered":"<p>Comienzo agradeciendo la presencia, en este acto, de todxs uds., colegas, familiares, amigxs.<\/p>\n<p><a href=\"http:\/\/confluenciasvirtual.files.wordpress.com\/2012\/06\/maque-asuncion1.gif\"><img loading=\"lazy\" decoding=\"async\" class=\"alignright size-medium wp-image-942\" style=\"margin: 6px;\" title=\"maque-asuncion1\" src=\"http:\/\/confluenciasvirtual.files.wordpress.com\/2012\/06\/maque-asuncion1.gif?w=300\" alt=\"\" width=\"300\" height=\"168\" \/><\/a>Agradecimiento que incluye como ya lo dije el d\u00eda de la elecci\u00f3n, a quienes nos acompa\u00f1aron con su voto y quienes no pudieron hacerlo por diferentes razones, pero que nos hicieron saber de su apoyo.<!--more--><\/p>\n<p>Se inicia hoy una nueva gesti\u00f3n en estos ya casi 26 a\u00f1os\u00a0 del colegio profesional, en cuya creaci\u00f3n participamos muchos de los que hoy integramos esta lista.<\/p>\n<p>Es precisamente en \u00abla plenaria\u00bb, donde confluimos colegas de distintas generaciones y procedencias, alrededor de un proyecto colectivo en construcci\u00f3n, que pueda contener un colectivo profesional diverso,. y desde esa diversidad continuar la construcci\u00f3n del mismo. Todo un desaf\u00edo!<\/p>\n<p>Uno de sus ejes es, precisamente trabajar para incrementar el acercamiento de los colegiadxs a la instituci\u00f3n, o esta hacia ellos, para analizar, para debatir, para proponer, para hacer, mas all\u00e1 de las personas que formamos esta lista y que a partir de hoy conduciremos el colegio.<\/p>\n<p>El compromiso \u00e9tico pol\u00edtico de este equipo es sostener la vida institucional de la organizaci\u00f3n, intentando tener visibilidad en el espacio publico, y contribuir a jerarquizar la profesi\u00f3n, tomando posici\u00f3n en relaci\u00f3n a diferentes fen\u00f3menos o problem\u00e1ticas sociales sobre los cuales tenemos mucho para decir y hacer.<\/p>\n<p>La realidad soc<a href=\"http:\/\/confluenciasvirtual.files.wordpress.com\/2012\/06\/maque-asuncion2.gif\"><img loading=\"lazy\" decoding=\"async\" class=\"alignleft size-medium wp-image-944\" style=\"margin: 8px;\" title=\"maque-asuncion2\" src=\"http:\/\/confluenciasvirtual.files.wordpress.com\/2012\/06\/maque-asuncion2.gif?w=300\" alt=\"\" width=\"300\" height=\"174\" \/><\/a>ial nos desaf\u00eda siempre, y en esa l\u00ednea nosotros como profesionales debemos asumir ese desaf\u00edo como trabajadores intentando superar la contradicci\u00f3n entre conservar o modificar situaciones. Vamos a intentarlo.<\/p>\n<p>Lo mencione el d\u00eda de la elecci\u00f3n, si la intervenci\u00f3n profesional conlleva la intencionalidad de modificar situaciones adversas que se originan en las desigualdades sociales, nuestra intenci\u00f3n es modificar esa adversidad, que es la \u00abescasa participaci\u00f3n&#8217; del colectivo profesional en este espacio, tras un proyecto colectivo que represente a todxs y que adem\u00e1s permitir\u00e1 sostener la vida institucional y asegurar continuidad y traspaso a otras generaciones de colegas.<\/p>\n<p>Ponemos a disposici\u00f3n todas nuestras ganas, conocimientos, experiencias y todos los recursos posibles para:<\/p>\n<p>&#8211; mejorar las condiciones en que se desarrolla el ejercicio profesional, fomentando su autonom\u00eda, aunque para algunos sea una autonom\u00eda relativa (quiz\u00e1s otro aspecto a poner en debate).<\/p>\n<p>&#8211; acompa\u00f1ar situaciones de vulneraci\u00f3n de derechos de colegas y de sujetos con quienes trabajamos,<\/p>\n<p>&#8211; retroalimentar el pensar y hacer profesional con una fuerte articulaci\u00f3n entre \u00e1mbitos acad\u00e9<a href=\"http:\/\/confluenciasvirtual.files.wordpress.com\/2012\/06\/maque-asuncion3.gif\"><img loading=\"lazy\" decoding=\"async\" class=\"size-medium wp-image-945 alignright\" style=\"margin: 8px;\" title=\"maque-asuncion3\" src=\"http:\/\/confluenciasvirtual.files.wordpress.com\/2012\/06\/maque-asuncion3.gif?w=300\" alt=\"\" width=\"300\" height=\"168\" \/><\/a>micos y servicios.<\/p>\n<p>&#8211; tener mas visibilidad en el espacio publico posicion\u00e1ndonos en torno a problem\u00e1ticas sociales que atraviesan a la sociedad en su conjunto.<\/p>\n<p>&#8211; retomar la participaci\u00f3n hist\u00f3rica en organizaciones de 2do. grado que nuclean a los trabajadores sociales de todo el pa\u00eds.<\/p>\n<p>&#8211; sumar nuestra presencia, como organizaci\u00f3n, a espacios intersectoriales e interdisciplinarios que aborden cuestiones sociales o espec\u00edficamente profesionales.<\/p>\n<p>Para cerrar y parafraseando a alguien, lo importante de un discurso, no es el discurso en si, sino el poder llevarlo a cabo. Y ese es nuestro deseo!<\/p>\n","protected":false},"excerpt":{"rendered":"<p>Comienzo agradeciendo la presencia, en este acto, de todxs uds., colegas, familiares, amigxs. Agradecimiento que incluye como ya lo dije<\/p>\n","protected":false},"author":1,"featured_media":943,"comment_status":"open","ping_status":"open","sticky":false,"template":"","format":"standard","meta":{"footnotes":""},"categories":[35,14],"tags":[],"_links":{"self":[{"href":"https:\/\/cpsscba.org\/confluenciasvirtual\/index.php?rest_route=\/wp\/v2\/posts\/939"}],"collection":[{"href":"https:\/\/cpsscba.org\/confluenciasvirtual\/index.php?rest_route=\/wp\/v2\/posts"}],"about":[{"href":"https:\/\/cpsscba.org\/confluenciasvirtual\/index.php?rest_route=\/wp\/v2\/types\/post"}],"author":[{"embeddable":true,"href":"https:\/\/cpsscba.org\/confluenciasvirtual\/index.php?rest_route=\/wp\/v2\/users\/1"}],"replies":[{"embeddable":true,"href":"https:\/\/cpsscba.org\/confluenciasvirtual\/index.php?rest_route=%2Fwp%2Fv2%2Fcomments&post=939"}],"version-history":[{"count":1,"href":"https:\/\/cpsscba.org\/confluenciasvirtual\/index.php?rest_route=\/wp\/v2\/posts\/939\/revisions"}],"predecessor-version":[{"id":1219,"href":"https:\/\/cpsscba.org\/confluenciasvirtual\/index.php?rest_route=\/wp\/v2\/posts\/939\/revisions\/1219"}],"wp:featuredmedia":[{"embeddable":true,"href":"https:\/\/cpsscba.org\/confluenciasvirtual\/index.php?rest_route=\/"}],"wp:attachment":[{"href":"https:\/\/cpsscba.org\/confluenciasvirtual\/index.php?rest_route=%2Fwp%2Fv2%2Fmedia&parent=939"}],"wp:term":[{"taxonomy":"category","embeddable":true,"href":"https:\/\/cpsscba.org\/confluenciasvirtual\/index.php?rest_route=%2Fwp%2Fv2%2Fcategories&post=939"},{"taxonomy":"post_tag","embeddable":true,"href":"https:\/\/cpsscba.org\/confluenciasvirtual\/index.php?rest_route=%2Fwp%2Fv2%2Ftags&post=939"}],"curies":[{"name":"wp","href":"https:\/\/api.w.org\/{rel}","templated":true}]}}