{"id":933,"date":"2012-06-19T16:38:37","date_gmt":"2012-06-19T16:38:37","guid":{"rendered":"http:\/\/confluenciasvirtual.wordpress.com\/?p=933"},"modified":"2012-06-19T16:38:37","modified_gmt":"2012-06-19T16:38:37","slug":"encuentro-interinstitucional-de-trabajo-social","status":"publish","type":"post","link":"https:\/\/cpsscba.org\/confluenciasvirtual\/?p=933","title":{"rendered":"Encuentro Interinstitucional de Trabajo Social"},"content":{"rendered":"<p><a href=\"http:\/\/confluenciasvirtual.files.wordpress.com\/2012\/06\/logos-villa-maria.gif\"><img loading=\"lazy\" decoding=\"async\" class=\"aligncenter size-medium wp-image-953\" title=\"logos-villa-maria\" src=\"http:\/\/confluenciasvirtual.files.wordpress.com\/2012\/06\/logos-villa-maria.gif?w=300\" alt=\"\" width=\"300\" height=\"82\" \/><\/a> Los d\u00edas 28 y 29 de junio se realizar\u00e1 en el Campus de la Universidad Nacional de Villa Mar\u00eda el Encuentro Interinstitucional de Trabajo Social. \u00abCondiciones de trabajo y organizaci\u00f3n profesional\u00bb.<br \/>\nLas entidades organizadoras proponen el desaf\u00edo \u00ab&#8230;de provocarle al profesional la reflexi\u00f3n, cuestionamiento y propuestas renovadoras desde \u00e1mbitos diferentes en torno a la organizaci\u00f3n profesional y las condiciones de trabajo de nuestra profesi\u00f3n\u00bb.<!--more--><\/p>\n<p><strong>PRESENTACI\u00d3N<\/strong><\/p>\n<p>El Instituto del Rosario, Instituto de Educaci\u00f3n Superior del Centro de la Rep\u00fablica \u201cDr. \u00c1ngel Diego M\u00e1rquez\u201d (INESCER), Licenciatura\u00a0 en\u00a0 Trabajo Social, Universidad Nacional de Villa Mar\u00eda (IAPCS-UNVM), y \u201cNueva Generaci\u00f3n\u201d, lista electa por el Colegio de Profesionales en Servicio Social, Delegaci\u00f3n Villa Mar\u00eda, se unen en esta oportunidad constituyendo el Primer Encuentro de Trabajadores Sociales \u201cCondiciones de Trabajo y Organizaci\u00f3n Profesional\u201d. Articulando su actividad, estas entidades formadoras de Trabajadores Sociales, asumen el desaf\u00edo de provocarle al profesional la reflexi\u00f3n, cuestionamiento y propuestas renovadoras desde \u00e1mbitos diferentes en torno a la organizaci\u00f3n profesional y las condiciones de trabajo de nuestra profesi\u00f3n.<\/p>\n<p><strong>OBJETIVOS<\/strong><\/p>\n<p>* Contribuir en la capacitaci\u00f3n de los Trabajadores Sociales y Estudiantes\u00a0 de\u00a0 Trabajo\u00a0 Social.<br \/>\n* Lograr espacios de socializaci\u00f3n con colegas.<br \/>\n* Fomentar un espacio de intercambio y estudio que confronte posiciones frente a nuestra realidad.<br \/>\n* Acercarnos a la pr\u00e1ctica e intervenci\u00f3n profesional de colegas.<br \/>\n* Editar un documento que recoja todas las intervenciones del encuentro.<br \/>\n* Crear propuestas realistas y fundadas que impulsen la organizaci\u00f3n profesional y el mejoramiento de las condiciones laborales del colectivo profesional.<\/p>\n<p><strong>PROGRAMA<\/strong><\/p>\n<p><strong>Jueves 28 de Junio de 2012<\/strong><br \/>\n15 a 20 hs.: 1\u00ba Taller con docentes y graduados con Tamara Seiffer.<\/p>\n<p><strong>Viernes 29 de Junio de 2012<\/strong><br \/>\n9 a 13 hs.: 2\u00aa Taller con docentes y graduados con Tamara Seiffer<br \/>\nEncuentro TS<br \/>\n14 hs.: Acreditaciones<br \/>\n15 a 20 hs.: Trabajo con Andrea Oliva y Tamara Seiffer<br \/>\n15 hs.: Apertura institucional<br \/>\n15,30 hs.: Andrea Oliva. Disparadores. \u00abIntervenci\u00f3n profesiona , condiciones de trabajo y organizaci\u00f3n profesional\u00bb<br \/>\n16:15 hs.: Trabajo grupal orientado por gu\u00eda de preguntas<br \/>\n17:45 hs. Corte<br \/>\n18 hs.: Tamara Seiffer. Plenario orientado. Puesta en com\u00fan. \u00abOrganizaci\u00f3n profesional. \u00bfQu\u00e9 hacemos y hacia donde vamos?\u00bb<br \/>\n20 hs.: Cierre y entrega de certificados<br \/>\n22 hs.: Documentales y Pe\u00f1a del TS.<\/p>\n<p>EXPOSITORES<br \/>\n*Dra. Andrea A. Oliva -TANDIL- Argentina<br \/>\n*Dra. Tamara Seiffer &#8211; UBA &#8211; Argentina<\/p>\n<p><strong>EJES TEM\u00c1TICOS<\/strong><br \/>\n*Intervenci\u00f3n profesional, condiciones de trabajo y organizaci\u00f3n profesional<br \/>\n*Organizaci\u00f3n profesional. \u00bfQue hacemos y hacia donde vamos?<\/p>\n<p><strong>METODOLOG\u00cdA<\/strong><br \/>\n*Conferencias.<br \/>\n*Mesas de Trabajo.<br \/>\n*Talleres<br \/>\n*Plenario orientado.<\/p>\n<p><strong>DIRIGIDO A:<\/strong><br \/>\n. Profesionales en Trabajo Social.<br \/>\n. Estudiantes de Trabajo Social.<\/p>\n<p><strong>LUGAR DEL EVENTO<\/strong><br \/>\nAv. Arturo Jauretche 1555. Campus Universitario<\/p>\n<p><strong>ORGANIZAN<\/strong><br \/>\nInstituto del Rosario.<br \/>\nInstituto de Educaci\u00f3n Superior del Centro de la Rep\u00fablica \u201cDr. \u00c1ngel Diego M\u00e1rquez\u201d.<br \/>\nLicenciatura\u00a0 en\u00a0 Trabajo Social, Universidad Nacional de Villa Mar\u00eda (IAPCS-UNVM).<br \/>\n\u201cNueva Generaci\u00f3n\u201d Lista electa por Colegio de Profesionales en Servicio Social, Delegaci\u00f3n Villa Mar\u00eda.<\/p>\n<p><strong>INFORMES E INSCRIPCI\u00d3N<\/strong><br \/>\nencuentrointerinstitucionalts@gmail.com<\/p>\n<p><strong>ADICIONALES<\/strong><br \/>\n*Librer\u00eda Espartaco<br \/>\n*Pe\u00f1a Universitaria del Trabajador Social. Organiza: Centros de Estudiantes UNVM.<\/p>\n<p><strong>SE OTORGAR\u00c1N CERTIFICADOS<\/strong><\/p>\n<p><a href=\"http:\/\/confluenciasvirtual.files.wordpress.com\/2012\/06\/af-vn-inter.jpg\"><img loading=\"lazy\" decoding=\"async\" class=\"aligncenter size-full wp-image-965\" title=\"af vn inter\" src=\"http:\/\/confluenciasvirtual.files.wordpress.com\/2012\/06\/af-vn-inter.jpg\" alt=\"\" width=\"406\" height=\"642\" \/><\/a><\/p>\n","protected":false},"excerpt":{"rendered":"<p>Los d\u00edas 28 y 29 de junio se realizar\u00e1 en el Campus de la Universidad Nacional de Villa Mar\u00eda el<\/p>\n","protected":false},"author":1,"featured_media":965,"comment_status":"open","ping_status":"open","sticky":false,"template":"","format":"standard","meta":{"footnotes":""},"categories":[10,22],"tags":[],"_links":{"self":[{"href":"https:\/\/cpsscba.org\/confluenciasvirtual\/index.php?rest_route=\/wp\/v2\/posts\/933"}],"collection":[{"href":"https:\/\/cpsscba.org\/confluenciasvirtual\/index.php?rest_route=\/wp\/v2\/posts"}],"about":[{"href":"https:\/\/cpsscba.org\/confluenciasvirtual\/index.php?rest_route=\/wp\/v2\/types\/post"}],"author":[{"embeddable":true,"href":"https:\/\/cpsscba.org\/confluenciasvirtual\/index.php?rest_route=\/wp\/v2\/users\/1"}],"replies":[{"embeddable":true,"href":"https:\/\/cpsscba.org\/confluenciasvirtual\/index.php?rest_route=%2Fwp%2Fv2%2Fcomments&post=933"}],"version-history":[{"count":0,"href":"https:\/\/cpsscba.org\/confluenciasvirtual\/index.php?rest_route=\/wp\/v2\/posts\/933\/revisions"}],"wp:featuredmedia":[{"embeddable":true,"href":"https:\/\/cpsscba.org\/confluenciasvirtual\/index.php?rest_route=\/"}],"wp:attachment":[{"href":"https:\/\/cpsscba.org\/confluenciasvirtual\/index.php?rest_route=%2Fwp%2Fv2%2Fmedia&parent=933"}],"wp:term":[{"taxonomy":"category","embeddable":true,"href":"https:\/\/cpsscba.org\/confluenciasvirtual\/index.php?rest_route=%2Fwp%2Fv2%2Fcategories&post=933"},{"taxonomy":"post_tag","embeddable":true,"href":"https:\/\/cpsscba.org\/confluenciasvirtual\/index.php?rest_route=%2Fwp%2Fv2%2Ftags&post=933"}],"curies":[{"name":"wp","href":"https:\/\/api.w.org\/{rel}","templated":true}]}}