{"id":9247,"date":"2023-03-06T12:12:31","date_gmt":"2023-03-06T12:12:31","guid":{"rendered":"http:\/\/cpsscba.org\/confluenciasvirtual\/?p=9247"},"modified":"2024-02-22T23:28:45","modified_gmt":"2024-02-22T23:28:45","slug":"abren-las-inscripciones-al-examen-unico-de-residencias-en-salud-2023","status":"publish","type":"post","link":"https:\/\/cpsscba.org\/confluenciasvirtual\/?p=9247","title":{"rendered":"Abren las inscripciones al Examen \u00danico de residencias en salud 2023"},"content":{"rendered":"\n<p>El\u00a0<strong>Ministerio de Salud de la Provincia<\/strong>\u00a0-junto a\u00a0<strong>35 instituciones p\u00fablicas y privadas<\/strong>\u2013 abre la convocatoria 2023 para el\u00a0<strong>Examen \u00danico para selecci\u00f3n de residentes en salud<\/strong>. De esta manera, se brinda la posibilidad de acceder a una\u00a0<strong>formaci\u00f3n de posgrado<\/strong>\u00a0para profesionales de distintas especialidades en hospitales provinciales, y tambi\u00e9n en cl\u00ednicas y sanatorios.<\/p>\n\n\n\n<div class=\"wp-block-file\"><a href=\"http:\/\/cpsscba.org\/confluenciasvirtual\/wp-content\/uploads\/2023\/03\/Llamado-a-Examen-\u00danico-para-Selecci\u00f3n-de-Residentes-en-Salud-de-la-Provincia-de-C\u00f3rdoba-A\u00f1o-2023.pdf\">Llamado-a-Examen-\u00danico-para-Selecci\u00f3n-de-Residentes-en-Salud-de-la-Provincia-de-C\u00f3rdoba-A\u00f1o-2023<\/a><a href=\"http:\/\/cpsscba.org\/confluenciasvirtual\/wp-content\/uploads\/2023\/03\/Llamado-a-Examen-\u00danico-para-Selecci\u00f3n-de-Residentes-en-Salud-de-la-Provincia-de-C\u00f3rdoba-A\u00f1o-2023.pdf\" class=\"wp-block-file__button\" download>Descarga<\/a><\/div>\n\n\n\n<ul><li><strong>El tr\u00e1mite podr\u00e1 realizarse v\u00eda web a trav\u00e9s de Ciudadano Digital desde el lunes 13 de marzo, para rendir el s\u00e1bado 1 de abril.<\/strong><\/li><li><strong>En el \u00e1mbito del Ministerio de Salud provincial hay m\u00e1s de 260 becas, de 240 mil pesos mensuales, cobertura de Apross y ART.<\/strong><\/li><li><strong>Cabe destacar que se ampli\u00f3 el l\u00edmite de edad a 40 a\u00f1os a la fecha de inscripci\u00f3n y se elimin\u00f3 el requisito de no tener m\u00e1s de 5 a\u00f1os de egreso.<\/strong><\/li><\/ul>\n\n\n\n<p><strong>En el \u00e1mbito de la cartera sanitaria provincial, se ofrecen m\u00e1s de 260 becas,<\/strong>&nbsp;destinadas a egresadas y egresados de las disciplinas de bioqu\u00edmica, enfermer\u00eda, farmacia, ingenier\u00eda, kinesiolog\u00eda, medicina, nutrici\u00f3n, odontolog\u00eda, psicolog\u00eda, psicomotricidad, psicopedagog\u00eda y trabajo social.<\/p>\n\n\n\n<p>A partir de este a\u00f1o, ya no es requisito no tener m\u00e1s de cinco a\u00f1os de egreso, de manera que&nbsp;<strong>las y los profesionales pueden inscribirse independientemente de cu\u00e1ndo se hayan recibido.<\/strong>&nbsp;De la misma manera,&nbsp;<strong>se ampli\u00f3 la edad l\u00edmite de 35 a 40 a\u00f1os<\/strong>&nbsp;(cumplidos hasta el primer d\u00eda de inicio de la inscripci\u00f3n).<\/p>\n\n\n\n<p>Es oportuno recordar que las y los residentes financiados por el Ministerio de Salud perciben una&nbsp;<strong>beca mensual de m\u00e1s de 240 mil pesos, tienen cobertura de ART y de Apross.<\/strong><\/p>\n\n\n\n<p>Finalmente, tambi\u00e9n se abre una&nbsp;<strong>nueva residencia en Bioqu\u00edmica con orientaci\u00f3n en<\/strong>&nbsp;<strong>Virolog\u00eda<\/strong>, en virtud de la valorizaci\u00f3n de esta especializaci\u00f3n durante la pandemia y en relaci\u00f3n a los nuevos desaf\u00edos que se presentan para la salud p\u00fablica en el contexto epidemiol\u00f3gico actual. Esta residencia \u2013creada por el Ministerio junto a otras instituciones- se desarrollar\u00e1 en el Laboratorio Central, con una duraci\u00f3n de tres a\u00f1os, y contar\u00e1 con rotaciones en distintas entidades avocadas a la investigaci\u00f3n y formaci\u00f3n en esta especialidad.<\/p>\n\n\n\n<h3 class=\"wp-block-heading\"><strong>Cronograma e inscripciones<\/strong><\/h3>\n\n\n\n<p>A partir del pr\u00f3ximo&nbsp;<strong>lunes 13 de marzo<\/strong>, estar\u00e1 disponible en la web de gobierno (<a href=\"http:\/\/residencias.cba.gov.ar\/\">residencias.cba.gov.ar<\/a>) el formulario de&nbsp;<strong>inscripci\u00f3n<\/strong>. Una vez completada esa primera parte de la gesti\u00f3n&nbsp;<em>online<\/em>, se deber\u00e1 presentar la documentaci\u00f3n solicitada por cada una de las instituciones de inter\u00e9s.&nbsp;<strong>La presentaci\u00f3n de dicha documentaci\u00f3n se deber\u00e1 realizar desde el 13 al 23 de marzo<\/strong>.<\/p>\n\n\n\n<p>La presentaci\u00f3n de la documentaci\u00f3n&nbsp;<strong>para las postulaciones a becas ofrecidas por el Ministerio de Salud de la Provincia de C\u00f3rdoba ser\u00e1 de manera online<\/strong>(en formato PDF, titulado con apellido, nombre completo y nombre del archivo que adjunta),<strong>&nbsp;seg\u00fan el instructivo publicado en la&nbsp;<\/strong><a href=\"https:\/\/ministeriodesalud.cba.gov.ar\/equipo-de-salud\/capacitacion-y-formacion\/\"><strong>p\u00e1gina web de la Direcci\u00f3n de Capacitaci\u00f3n y Formaci\u00f3n en Salud<\/strong><\/a><strong>.&nbsp;<\/strong>La documentaci\u00f3n a presentar para las becas del Ministerio de Salud es la siguiente:<\/p>\n\n\n\n<ul><li>Documento Nacional de Identidad.<\/li><li>Planilla de inscripci\u00f3n&nbsp; \u2013&nbsp;<a href=\"http:\/\/residencias.cba.gov.ar\/\">http:\/\/residencias.cba.gov.ar<\/a>&nbsp;\u2013<\/li><li>Certificado Anal\u00edtico definitivo (constatado en actas) o certificado expedido por la Universidad&nbsp; de Origen donde se explicite promedio general con aplazos y fecha de egreso.<\/li><li>Los postulantes que se inscriban en aquellas especialidades en las que se solicita requisito previo, deber\u00e1n acreditar la misma, presentando certificado de dicha formaci\u00f3n, la cual deber\u00e1 ser realizada en un Centro Formador reconocido oficialmente.<\/li><li>Curriculum vitae nominal abreviado (no m\u00e1s de dos p\u00e1ginas).<\/li><\/ul>\n\n\n\n<p>La publicaci\u00f3n del listado de inscriptos, asignaci\u00f3n del aula y turnos de examen se har\u00e1 el 29 de marzo.&nbsp;<strong>El examen tendr\u00e1 lugar el s\u00e1bado 1 de abril en la<\/strong>&nbsp;<strong>Facultad de Ciencias de la Salud de la Universidad Cat\u00f3lica de C\u00f3rdoba (Libertad 1255 \u2013 B\u00ba General Paz)<\/strong>.<\/p>\n\n\n\n<p>Se puede acceder al llamado completo&nbsp;<a href=\"https:\/\/ministeriodesalud.cba.gov.ar\/equipo-de-salud\/capacitacion-y-formacion\/\">aqu\u00ed<\/a>.<\/p>\n\n\n\n<p><strong>Consultas:<\/strong>\u00a0Direcci\u00f3n General de Capacitaci\u00f3n y Formaci\u00f3n en Salud, Av. V\u00e9lez Sarsfield 2311 (\u00e1rea Marr\u00f3n, oficina 8). Tel\u00e9fonos (0351) 468-8692 \/ 468-8602 \/ 468-8605. Correo electr\u00f3nico:\u00a0<a href=\"mailto:capacitacionydocencia@cba.gov.ar\">capacitacionydocencia@cba.gov.ar<\/a><\/p>\n","protected":false},"excerpt":{"rendered":"<p>El\u00a0Ministerio de Salud de la Provincia\u00a0-junto a\u00a035 instituciones p\u00fablicas y privadas\u2013 abre la convocatoria 2023 para el\u00a0Examen \u00danico para selecci\u00f3n<\/p>\n","protected":false},"author":1,"featured_media":9250,"comment_status":"open","ping_status":"open","sticky":false,"template":"","format":"standard","meta":{"footnotes":""},"categories":[14],"tags":[160],"_links":{"self":[{"href":"https:\/\/cpsscba.org\/confluenciasvirtual\/index.php?rest_route=\/wp\/v2\/posts\/9247"}],"collection":[{"href":"https:\/\/cpsscba.org\/confluenciasvirtual\/index.php?rest_route=\/wp\/v2\/posts"}],"about":[{"href":"https:\/\/cpsscba.org\/confluenciasvirtual\/index.php?rest_route=\/wp\/v2\/types\/post"}],"author":[{"embeddable":true,"href":"https:\/\/cpsscba.org\/confluenciasvirtual\/index.php?rest_route=\/wp\/v2\/users\/1"}],"replies":[{"embeddable":true,"href":"https:\/\/cpsscba.org\/confluenciasvirtual\/index.php?rest_route=%2Fwp%2Fv2%2Fcomments&post=9247"}],"version-history":[{"count":1,"href":"https:\/\/cpsscba.org\/confluenciasvirtual\/index.php?rest_route=\/wp\/v2\/posts\/9247\/revisions"}],"predecessor-version":[{"id":9249,"href":"https:\/\/cpsscba.org\/confluenciasvirtual\/index.php?rest_route=\/wp\/v2\/posts\/9247\/revisions\/9249"}],"wp:featuredmedia":[{"embeddable":true,"href":"https:\/\/cpsscba.org\/confluenciasvirtual\/index.php?rest_route=\/wp\/v2\/media\/9250"}],"wp:attachment":[{"href":"https:\/\/cpsscba.org\/confluenciasvirtual\/index.php?rest_route=%2Fwp%2Fv2%2Fmedia&parent=9247"}],"wp:term":[{"taxonomy":"category","embeddable":true,"href":"https:\/\/cpsscba.org\/confluenciasvirtual\/index.php?rest_route=%2Fwp%2Fv2%2Fcategories&post=9247"},{"taxonomy":"post_tag","embeddable":true,"href":"https:\/\/cpsscba.org\/confluenciasvirtual\/index.php?rest_route=%2Fwp%2Fv2%2Ftags&post=9247"}],"curies":[{"name":"wp","href":"https:\/\/api.w.org\/{rel}","templated":true}]}}