{"id":9232,"date":"2023-03-02T13:14:42","date_gmt":"2023-03-02T13:14:42","guid":{"rendered":"http:\/\/cpsscba.org\/confluenciasvirtual\/?p=9232"},"modified":"2023-03-08T12:55:49","modified_gmt":"2023-03-08T12:55:49","slug":"formacion-basica-en-mediacion-10-cohorte","status":"publish","type":"post","link":"https:\/\/cpsscba.org\/confluenciasvirtual\/?p=9232","title":{"rendered":"FORMACI\u00d3N B\u00c1SICA EN MEDIACI\u00d3N &#8211; 10\u00b0 Cohorte"},"content":{"rendered":"\n<p><strong>La Oficina de Graduades y la Secretar\u00eda de Posgrado de la FCS y el Colegio de Profesionales en Servicio Social informan que se encuentra abierta la Inscripci\u00f3n para cursar el Trayecto de \u201cFormaci\u00f3n b\u00e1sica en Mediaci\u00f3n\u201d, Homologada por la Direcci\u00f3n de Mediaci\u00f3n dependiente del Ministerio de Justicia y Derechos Humanos de la provincia de C\u00f3rdoba (DiMed) que acredita la \u201cFormaci\u00f3n B\u00e1sica de Mediador\/a\u201d. M\u00f3dulo &nbsp;Entrenamiento y Pasant\u00edas<\/strong>.<\/p>\n\n\n\n<p>La Formaci\u00f3n B\u00e1sica en Mediaci\u00f3n se presenta como un proceso de formaci\u00f3n y capacitaci\u00f3n que aporta una gran cantidad de herramientas para el ejercicio profesional en diversos espacios de Inserci\u00f3n laboral (sobre todo para aquellas profesiones del \u00e1mbito de la Ciencias Sociales) apuntando a la gesti\u00f3n de conflictos en pos de la construcci\u00f3n de la paz social y de una sociedad empoderada, donde los protagonistas de diferentes conflictivas tienen la oportunidad de desarrollar y ejercitar su autodeterminaci\u00f3n y confianza en sus fortalezas para la resoluci\u00f3n de las mismas, acompa\u00f1ados por profesionales (Mediadores\/as) que conducen el proceso para que las posibles soluciones a las que se pueda arribar sean equitativas, consensuadas y respondan a las necesidades reales de las partes involucrada en el conflicto.<\/p>\n\n\n\n<p>Esta formaci\u00f3n, a su vez, constituye el primer paso a cumplimentar para obtenci\u00f3n de Matr\u00edcula Definitiva de Mediador\/a otorgada por la Direcci\u00f3n de Mediaci\u00f3n de la Provincia de C\u00f3rdoba, la cual posibilita la ampliaci\u00f3n del \u00e1mbito de inserci\u00f3n laboral a personas con diferentes profesiones de base.<\/p>\n\n\n\n<p>Esto es de suma importancia teniendo en cuenta el protagonismo actual que han adquirido los procesos de mediaci\u00f3n a partir de la promulgaci\u00f3n de la Ley 10543 que sent\u00f3 un quiebre en la forma de gestionar los conflictos en el \u00e1mbito de la Provincia de C\u00f3rdoba&nbsp; declarando \u201c\u2026de inter\u00e9s p\u00fablico provincial la utilizaci\u00f3n, promoci\u00f3n, difusi\u00f3n y desarrollo de la mediaci\u00f3n como m\u00e9todo no adversarial de resoluci\u00f3n de conflictos\u2026\u201d (Art\u00edculo 1\u00ba de la Ley de Mediaci\u00f3n N\u00b010543) e \u201c\u2026 instancia obligatoria previa al inicio de actuaciones judiciales\u2026\u201d (Art\u00edculo 2\u00ba de la Ley de Mediaci\u00f3n N\u00b010543)<\/p>\n\n\n\n<p>Certificada por la Facultad de Ciencias Sociales, Universidad Nacional de C\u00f3rdoba y el Colegio de Profesionales en Servicio Social de la Provincia de C\u00f3rdoba<\/p>\n\n\n\n<p>Homologada por la Direcci\u00f3n de Mediaci\u00f3n de la Provincia de C\u00f3rdoba, Ministerio de Justicia y DDHH- Res. 258\/2022<\/p>\n\n\n\n<p><strong>COORDINACI\u00d3N ACAD\u00c9MICA<\/strong><\/p>\n\n\n\n<p>Mediadora, Patricia Casas. Lic. En Trabajo Social<br>Mediadora, Mar\u00eda Constanza Debernardi. Lic. en Trabajo Social<\/p>\n\n\n\n<p><strong>DOCENTES DICTANTES<\/strong><\/p>\n\n\n\n<p>Mediadora,&nbsp; Lic.&nbsp; Patricia Casas.<br>Mediadora, Lic. Mar\u00eda Constanza Debernardi<br>Mediador, Ab. Manuel Campod\u00f3nico<br>Mediador, Ab. Sergio Cattaneo<\/p>\n\n\n\n<p>Carga horaria total: 80 horas distribuidas en 1 m\u00f3dulo de 20 horas y un m\u00f3dulo de 60 horas.<\/p>\n\n\n\n<p><strong>DESTINATARIOS\/AS<\/strong><\/p>\n\n\n\n<p>Profesionales que ya posean alg\u00fan t\u00edtulo de grado interesados\/as en formarse c\u00f3mo Mediadores para ejercer de forma profesional y\/o capacitarse para implementar herramientas y conocimientos de la Mediaci\u00f3n en general en diversos \u00e1mbitos laborales<\/p>\n\n\n\n<p>Estudiantes avanzados\/as de la UNC<\/p>\n\n\n\n<p><strong>MODALIDAD<\/strong><\/p>\n\n\n\n<p>MIXTA (50 % CLASES TE\u00d3RICAS\/PR\u00c1CTICAS SINCR\u00d3NICAS por plataforma Meet, 50% CLASES PRESENCIALES en Facultad de Ciencias Sociales UNC)<\/p>\n\n\n\n<p><strong>M\u00d3DULO ENTRENAMIENTO: Comienza\u00a0\u00a013\/03\/23\u00a0&#8211;\u00a017hs. a 21hs<\/strong>.<\/p>\n\n\n\n<p><strong>CONSULTAS\u00a0\u00a0formacionenmediacion.cpss@gmail.com<\/strong><\/p>\n\n\n\n<p><strong>Formulario de inscripci\u00f3n<\/strong>:<\/p>\n\n\n\n<p><a href=\"https:\/\/forms.gle\/1orCrKRGJJ1UQn9f7\">https:\/\/forms.gle\/1orCrKRGJJ1UQn9f7<\/a><\/p>\n","protected":false},"excerpt":{"rendered":"<p>La Oficina de Graduades y la Secretar\u00eda de Posgrado de la FCS y el Colegio de Profesionales en Servicio Social<\/p>\n","protected":false},"author":1,"featured_media":9241,"comment_status":"open","ping_status":"open","sticky":false,"template":"","format":"standard","meta":{"footnotes":""},"categories":[14,115],"tags":[],"_links":{"self":[{"href":"https:\/\/cpsscba.org\/confluenciasvirtual\/index.php?rest_route=\/wp\/v2\/posts\/9232"}],"collection":[{"href":"https:\/\/cpsscba.org\/confluenciasvirtual\/index.php?rest_route=\/wp\/v2\/posts"}],"about":[{"href":"https:\/\/cpsscba.org\/confluenciasvirtual\/index.php?rest_route=\/wp\/v2\/types\/post"}],"author":[{"embeddable":true,"href":"https:\/\/cpsscba.org\/confluenciasvirtual\/index.php?rest_route=\/wp\/v2\/users\/1"}],"replies":[{"embeddable":true,"href":"https:\/\/cpsscba.org\/confluenciasvirtual\/index.php?rest_route=%2Fwp%2Fv2%2Fcomments&post=9232"}],"version-history":[{"count":5,"href":"https:\/\/cpsscba.org\/confluenciasvirtual\/index.php?rest_route=\/wp\/v2\/posts\/9232\/revisions"}],"predecessor-version":[{"id":9251,"href":"https:\/\/cpsscba.org\/confluenciasvirtual\/index.php?rest_route=\/wp\/v2\/posts\/9232\/revisions\/9251"}],"wp:featuredmedia":[{"embeddable":true,"href":"https:\/\/cpsscba.org\/confluenciasvirtual\/index.php?rest_route=\/wp\/v2\/media\/9241"}],"wp:attachment":[{"href":"https:\/\/cpsscba.org\/confluenciasvirtual\/index.php?rest_route=%2Fwp%2Fv2%2Fmedia&parent=9232"}],"wp:term":[{"taxonomy":"category","embeddable":true,"href":"https:\/\/cpsscba.org\/confluenciasvirtual\/index.php?rest_route=%2Fwp%2Fv2%2Fcategories&post=9232"},{"taxonomy":"post_tag","embeddable":true,"href":"https:\/\/cpsscba.org\/confluenciasvirtual\/index.php?rest_route=%2Fwp%2Fv2%2Ftags&post=9232"}],"curies":[{"name":"wp","href":"https:\/\/api.w.org\/{rel}","templated":true}]}}