{"id":9161,"date":"2023-01-03T12:49:26","date_gmt":"2023-01-03T12:49:26","guid":{"rendered":"http:\/\/cpsscba.org\/confluenciasvirtual\/?p=9161"},"modified":"2023-06-28T15:53:53","modified_gmt":"2023-06-28T15:53:53","slug":"xxx-congreso-nacional-y-vi-encuentro-argentino-y-latinoamericano-trabajo-social","status":"publish","type":"post","link":"https:\/\/cpsscba.org\/confluenciasvirtual\/?p=9161","title":{"rendered":"XXX Congreso Nacional y VI Encuentro Argentino y Latinoamericano Trabajo Social"},"content":{"rendered":"\n<h3 class=\"wp-block-heading\"><strong> \u201cTrabajo Social:&nbsp;Resistencia y exigibilidad de derechos en la reconfiguraci\u00f3n de escenarios sociales\u201d<\/strong><br>&#8211; 9, 10 y 11 de noviembre de 2023 &#8211; C\u00f3rdoba.&nbsp;<\/h3>\n\n\n\n<p>Nos proponemos compartir un espacio de encuentro, reflexi\u00f3n y  discusi\u00f3n colectiva a partir de diversas modalidades de participaci\u00f3n  que nos permitan dar cuenta de procesos de resistencia y\/o exigibilidad  de derechos, desde la intervenci\u00f3n y mirada particular de nuestra  profesi\u00f3n, y as\u00ed enriquecer nuestro campo disciplinar desde la  intervenci\u00f3n, investigaci\u00f3n y formaci\u00f3n, tomando como base los  siguientes ejes tem\u00e1ticos:<\/p>\n\n\n\n<p>Eje 1: Contextos y escenarios de intervenci\u00f3n: desigualdades, pol\u00edticas sociales y derechos.<\/p>\n\n\n\n<p>Eje 2: Organizaci\u00f3n y acci\u00f3n colectiva, resistencia, subjetividades.<\/p>\n\n\n\n<p>Eje 3: Debates te\u00f3ricos\/epistemol\u00f3gicos\/\u00e9ticos y metodol\u00f3gicos en el  campo del Trabajo Social, formaci\u00f3n, intervenci\u00f3n y producci\u00f3n de  conocimiento.<\/p>\n\n\n\n<p><strong>Ver Primera Circular<\/strong><\/p>\n\n\n\n<div class=\"wp-block-file\"><a href=\"http:\/\/cpsscba.org\/confluenciasvirtual\/wp-content\/uploads\/2023\/03\/Primera-Circular-XXX-Congreso-Nacional-y-VI-Encuentro-latinoamericano-Trabajo-Social-2023-Nos.pdf\">Primera-Circular-XXX-Congreso-Nacional-y-VI-Encuentro-latinoamericano-Trabajo-Social-2023-Nos<\/a><a href=\"http:\/\/cpsscba.org\/confluenciasvirtual\/wp-content\/uploads\/2023\/03\/Primera-Circular-XXX-Congreso-Nacional-y-VI-Encuentro-latinoamericano-Trabajo-Social-2023-Nos.pdf\" class=\"wp-block-file__button\" download>Descarga<\/a><\/div>\n","protected":false},"excerpt":{"rendered":"<p>\u201cTrabajo Social:&nbsp;Resistencia y exigibilidad de derechos en la reconfiguraci\u00f3n de escenarios sociales\u201d&#8211; 9, 10 y 11 de noviembre de 2023<\/p>\n","protected":false},"author":1,"featured_media":9163,"comment_status":"open","ping_status":"open","sticky":false,"template":"","format":"standard","meta":{"footnotes":""},"categories":[14,168],"tags":[157],"_links":{"self":[{"href":"https:\/\/cpsscba.org\/confluenciasvirtual\/index.php?rest_route=\/wp\/v2\/posts\/9161"}],"collection":[{"href":"https:\/\/cpsscba.org\/confluenciasvirtual\/index.php?rest_route=\/wp\/v2\/posts"}],"about":[{"href":"https:\/\/cpsscba.org\/confluenciasvirtual\/index.php?rest_route=\/wp\/v2\/types\/post"}],"author":[{"embeddable":true,"href":"https:\/\/cpsscba.org\/confluenciasvirtual\/index.php?rest_route=\/wp\/v2\/users\/1"}],"replies":[{"embeddable":true,"href":"https:\/\/cpsscba.org\/confluenciasvirtual\/index.php?rest_route=%2Fwp%2Fv2%2Fcomments&post=9161"}],"version-history":[{"count":5,"href":"https:\/\/cpsscba.org\/confluenciasvirtual\/index.php?rest_route=\/wp\/v2\/posts\/9161\/revisions"}],"predecessor-version":[{"id":9254,"href":"https:\/\/cpsscba.org\/confluenciasvirtual\/index.php?rest_route=\/wp\/v2\/posts\/9161\/revisions\/9254"}],"wp:featuredmedia":[{"embeddable":true,"href":"https:\/\/cpsscba.org\/confluenciasvirtual\/index.php?rest_route=\/wp\/v2\/media\/9163"}],"wp:attachment":[{"href":"https:\/\/cpsscba.org\/confluenciasvirtual\/index.php?rest_route=%2Fwp%2Fv2%2Fmedia&parent=9161"}],"wp:term":[{"taxonomy":"category","embeddable":true,"href":"https:\/\/cpsscba.org\/confluenciasvirtual\/index.php?rest_route=%2Fwp%2Fv2%2Fcategories&post=9161"},{"taxonomy":"post_tag","embeddable":true,"href":"https:\/\/cpsscba.org\/confluenciasvirtual\/index.php?rest_route=%2Fwp%2Fv2%2Ftags&post=9161"}],"curies":[{"name":"wp","href":"https:\/\/api.w.org\/{rel}","templated":true}]}}