{"id":9057,"date":"2022-12-28T14:35:26","date_gmt":"2022-12-28T14:35:26","guid":{"rendered":"http:\/\/cpsscba.org\/confluenciasvirtual\/?p=9057"},"modified":"2022-12-30T14:03:19","modified_gmt":"2022-12-30T14:03:19","slug":"la-sub-sede-marcos-juarez-reafirma-su-compromiso","status":"publish","type":"post","link":"https:\/\/cpsscba.org\/confluenciasvirtual\/?p=9057","title":{"rendered":"La sub sede Marcos Juarez, reafirma su compromiso"},"content":{"rendered":"\n<p><strong>En el marco de la conmemoraci\u00f3n del d\u00eda de les Trabajadores Sociales, y de los Derechos Humanos, en la subsede de Marcos Ju\u00e1rez, se llev\u00f3 a cabo un encuentro entre colegas, con el fin de celebrar y a su vez para dar lugar de asunci\u00f3n de la nueva delegaci\u00f3n, y la conclusi\u00f3n de las compa\u00f1eras que ven\u00edan llevando esta labor.<\/strong><\/p>\n\n\n\n<figure class=\"wp-block-image\"><img loading=\"lazy\" decoding=\"async\" width=\"1024\" height=\"449\" src=\"http:\/\/cpsscba.org\/confluenciasvirtual\/wp-content\/uploads\/2022\/12\/WhatsApp-Image-2022-12-28-at-08.08.51-1-1024x449.jpeg\" alt=\"\" class=\"wp-image-9059\" srcset=\"https:\/\/cpsscba.org\/confluenciasvirtual\/wp-content\/uploads\/2022\/12\/WhatsApp-Image-2022-12-28-at-08.08.51-1-1024x449.jpeg 1024w, https:\/\/cpsscba.org\/confluenciasvirtual\/wp-content\/uploads\/2022\/12\/WhatsApp-Image-2022-12-28-at-08.08.51-1-300x132.jpeg 300w, https:\/\/cpsscba.org\/confluenciasvirtual\/wp-content\/uploads\/2022\/12\/WhatsApp-Image-2022-12-28-at-08.08.51-1-768x337.jpeg 768w, https:\/\/cpsscba.org\/confluenciasvirtual\/wp-content\/uploads\/2022\/12\/WhatsApp-Image-2022-12-28-at-08.08.51-1.jpeg 1600w\" sizes=\"(max-width: 1024px) 100vw, 1024px\" \/><\/figure>\n\n\n\n<p>En un primer momento, se realiz\u00f3 un recuento de las actividades que fueron llevadas a cabo a lo largo de este a\u00f1o por la comisi\u00f3n, y un breve recorrido de las propuestas y ejecuciones de estas en el periodo que estuvieron frente a esta organizaci\u00f3n. Demostrando su apoyo para quienes asumen y su predisposici\u00f3n a acompa\u00f1ar este nuevo desaf\u00edo.\u00a0<\/p>\n\n\n\n<div class=\"wp-block-image\"><figure class=\"alignright is-resized\"><img loading=\"lazy\" decoding=\"async\" src=\"http:\/\/cpsscba.org\/confluenciasvirtual\/wp-content\/uploads\/2022\/12\/WhatsApp-Image-2022-12-28-at-08.08.51-2-768x1024.jpeg\" alt=\"\" class=\"wp-image-9060\" width=\"247\" height=\"328\" srcset=\"https:\/\/cpsscba.org\/confluenciasvirtual\/wp-content\/uploads\/2022\/12\/WhatsApp-Image-2022-12-28-at-08.08.51-2-768x1024.jpeg 768w, https:\/\/cpsscba.org\/confluenciasvirtual\/wp-content\/uploads\/2022\/12\/WhatsApp-Image-2022-12-28-at-08.08.51-2-225x300.jpeg 225w, https:\/\/cpsscba.org\/confluenciasvirtual\/wp-content\/uploads\/2022\/12\/WhatsApp-Image-2022-12-28-at-08.08.51-2.jpeg 960w\" sizes=\"(max-width: 247px) 100vw, 247px\" \/><\/figure><\/div>\n\n\n\n<p>La nueva Comisi\u00f3n, se propone seguir manteniendo todos los espacios que han sido conquistados, asumiendo el compromiso que conlleva dicha misi\u00f3n. Tambi\u00e9n incorporar nuevas actividades, seguir apostando a un trabajo social con perspectiva pol\u00edtica en post a la emancipaci\u00f3n, con perspectiva feminista y transversal de los Derechos Humanos.\u00a0\u00a0<\/p>\n\n\n\n<p>Para concluir, un desaf\u00edo permeado de deseo para la nueva gesti\u00f3n refiere a que se pueda continuar y fortalecer el v\u00ednculo entre todos los espacios de este colegio, apostando al fortalecimiento de la red existente con las otras comisiones, para lograr un espacio m\u00e1s heterog\u00e9neo, con el fin de pensar, repensar y reflexionar acerca de nuestra profesi\u00f3n, con miras a lograr una amplia convocatoria para lograr una mayor participaci\u00f3n y asumir nuevos desaf\u00edos en relaci\u00f3n a la pr\u00e1ctica profesional.\u00a0<\/p>\n\n\n\n<p>La jornada concluy\u00f3 con la firma de actas, de las compa\u00f1eras que se retiraron, la nueva comisi\u00f3n y las compa\u00f1eras de la sede de Villa Mar\u00eda que nos acompa\u00f1aron en la velada. <\/p>\n\n\n\n<p style=\"text-align:right\"><em>Marcos Juarez; 14 de diciembre de 2022.<br><\/em><br><\/p>\n","protected":false},"excerpt":{"rendered":"<p>En el marco de la conmemoraci\u00f3n del d\u00eda de les Trabajadores Sociales, y de los Derechos Humanos, en la subsede<\/p>\n","protected":false},"author":1,"featured_media":9058,"comment_status":"open","ping_status":"open","sticky":false,"template":"","format":"standard","meta":{"footnotes":""},"categories":[14,23],"tags":[156],"_links":{"self":[{"href":"https:\/\/cpsscba.org\/confluenciasvirtual\/index.php?rest_route=\/wp\/v2\/posts\/9057"}],"collection":[{"href":"https:\/\/cpsscba.org\/confluenciasvirtual\/index.php?rest_route=\/wp\/v2\/posts"}],"about":[{"href":"https:\/\/cpsscba.org\/confluenciasvirtual\/index.php?rest_route=\/wp\/v2\/types\/post"}],"author":[{"embeddable":true,"href":"https:\/\/cpsscba.org\/confluenciasvirtual\/index.php?rest_route=\/wp\/v2\/users\/1"}],"replies":[{"embeddable":true,"href":"https:\/\/cpsscba.org\/confluenciasvirtual\/index.php?rest_route=%2Fwp%2Fv2%2Fcomments&post=9057"}],"version-history":[{"count":6,"href":"https:\/\/cpsscba.org\/confluenciasvirtual\/index.php?rest_route=\/wp\/v2\/posts\/9057\/revisions"}],"predecessor-version":[{"id":9066,"href":"https:\/\/cpsscba.org\/confluenciasvirtual\/index.php?rest_route=\/wp\/v2\/posts\/9057\/revisions\/9066"}],"wp:featuredmedia":[{"embeddable":true,"href":"https:\/\/cpsscba.org\/confluenciasvirtual\/index.php?rest_route=\/wp\/v2\/media\/9058"}],"wp:attachment":[{"href":"https:\/\/cpsscba.org\/confluenciasvirtual\/index.php?rest_route=%2Fwp%2Fv2%2Fmedia&parent=9057"}],"wp:term":[{"taxonomy":"category","embeddable":true,"href":"https:\/\/cpsscba.org\/confluenciasvirtual\/index.php?rest_route=%2Fwp%2Fv2%2Fcategories&post=9057"},{"taxonomy":"post_tag","embeddable":true,"href":"https:\/\/cpsscba.org\/confluenciasvirtual\/index.php?rest_route=%2Fwp%2Fv2%2Ftags&post=9057"}],"curies":[{"name":"wp","href":"https:\/\/api.w.org\/{rel}","templated":true}]}}