{"id":8968,"date":"2022-11-17T13:29:52","date_gmt":"2022-11-17T13:29:52","guid":{"rendered":"http:\/\/cpsscba.org\/confluenciasvirtual\/?p=8968"},"modified":"2024-02-22T23:57:20","modified_gmt":"2024-02-22T23:57:20","slug":"en-movimiento","status":"publish","type":"post","link":"https:\/\/cpsscba.org\/confluenciasvirtual\/?p=8968","title":{"rendered":"En movimiento"},"content":{"rendered":"\n<p>Al momento de constituci\u00f3n de la comisi\u00f3n se plantearon acciones vinculadas a actividades socio- recreativas, articulaci\u00f3n con la Facultad de Ciencias Sociales, entre otras.&nbsp; Posteriormente, al sumarse a la comisi\u00f3n nuevas jubiladas del colectivo profesional surgi\u00f3 la necesidad de participar en espacios relacionados a la defensa de nuestros derechos como jubiladxs.<\/p>\n\n\n\n<p>Al respecto, informamos:<\/p>\n\n\n\n<p>Atentos a distintas inquietudes expresadas por les colegiades en una encuesta que se realiz\u00f3 previamente. Hicimos un recorrido de aproximadamente 5 km en el Parque Sarmiento, terminando con ejercicios de yoga, relajaci\u00f3n y estiramiento.&nbsp;<\/p>\n\n\n\n<figure class=\"wp-block-image alignright\"><img loading=\"lazy\" decoding=\"async\" width=\"460\" height=\"707\" src=\"https:\/\/cpsscba.org\/confluenciasvirtual\/wp-content\/uploads\/2022\/11\/WhatsApp-Image-2022-11-18-at-10.31.41.jpeg\" alt=\"\" class=\"wp-image-8969\" srcset=\"https:\/\/cpsscba.org\/confluenciasvirtual\/wp-content\/uploads\/2022\/11\/WhatsApp-Image-2022-11-18-at-10.31.41.jpeg 460w, https:\/\/cpsscba.org\/confluenciasvirtual\/wp-content\/uploads\/2022\/11\/WhatsApp-Image-2022-11-18-at-10.31.41-195x300.jpeg 195w\" sizes=\"(max-width: 460px) 100vw, 460px\" \/><\/figure>\n\n\n\n<p>A solicitud de les colegiades afectadxs en sus haberes jubilatorios, por la ley 10694, de la provincia de C\u00f3rdoba, definimos:&nbsp;<\/p>\n\n\n\n<ol>\n<li>Reconocer espacios donde se trabaja y aborda colectivamente este tema.<\/li>\n\n\n\n<li>Reconocer espacios donde pueda llegar la informaci\u00f3n a m\u00e1s jubiladxs afectados por este tema, a fin de definir estrategias que permitan visibilizar e instalar pol\u00edticamente el tema.<\/li>\n<\/ol>\n\n\n\n<p>De esta manera, el d\u00eda <strong>03\/11\/22<\/strong> participamos del Foro Solidario C\u00f3rdoba, con la presencia de un representante de la Comisi\u00f3n de Salud. En dicha reuni\u00f3n se informa que en el foro confluyen diferentes comisiones, en especial la previsional y Salud. Se nos invita a formar parte de ambas comisiones.<\/p>\n\n\n\n<p>El d\u00eda <strong>07\/11\/22<\/strong> participamos en otra reuni\u00f3n del Foro con&nbsp; integrantes de comisi\u00f3n DDHH, con enfoque en adultos mayores, el Colegio de abogados e integrantes de docentes jubilades en acci\u00f3n.<\/p>\n\n\n\n<p>La comisi\u00f3n de DDHH, est\u00e1 trabajando sobre el cambio de paradigma en relaci\u00f3n a les adultxs mayores, poniendo el eje en la \u201cconstituci\u00f3n del otro como sujeto de derecho\u201d, proponiendo articular acciones para informar y capacitar en relaci\u00f3n al tema.&nbsp;<\/p>\n\n\n\n<p>Integrantes del Foro, expresaron la necesidad de acompa\u00f1ar acciones a fin de proponer la derogaci\u00f3n de la ley provincial de jubilaciones, recuperar el 82%, m\u00f3vil de los activos y normalizaci\u00f3n de la caja de jubilaciones de la provincia intervenida hace 27 a\u00f1os.&nbsp;<\/p>\n\n\n\n<p>Finalmente, circula la idea de armar un amparo colectivo, \u00e9ste se comenzar\u00e1 a trabajar en una pr\u00f3xima reuni\u00f3n a llevarse a cabo el 24 de noviembre con el foro y organizaciones diversas que representan a jubiladxs se distintos sectores y un \u201cacta compromiso\u201d de manera colectiva (colegios, centros de jubilados, etc.) a fin de que firmen les candidatos a gobernadores de la provincia de C\u00f3rdoba.<\/p>\n\n\n\n<p>El d\u00eda: <strong>8\/11\/22,<\/strong> se particip\u00f3 de una reuni\u00f3n en FEPUC (federaciones profesionales universitarios C\u00f3rdoba), nos presentamos como Comisi\u00f3n de Jubiladxs y sugerimos a modo de propuesta que los Colegios de profesionales se contacten con sus jubiladxs, a fin de sumarse a las acciones que desde los diferentes espacios se est\u00e1n llevando adelante, que visibilizan y proponen acciones sobre derechos vulnerados a lxs jubiladxs provinciales, en este caso desde lo previsional.&nbsp;<\/p>\n\n\n\n<p>El d\u00eda <strong>16\/11\/22<\/strong>, integrantes de la comisi\u00f3n, como ciudadanas, han estado presentes en la marcha convocada por el sector salud provincial, en defensa de la salud p\u00fablica, por salarios dignos, etc.<\/p>\n\n\n\n<figure class=\"wp-block-image\"><img loading=\"lazy\" decoding=\"async\" width=\"576\" height=\"1024\" src=\"https:\/\/cpsscba.org\/confluenciasvirtual\/wp-content\/uploads\/2022\/11\/WhatsApp-Image-2022-11-17-at-09.49.24-1-576x1024.jpeg\" alt=\"\" class=\"wp-image-8984\" srcset=\"https:\/\/cpsscba.org\/confluenciasvirtual\/wp-content\/uploads\/2022\/11\/WhatsApp-Image-2022-11-17-at-09.49.24-1.jpeg 576w, https:\/\/cpsscba.org\/confluenciasvirtual\/wp-content\/uploads\/2022\/11\/WhatsApp-Image-2022-11-17-at-09.49.24-1-169x300.jpeg 169w\" sizes=\"(max-width: 576px) 100vw, 576px\" \/><\/figure>\n\n\n\n<p><em>Integran la Comisi\u00f3n Jubiladxs del colegio: Margarita Acosta, Mercedes Campana, Eugenia Ferreira Centeno, Lucia Garc\u00eda Elorrio, Alejandra Morcillo, Laura Olmedo, Dolores Ver\u00f3n. <\/em><br><\/p>\n","protected":false},"excerpt":{"rendered":"<p>Al momento de constituci\u00f3n de la comisi\u00f3n se plantearon acciones vinculadas a actividades socio- recreativas, articulaci\u00f3n con la Facultad de<\/p>\n","protected":false},"author":1,"featured_media":8971,"comment_status":"open","ping_status":"open","sticky":false,"template":"","format":"standard","meta":{"footnotes":""},"categories":[151,14],"tags":[156],"_links":{"self":[{"href":"https:\/\/cpsscba.org\/confluenciasvirtual\/index.php?rest_route=\/wp\/v2\/posts\/8968"}],"collection":[{"href":"https:\/\/cpsscba.org\/confluenciasvirtual\/index.php?rest_route=\/wp\/v2\/posts"}],"about":[{"href":"https:\/\/cpsscba.org\/confluenciasvirtual\/index.php?rest_route=\/wp\/v2\/types\/post"}],"author":[{"embeddable":true,"href":"https:\/\/cpsscba.org\/confluenciasvirtual\/index.php?rest_route=\/wp\/v2\/users\/1"}],"replies":[{"embeddable":true,"href":"https:\/\/cpsscba.org\/confluenciasvirtual\/index.php?rest_route=%2Fwp%2Fv2%2Fcomments&post=8968"}],"version-history":[{"count":3,"href":"https:\/\/cpsscba.org\/confluenciasvirtual\/index.php?rest_route=\/wp\/v2\/posts\/8968\/revisions"}],"predecessor-version":[{"id":10140,"href":"https:\/\/cpsscba.org\/confluenciasvirtual\/index.php?rest_route=\/wp\/v2\/posts\/8968\/revisions\/10140"}],"wp:featuredmedia":[{"embeddable":true,"href":"https:\/\/cpsscba.org\/confluenciasvirtual\/index.php?rest_route=\/wp\/v2\/media\/8971"}],"wp:attachment":[{"href":"https:\/\/cpsscba.org\/confluenciasvirtual\/index.php?rest_route=%2Fwp%2Fv2%2Fmedia&parent=8968"}],"wp:term":[{"taxonomy":"category","embeddable":true,"href":"https:\/\/cpsscba.org\/confluenciasvirtual\/index.php?rest_route=%2Fwp%2Fv2%2Fcategories&post=8968"},{"taxonomy":"post_tag","embeddable":true,"href":"https:\/\/cpsscba.org\/confluenciasvirtual\/index.php?rest_route=%2Fwp%2Fv2%2Ftags&post=8968"}],"curies":[{"name":"wp","href":"https:\/\/api.w.org\/{rel}","templated":true}]}}