{"id":8908,"date":"2022-10-13T19:43:00","date_gmt":"2022-10-13T19:43:00","guid":{"rendered":"http:\/\/cpsscba.org\/confluenciasvirtual\/?p=8908"},"modified":"2022-11-04T12:45:50","modified_gmt":"2022-11-04T12:45:50","slug":"presentacion-del-libro-cordoba-y-el-derecho-a-la-ciudad-quien-tiene-el-poder","status":"publish","type":"post","link":"https:\/\/cpsscba.org\/confluenciasvirtual\/?p=8908","title":{"rendered":"Presentaci\u00f3n del libro: \u201cC\u00f3rdoba y el derecho a la ciudad \u00bfQui\u00e9n tiene el poder?\u201d"},"content":{"rendered":"\n<p><strong>El Dr. Dar\u00edo G\u00f3mez Pucheta, vicepresidente del CPSSPC presentar\u00e1 en la Feria del Libro Juan Filloy de la Ciudad de R\u00edo Cuarto su libro: \u201cC\u00f3rdoba y el Derecho a la Ciudad \u00bfQui\u00e9n tiene el poder?\u201d.<\/strong>&nbsp;&nbsp;<\/p>\n\n\n\n<p>El evento es organizado y auspiciado por la Delegaci\u00f3n R\u00edo Cuarto del Colegio de Profesionales en Servicio Social de la Provincia de C\u00f3rdoba, en el que el autor disertar\u00e1 sobre \u00abEl poder en la C\u00f3rdoba del Orden\u00bb analizando los dispositivos de gubernamentalidad en la provincia y sus procesos instituyentes.&nbsp;<\/p>\n\n\n\n<p>La actividad es gratuita.&nbsp;<\/p>\n\n\n\n<p>Modalidad presencial sin inscripci\u00f3n previa.<\/p>\n\n\n\n<p><strong>Jueves 13\/10\/2022 a las 18hs en Bv. Ameghino en 1241, Ciudad de R\u00edo Cuarto<\/strong>.<\/p>\n\n\n\n<figure class=\"wp-block-image\"><img loading=\"lazy\" decoding=\"async\" width=\"713\" height=\"1020\" src=\"http:\/\/cpsscba.org\/confluenciasvirtual\/wp-content\/uploads\/2022\/10\/Presenta-Libro-Rio-Cuarto.jpg\" alt=\"\" class=\"wp-image-8909\" srcset=\"https:\/\/cpsscba.org\/confluenciasvirtual\/wp-content\/uploads\/2022\/10\/Presenta-Libro-Rio-Cuarto.jpg 713w, https:\/\/cpsscba.org\/confluenciasvirtual\/wp-content\/uploads\/2022\/10\/Presenta-Libro-Rio-Cuarto-210x300.jpg 210w\" sizes=\"(max-width: 713px) 100vw, 713px\" \/><\/figure>\n","protected":false},"excerpt":{"rendered":"<p>El Dr. Dar\u00edo G\u00f3mez Pucheta, vicepresidente del CPSSPC presentar\u00e1 en la Feria del Libro Juan Filloy de la Ciudad de<\/p>\n","protected":false},"author":1,"featured_media":8912,"comment_status":"open","ping_status":"open","sticky":false,"template":"","format":"standard","meta":{"footnotes":""},"categories":[104,126,14,20],"tags":[],"_links":{"self":[{"href":"https:\/\/cpsscba.org\/confluenciasvirtual\/index.php?rest_route=\/wp\/v2\/posts\/8908"}],"collection":[{"href":"https:\/\/cpsscba.org\/confluenciasvirtual\/index.php?rest_route=\/wp\/v2\/posts"}],"about":[{"href":"https:\/\/cpsscba.org\/confluenciasvirtual\/index.php?rest_route=\/wp\/v2\/types\/post"}],"author":[{"embeddable":true,"href":"https:\/\/cpsscba.org\/confluenciasvirtual\/index.php?rest_route=\/wp\/v2\/users\/1"}],"replies":[{"embeddable":true,"href":"https:\/\/cpsscba.org\/confluenciasvirtual\/index.php?rest_route=%2Fwp%2Fv2%2Fcomments&post=8908"}],"version-history":[{"count":5,"href":"https:\/\/cpsscba.org\/confluenciasvirtual\/index.php?rest_route=\/wp\/v2\/posts\/8908\/revisions"}],"predecessor-version":[{"id":8937,"href":"https:\/\/cpsscba.org\/confluenciasvirtual\/index.php?rest_route=\/wp\/v2\/posts\/8908\/revisions\/8937"}],"wp:featuredmedia":[{"embeddable":true,"href":"https:\/\/cpsscba.org\/confluenciasvirtual\/index.php?rest_route=\/wp\/v2\/media\/8912"}],"wp:attachment":[{"href":"https:\/\/cpsscba.org\/confluenciasvirtual\/index.php?rest_route=%2Fwp%2Fv2%2Fmedia&parent=8908"}],"wp:term":[{"taxonomy":"category","embeddable":true,"href":"https:\/\/cpsscba.org\/confluenciasvirtual\/index.php?rest_route=%2Fwp%2Fv2%2Fcategories&post=8908"},{"taxonomy":"post_tag","embeddable":true,"href":"https:\/\/cpsscba.org\/confluenciasvirtual\/index.php?rest_route=%2Fwp%2Fv2%2Ftags&post=8908"}],"curies":[{"name":"wp","href":"https:\/\/api.w.org\/{rel}","templated":true}]}}