{"id":8532,"date":"2022-03-08T02:07:14","date_gmt":"2022-03-08T02:07:14","guid":{"rendered":"http:\/\/cpsscba.org\/confluenciasvirtual\/?p=8532"},"modified":"2022-03-08T02:34:57","modified_gmt":"2022-03-08T02:34:57","slug":"8m-que-tenemos-para-decir-les-trabajadorxs-sociales","status":"publish","type":"post","link":"https:\/\/cpsscba.org\/confluenciasvirtual\/?p=8532","title":{"rendered":"#8M  \u00bfQue tenemos para decir les trabajadorxs sociales?"},"content":{"rendered":"\n<p> <strong>Paro internacional de Mujeres, Tortas, Travas, Trans, Bisexuales y no Binaries<\/strong><\/p>\n\n\n\n<p><strong> Con el dolor que nos atraviesa la garganta y la rabia apretando los dientes, escribimos este documento en un pa\u00eds que cuenta un femicidio trans\/travesticidio cada 26 horas, y una provincia que lleva 7 mujeres asesinadas en dos meses.<\/strong><\/p>\n\n\n\n<p><strong>Desde nuestros feminismos, como trabajadoras sociales integrantes de la Comisi\u00f3n de G\u00e9neros y Diversidad Sexual del Colegio de Profesionales en Servicio Social de la provincia de C\u00f3rdoba, paramos y nos pronunciamos:<\/strong><\/p>\n\n\n\n<figure class=\"wp-block-image\"><img loading=\"lazy\" decoding=\"async\" width=\"1024\" height=\"726\" src=\"http:\/\/cpsscba.org\/confluenciasvirtual\/wp-content\/uploads\/2022\/03\/WhatsApp-Image-2022-03-07-at-22.25.57-1024x726.jpeg\" alt=\"\" class=\"wp-image-8533\" srcset=\"https:\/\/cpsscba.org\/confluenciasvirtual\/wp-content\/uploads\/2022\/03\/WhatsApp-Image-2022-03-07-at-22.25.57-1024x726.jpeg 1024w, https:\/\/cpsscba.org\/confluenciasvirtual\/wp-content\/uploads\/2022\/03\/WhatsApp-Image-2022-03-07-at-22.25.57-300x213.jpeg 300w, https:\/\/cpsscba.org\/confluenciasvirtual\/wp-content\/uploads\/2022\/03\/WhatsApp-Image-2022-03-07-at-22.25.57-768x545.jpeg 768w, https:\/\/cpsscba.org\/confluenciasvirtual\/wp-content\/uploads\/2022\/03\/WhatsApp-Image-2022-03-07-at-22.25.57.jpeg 1280w\" sizes=\"(max-width: 1024px) 100vw, 1024px\" \/><\/figure>\n\n\n\n<p>PARAMOS\nporque la brecha salarial sigue vigente, nuestras tareas de cuidado\nno son reconocidas como trabajo y as\u00ed, este sistema patriarcal sigue\naliment\u00e1ndose de la precarizaci\u00f3n y explotaci\u00f3n hacia y en\nnuestros cuerpos. Sabemos que la feminizaci\u00f3n de nuestra profesi\u00f3n\nguarda una estrecha relaci\u00f3n con las condiciones de precariedad que\ncomo colectivo profesional atravesamos, y que la pandemia agrav\u00f3.<\/p>\n\n\n\n<p>PARAMOS\nporque prevenir y abordar las violencias machistas exige PRESUPUESTO\ny condiciones laborales dignas para les profesionales que\nintervienen. M\u00e1s all\u00e1 de los avances legislativos, en la provincia\nde C\u00f3rdoba el presupuesto en las pol\u00edticas de g\u00e9nero ha sido\nreducido. Esto no nos llama la atenci\u00f3n, y responde a una l\u00f3gica\npol\u00edtica de crear y ejecutar diversos programas y dispositivos con\nescaso personal y en algunas ocasiones, con personal no\nprofesionalizado y nulo presupuesto. Esto profundiza a\u00fan m\u00e1s las\ncondiciones de precariedad de les trabajadorxs sociales que\nintervienen en municipios y comunas de nuestra provincia.<\/p>\n\n\n\n<p>PARAMOS\npor la efectiva aplicaci\u00f3n y monitoreo de la Educaci\u00f3n Sexual\nIntegral. La ESI ha pasado a ser un proyecto m\u00e1s, enunciado y\nformulado para cumplir con requerimientos ministeriales, pero que a\u00fan\nno incide con la fuerza necesaria en las transformaciones que se\nbuscan. Esto tiene relaci\u00f3n con la escasa implementaci\u00f3n de la\nEducaci\u00f3n Sexual Integral en los servicios educativos de nuestra\nprovincia.<\/p>\n\n\n\n<p>PARAMOS\nporque como colectivo de profesionales, desde distintos espacios\nacompa\u00f1amos la interrupci\u00f3n legal del embarazo que, gracias a la\nlucha de los movimientos feministas, hoy es un derecho conquistado.\nSin embargo, a\u00fan existen obst\u00e1culos para un real acceso de todos\nlos cuerpos gestantes.<\/p>\n\n\n\n<p>PARAMOS\nporque es urgente un abordaje real y territorial de masculinidades.\nEl reciente episodio de abuso sexual grupal en la v\u00eda publica, deja\nen evidencia la vacancia de este abordaje en el dise\u00f1o de las\npoliticas de g\u00e9nero. No alcanza con dispositivos que convoquen a\nquienes han ejercido violencia, trat\u00e1ndose en su mayor\u00eda de\nsituaciones judicializadas. Desmontar los mandatos de la\ncis-hetero-masculinidad, conlleva abordajes de prevenci\u00f3n y\npromoci\u00f3n, articulados y territoriales. \n<\/p>\n\n\n\n<p>Finalmente,\ncomo colectivo profesional, teniendo como principios rectores los\nderechos humanos y la justicia social, como lo establece nuestra Ley\nfederal (Ley 27072, art. 4) la continuidad de las violencias por\nmotivos de g\u00e9nero requiere que redoblemos nuestro compromiso en la\nconstrucci\u00f3n de proyectos ? profesionales cr\u00edticos y feministas.<\/p>\n\n\n\n<p><strong>Vivas,\nlibres y desendeudadas nos queremos.<\/strong><\/p>\n\n\n\n<p><strong>Paramos\ny marchamos.<\/strong><\/p>\n\n\n\n<p style=\"text-align:center\"><strong>Comisi\u00f3n\nde G\u00e9neros y Diversidad Sexual<\/strong><\/p>\n\n\n\n<h4 class=\"wp-block-heading\">Colegio de Profesionales en Servicio Social de la Provincia de C\u00f3rdoba<\/h4>\n\n\n\n<p style=\"text-align:center\"><strong><em>\u00a1La deuda es con nosotras! | <\/em><\/strong><\/p>\n\n\n\n<p style=\"text-align:center\"><strong><em>Concentraci\u00f3n: martes 8\/3 \u2013 17 hs \u2013 Col\u00f3n y Fragueiro<\/em><\/strong><\/p>\n","protected":false},"excerpt":{"rendered":"<p>Paro internacional de Mujeres, Tortas, Travas, Trans, Bisexuales y no Binaries Con el dolor que nos atraviesa la garganta y<\/p>\n","protected":false},"author":1,"featured_media":8533,"comment_status":"open","ping_status":"open","sticky":false,"template":"","format":"standard","meta":{"footnotes":""},"categories":[117,14],"tags":[],"_links":{"self":[{"href":"https:\/\/cpsscba.org\/confluenciasvirtual\/index.php?rest_route=\/wp\/v2\/posts\/8532"}],"collection":[{"href":"https:\/\/cpsscba.org\/confluenciasvirtual\/index.php?rest_route=\/wp\/v2\/posts"}],"about":[{"href":"https:\/\/cpsscba.org\/confluenciasvirtual\/index.php?rest_route=\/wp\/v2\/types\/post"}],"author":[{"embeddable":true,"href":"https:\/\/cpsscba.org\/confluenciasvirtual\/index.php?rest_route=\/wp\/v2\/users\/1"}],"replies":[{"embeddable":true,"href":"https:\/\/cpsscba.org\/confluenciasvirtual\/index.php?rest_route=%2Fwp%2Fv2%2Fcomments&post=8532"}],"version-history":[{"count":7,"href":"https:\/\/cpsscba.org\/confluenciasvirtual\/index.php?rest_route=\/wp\/v2\/posts\/8532\/revisions"}],"predecessor-version":[{"id":8540,"href":"https:\/\/cpsscba.org\/confluenciasvirtual\/index.php?rest_route=\/wp\/v2\/posts\/8532\/revisions\/8540"}],"wp:featuredmedia":[{"embeddable":true,"href":"https:\/\/cpsscba.org\/confluenciasvirtual\/index.php?rest_route=\/wp\/v2\/media\/8533"}],"wp:attachment":[{"href":"https:\/\/cpsscba.org\/confluenciasvirtual\/index.php?rest_route=%2Fwp%2Fv2%2Fmedia&parent=8532"}],"wp:term":[{"taxonomy":"category","embeddable":true,"href":"https:\/\/cpsscba.org\/confluenciasvirtual\/index.php?rest_route=%2Fwp%2Fv2%2Fcategories&post=8532"},{"taxonomy":"post_tag","embeddable":true,"href":"https:\/\/cpsscba.org\/confluenciasvirtual\/index.php?rest_route=%2Fwp%2Fv2%2Ftags&post=8532"}],"curies":[{"name":"wp","href":"https:\/\/api.w.org\/{rel}","templated":true}]}}