{"id":8476,"date":"2022-03-04T12:14:56","date_gmt":"2022-03-04T12:14:56","guid":{"rendered":"http:\/\/cpsscba.org\/confluenciasvirtual\/?p=8476"},"modified":"2022-03-16T23:43:41","modified_gmt":"2022-03-16T23:43:41","slug":"acta-no-04-2021-oficializacion-de-padrones-definitivos","status":"publish","type":"post","link":"https:\/\/cpsscba.org\/confluenciasvirtual\/?p=8476","title":{"rendered":"ACTA N\u00ba 04\/2022 OFICIALIZACION DE PADRONES DEFINITIVOS"},"content":{"rendered":"\n<p>En la ciudad de C\u00f3rdoba, a los veinti\u00fan d\u00edas del mes de Febrero de 2022 siendo las 18:00&nbsp; horas, se constituye la Junta Electoral designada por Asamblea Ordinaria de colegiados del&nbsp; Colegio de Profesionales en Servicio Social de la Provincia de C\u00f3rdoba de fecha 11\/03\/2020&nbsp; y ratificada por Resoluci\u00f3n del Consejo Directivo de fecha 03\/11\/2021 y conforme al&nbsp; cronograma electoral seg\u00fan normativas vigentes, se trata el siguiente tema:&nbsp; <strong><a href=\"https:\/\/drive.google.com\/drive\/folders\/1LwZXFa5ArPLoMoionESnlgTdPu-d7tFs?usp=sharing\" target=\"_blank\" rel=\"noreferrer noopener\" aria-label=\" (abre en una nueva pesta\u00f1a)\">OFICIALIZACION DE PADRONES DEFINITIVOS<\/a><\/strong> para los comicios del Consejo&nbsp; Directivo, Revisores de cuentas, Tribunal de Disciplina y Delegaciones del interior de la&nbsp; provincia de C\u00f3rdoba y conforme a derecho se <strong>RESUELVE<\/strong>: <\/p>\n\n\n\n<p>1. Que los d\u00edas 16, 17 y 18 de&nbsp; Febrero de 2022 se publicaron los padrones provisorios, donde luego de reclamos recibidos&nbsp; por Secretaria del Colegio de Profesionales, seg\u00fan consta en registros de esta junta electoral,&nbsp; se resuelve conforme al encuadre legal que corresponde, por lo que habi\u00e9ndose vencido los&nbsp; plazos para impugnaciones, tachas y agregados, se procede a <strong>OFICIALIZAR LOS&nbsp; PADRONES DEFINITIVOS <\/strong>que a continuaci\u00f3n se detallan:&nbsp;<\/p>\n\n\n\n<p><strong>INGRESA AQU\u00cd: <a rel=\"noreferrer noopener\" href=\"https:\/\/drive.google.com\/drive\/folders\/1LwZXFa5ArPLoMoionESnlgTdPu-d7tFs?usp=sharing\" target=\"_blank\">OFICIALIZACION DE PADRONES DEFINITIVOS<\/a><\/strong><\/p>\n\n\n\n<p><strong>PADR\u00d3N SEDE C\u00d3RDOBA CAPITAL<\/strong>: Desde ABRIL VICTORIA, DNI 38.109.841, MP&nbsp; 3907 Hasta ZULIANI CINTIA NAZARENA, DNI 26.614.575, MP 1958, siendo un total de&nbsp; inscriptos en dicho padr\u00f3n de 914 (NOVECIENTOS CATORCE) matriculados. <\/p>\n\n\n\n<p><strong>PADR\u00d3N SEDE RIO CUARTO<\/strong>: Desde ACTIS, VANESA MARIA, DNI 32.471.040, MP&nbsp; 2779, Hasta WHET, SANDRA ISABEL, DNI 20.194.859, MP 1440, siendo un total de 117 (CIENTODIECISIETE) inscriptos en dicho padr\u00f3n de matriculados.&nbsp;PADR\u00d3N SEDE VILLA MAR\u00cdA<strong>: <\/strong>Desde ACASTELLO PATRICIA MABEL, DNI 28.486.344, MP 2238 Hasta ZEHEIRI MARIANA ROSA, DNI 31.379.569, MP 2604 siendo&nbsp; un total de inscriptos en dicho padr\u00f3n de 175 (CIENTOSETENTA Y CINCO) matriculados. <\/p>\n\n\n\n<p><strong>PADR\u00d3N SEDE SAN FRANCISCO<\/strong>: Desde AIMAR, MARISA ANDREA, DNI&nbsp; 29.833.252, MP 2115 Hasta ZARATE MABEL CRISTINA, DNI 20.188.223, MP 783 siendo&nbsp; un total de inscriptos en dicho padr\u00f3n de 63 (SESETA Y TRES) matriculados. <\/p>\n\n\n\n<p><strong>PADR\u00d3N SEDE BELL VILLE<\/strong>: Desde ALBIN MARIA LAURA, DNI 26.816.317 MP&nbsp; 1661, Hasta SUAREZ LILIANA GRACIELA, DNI 27.45.540, MP 1983 siendo un total de&nbsp; inscriptos en dicho padr\u00f3n de 16 (DIESISEIS) matriculados.<\/p>\n\n\n\n<p><strong>PADR\u00d3N SEDE CALAMUCHITA<\/strong>: Desde ABATEDAGA, LORENA SOLEDAD, DNI&nbsp; 24.519.167, MP 1769 Hasta TORRES SILVANA MARIA ZULEMA, DNI 29.943.463, MP&nbsp; 4128, siendo un total de inscriptos en dicho padr\u00f3n de 21 (VEINTIUNO) matriculados. <\/p>\n\n\n\n<p><strong>PADR\u00d3N SEDE MARCOS JUAREZ<\/strong>: Desde AUGUSTO, CARINA VERONICA, DNI&nbsp; 22.077.823, MP 1997 Hasta YORDAN ESTEFANIA SOLEDAD, DNI 31.416.828, MP3023,&nbsp; siendo un total de inscriptos en dicho padr\u00f3n de 17 (DIECISIETE) matriculados. <\/p>\n\n\n\n<p><strong>PADR\u00d3N SEDE ZONA NORTE A<\/strong>: Desde CA\u00d1ETE NANCY FABIANA, DNI&nbsp; 26.252.901. MP 1699, Hasta VILLALBA, BETIANA LEONOR, DNI 29.463.640, MP 37.68 siendo un total de inscriptos en dicho padr\u00f3n de 8 (OCHO) matriculados. <\/p>\n\n\n\n<p><strong>PADR\u00d3N SEDE ZONA NORTE B<\/strong>: Desde ACEVEDO MARIANA PATRICIA, DNI&nbsp; 13.929.209, MP43 Hasta TOYA MARIA FERNANDA, DNI 26.868.126, MP 1732, siendo&nbsp; un total de inscriptos en dicho padr\u00f3n de 30 (TREINTA) matriculados.&nbsp;<\/p>\n\n\n\n<p><strong>PADR\u00d3N SEDE PUNILLA <\/strong>Desde ALMADA, LAURA FABIANA, DNI 17.989.144, MP&nbsp; 666 Hasta VILLAR MELINA, DNI 25.559.990, MP 3718 siendo un total de inscriptos en&nbsp; dicho padr\u00f3n de 65 (SESENTA Y CINCO) matriculados.&nbsp;<\/p>\n\n\n\n<p><strong>PADR\u00d3N SEDE RIO TERCERO<\/strong>: Desde BERNARDIS DE GIRAUDO PATRICIA, DNI&nbsp; 16.652.350, MP517, Hasta SERRANI MARIA NOEL, DNI 26.723.170, MP1654 siendo un&nbsp; total de inscriptos en dicho padr\u00f3n de 11 (ONCE) matriculados.&nbsp;<\/p>\n\n\n\n<p><strong>PADR\u00d3N SEDE SANTA MAR\u00cdA:<\/strong> Desde ALLENDE CARINA MERCEDES, DNI&nbsp; 27.296.200, MP 2327 Hasta VRECH FABIOLA ELIANA, DNI 29.002.198, MP 2084 siendo&nbsp; un total de inscriptos en dicho padr\u00f3n de 31 (TREINTA UNO) matriculados. <\/p>\n\n\n\n<p><strong>PADRON SEDE TRASLASIERRA<\/strong>: Desde CANCIANI ANALIA BEATRIZ, DNI&nbsp; 26.845.964, MP 3158, Hasta VIDELA, NADIA BELEN, DNI 37.448.223, MP 3931, siendo&nbsp; un total de inscriptos en dicho padr\u00f3n de 10 (DIEZ) matriculados.&nbsp;<\/p>\n\n\n\n<p><strong>TOTAL DE EMPADRONADOS EN TODA LA PROVINCIA DE C\u00d3RDOBA, en&nbsp; condiciones de votar<\/strong>: 1478 (mil cuatrocientos setenta y ocho) MATRICULADOS&nbsp; HABILITADOS PARA EJERCER SU VOTO.&nbsp;<\/p>\n\n\n\n<p>No habiendo otro tema que tratar se levanta la sesi\u00f3n de la Junta Electoral a las 20:00 horas&nbsp; del d\u00eda de la fecha, firmando un solo ejemplar, quedando reservado en el libro de Actas&nbsp; respectivo, realiz\u00e1ndose la publicaci\u00f3n por los medios comunicacionales correspondientes del \u00c1rea de Prensa y Difusi\u00f3n del Colegio de Profesionales en Servicio Social de la Provincia de&nbsp; C\u00f3rdoba.<\/p>\n\n\n\n<p><\/p>\n\n\n\n<p><strong>INGRESA AQU\u00cd:<\/strong> <strong><a rel=\"noreferrer noopener\" href=\"https:\/\/drive.google.com\/drive\/folders\/1LwZXFa5ArPLoMoionESnlgTdPu-d7tFs?usp=sharing\" target=\"_blank\">OFICIALIZACION DE PADRONES DEFINITIVOS<\/a><\/strong><\/p>\n","protected":false},"excerpt":{"rendered":"<p>En la ciudad de C\u00f3rdoba, a los veinti\u00fan d\u00edas del mes de Febrero de 2022 siendo las 18:00&nbsp; horas, se<\/p>\n","protected":false},"author":1,"featured_media":8478,"comment_status":"open","ping_status":"open","sticky":false,"template":"","format":"standard","meta":{"footnotes":""},"categories":[149,15],"tags":[],"_links":{"self":[{"href":"https:\/\/cpsscba.org\/confluenciasvirtual\/index.php?rest_route=\/wp\/v2\/posts\/8476"}],"collection":[{"href":"https:\/\/cpsscba.org\/confluenciasvirtual\/index.php?rest_route=\/wp\/v2\/posts"}],"about":[{"href":"https:\/\/cpsscba.org\/confluenciasvirtual\/index.php?rest_route=\/wp\/v2\/types\/post"}],"author":[{"embeddable":true,"href":"https:\/\/cpsscba.org\/confluenciasvirtual\/index.php?rest_route=\/wp\/v2\/users\/1"}],"replies":[{"embeddable":true,"href":"https:\/\/cpsscba.org\/confluenciasvirtual\/index.php?rest_route=%2Fwp%2Fv2%2Fcomments&post=8476"}],"version-history":[{"count":5,"href":"https:\/\/cpsscba.org\/confluenciasvirtual\/index.php?rest_route=\/wp\/v2\/posts\/8476\/revisions"}],"predecessor-version":[{"id":8527,"href":"https:\/\/cpsscba.org\/confluenciasvirtual\/index.php?rest_route=\/wp\/v2\/posts\/8476\/revisions\/8527"}],"wp:featuredmedia":[{"embeddable":true,"href":"https:\/\/cpsscba.org\/confluenciasvirtual\/index.php?rest_route=\/wp\/v2\/media\/8478"}],"wp:attachment":[{"href":"https:\/\/cpsscba.org\/confluenciasvirtual\/index.php?rest_route=%2Fwp%2Fv2%2Fmedia&parent=8476"}],"wp:term":[{"taxonomy":"category","embeddable":true,"href":"https:\/\/cpsscba.org\/confluenciasvirtual\/index.php?rest_route=%2Fwp%2Fv2%2Fcategories&post=8476"},{"taxonomy":"post_tag","embeddable":true,"href":"https:\/\/cpsscba.org\/confluenciasvirtual\/index.php?rest_route=%2Fwp%2Fv2%2Ftags&post=8476"}],"curies":[{"name":"wp","href":"https:\/\/api.w.org\/{rel}","templated":true}]}}