{"id":8418,"date":"2021-12-20T02:40:06","date_gmt":"2021-12-20T02:40:06","guid":{"rendered":"http:\/\/cpsscba.org\/confluenciasvirtual\/?p=8418"},"modified":"2021-12-30T21:05:50","modified_gmt":"2021-12-30T21:05:50","slug":"predio-recreativo-convenio-con-agepj-2022","status":"publish","type":"post","link":"https:\/\/cpsscba.org\/confluenciasvirtual\/?p=8418","title":{"rendered":"Predio Recreativo \/ Convenio con AGEPJ \u2013 2022"},"content":{"rendered":"\n<p> El COLEGIO DE PROFESIONALES EN SERVICIO SOCIAL DE LA PROVINCIA DE  C\u00d3RDOBA- CPSSPC \u2013 comunica a lxs colegiadxs que est\u00e1 vigente el Convenio  con la ASOCIACI\u00d3N GREMIAL DE EMPLEADOS DEL PODER JUDICIAL DE LA  PROVINCIA DE C\u00d3RDOBA \u2013 AGEPJ-  por el cual  a partir del mes de enero,  y  en el marco de las acciones de colaboraci\u00f3n que se vienen desarrollando  entre ambas organizaciones,  lxs matriculadxs  (al d\u00eda) podr\u00e1n hacer uso del Predio Recreativo durante la temporada estival a\u00f1o 2022.<\/p>\n\n\n\n<p>El predio ubicado en calle Ricardo Rojas 9250 del Barrio Villa Rivera  Indarte cuenta con pileta, y  sector recreativo para pasar el d\u00eda.<\/p>\n\n\n\n<figure class=\"wp-block-image\"><img loading=\"lazy\" decoding=\"async\" width=\"940\" height=\"788\" src=\"http:\/\/cpsscba.org\/confluenciasvirtual\/wp-content\/uploads\/2021\/12\/Receso-Estival4.png\" alt=\"\" class=\"wp-image-8448\" srcset=\"https:\/\/cpsscba.org\/confluenciasvirtual\/wp-content\/uploads\/2021\/12\/Receso-Estival4.png 940w, https:\/\/cpsscba.org\/confluenciasvirtual\/wp-content\/uploads\/2021\/12\/Receso-Estival4-300x251.png 300w, https:\/\/cpsscba.org\/confluenciasvirtual\/wp-content\/uploads\/2021\/12\/Receso-Estival4-768x644.png 768w\" sizes=\"(max-width: 940px) 100vw, 940px\" \/><\/figure>\n\n\n\n<p>Para acreditar el v\u00ednculo social con la entidad, se deber\u00e1 presentar el carnet de matriculadx correspondiente.-<\/p>\n\n\n\n<p><strong>Costo del ingreso $200.-<\/strong><\/p>\n\n\n\n<p>     \u2022 Consultas al T.E.: 428-2389 <br><a href=\"https:\/\/web.facebook.com\/Gremio-Judiciales-Cordoba-860530987343626?_rdc=1&amp;_rdr\">     \u2022 Facebook: Gremio Judiciales<\/a><\/p>\n\n\n\n<p><strong>Protocolo de Funcionamiento Centro Recreativo temporada 2021\/22<br> Seg\u00fan disposiciones del Ministerio de Salud, para natatorios y piscinas de la provincia de C\u00f3rdoba<\/strong><\/p>\n\n\n\n<p><strong>Horarios del Predio<\/strong>: Mi\u00e9rcoles a Domingo de&nbsp; 09:00 a 20:00hs.<br><strong>Horarios de pileta <\/strong>de mi\u00e9rcoles a viernes de 14 HS A 20HS \u2013&nbsp; S\u00e1bado y Domingo de 12 hs. a 20 hs.<\/p>\n\n\n\n<p>LOS D\u00cdAS LUNES y MARTES EL PREDIO PERMANECER\u00c1 CERRADO.<\/p>\n\n\n\n<p>Capacidad m\u00e1xima habilitada del Centro Recreativo 400 personas.<\/p>\n\n\n\n<p>Capacidad m\u00e1xima habilitada sector piletas 100 personas, el  ingreso, egreso y rotaci\u00f3n de los afiliados quedar\u00e1 a cargo de los Guardavidas.<\/p>\n\n\n\n<p>Los afiliados deben llegar al predio vistiendo anticipadamente su  traje de ba\u00f1o y retirarse con el mismo \u2013 no estar\u00e1n habilitados los vestuarios.<\/p>\n\n\n\n<p><strong>INGRESO AL PREDIO:<\/strong><\/p>\n\n\n\n<p>Se controlar\u00e1 la temperatura de todas las personas que ingresen. Se  deber\u00e1 confeccionar una planilla donde conste el nombre y apellido del  afiliado, DNI, n\u00famero de tel\u00e9fono de contacto, domicilio y temperatura.<\/p>\n\n\n\n<p><strong>INGRESO Y PERMANENCIA EL SECTOR PILETA:<\/strong><\/p>\n\n\n\n<ul><li>Se debe pedir turno con anterioridad (adem\u00e1s del turno de ingreso al predio), la permanencia m\u00e1xima ser\u00e1 de 60 min.<\/li><li>La circulaci\u00f3n dentro del sector pileta debe realizarse con calzado y \u00fanicamente quitarse al ingreso al agua.<\/li><li>Se debe mantener un distanciamiento de 2 mts entre personas de diferente grupo familiar dentro de la pileta.<\/li><li>Menores de 6 a\u00f1os deber\u00e1n ingresar acompa\u00f1ados de un adulto responsable para evitar la circulaci\u00f3n entre sectores.<\/li><li>La circulaci\u00f3n por el predio ser\u00e1 restringida manteniendo la distancia  social de 2m y utilizando el barbijo y\/o tapabocas (que cubra nariz y  boca).<\/li><li>Si Ud. o alg\u00fan integrante de su grupo familiar presenta s\u00edntomas no asista al predio.<\/li><li>Debe seguir todos los protocolos de seguridad de higiene indicados por nuestro personal en el ingreso.<\/li><li>Siempre mantener el DISTANCIAMIENTO SOCIAL.<\/li><\/ul>\n\n\n\n<p>#NosCuidamosEntreTodos #ResponsabilidadSocial<\/p>\n","protected":false},"excerpt":{"rendered":"<p>El COLEGIO DE PROFESIONALES EN SERVICIO SOCIAL DE LA PROVINCIA DE C\u00d3RDOBA- CPSSPC \u2013 comunica a lxs colegiadxs que est\u00e1<\/p>\n","protected":false},"author":1,"featured_media":8420,"comment_status":"open","ping_status":"open","sticky":false,"template":"","format":"standard","meta":{"footnotes":""},"categories":[13,14],"tags":[],"_links":{"self":[{"href":"https:\/\/cpsscba.org\/confluenciasvirtual\/index.php?rest_route=\/wp\/v2\/posts\/8418"}],"collection":[{"href":"https:\/\/cpsscba.org\/confluenciasvirtual\/index.php?rest_route=\/wp\/v2\/posts"}],"about":[{"href":"https:\/\/cpsscba.org\/confluenciasvirtual\/index.php?rest_route=\/wp\/v2\/types\/post"}],"author":[{"embeddable":true,"href":"https:\/\/cpsscba.org\/confluenciasvirtual\/index.php?rest_route=\/wp\/v2\/users\/1"}],"replies":[{"embeddable":true,"href":"https:\/\/cpsscba.org\/confluenciasvirtual\/index.php?rest_route=%2Fwp%2Fv2%2Fcomments&post=8418"}],"version-history":[{"count":8,"href":"https:\/\/cpsscba.org\/confluenciasvirtual\/index.php?rest_route=\/wp\/v2\/posts\/8418\/revisions"}],"predecessor-version":[{"id":8449,"href":"https:\/\/cpsscba.org\/confluenciasvirtual\/index.php?rest_route=\/wp\/v2\/posts\/8418\/revisions\/8449"}],"wp:featuredmedia":[{"embeddable":true,"href":"https:\/\/cpsscba.org\/confluenciasvirtual\/index.php?rest_route=\/wp\/v2\/media\/8420"}],"wp:attachment":[{"href":"https:\/\/cpsscba.org\/confluenciasvirtual\/index.php?rest_route=%2Fwp%2Fv2%2Fmedia&parent=8418"}],"wp:term":[{"taxonomy":"category","embeddable":true,"href":"https:\/\/cpsscba.org\/confluenciasvirtual\/index.php?rest_route=%2Fwp%2Fv2%2Fcategories&post=8418"},{"taxonomy":"post_tag","embeddable":true,"href":"https:\/\/cpsscba.org\/confluenciasvirtual\/index.php?rest_route=%2Fwp%2Fv2%2Ftags&post=8418"}],"curies":[{"name":"wp","href":"https:\/\/api.w.org\/{rel}","templated":true}]}}