{"id":8383,"date":"2021-12-10T21:59:30","date_gmt":"2021-12-10T21:59:30","guid":{"rendered":"http:\/\/cpsscba.org\/confluenciasvirtual\/?p=8383"},"modified":"2021-12-16T12:33:55","modified_gmt":"2021-12-16T12:33:55","slug":"10-de-diciembre-2021","status":"publish","type":"post","link":"https:\/\/cpsscba.org\/confluenciasvirtual\/?p=8383","title":{"rendered":"Acto de reconocimiento a las pioneras"},"content":{"rendered":"\n<p>\nBienvenides!\nMuchas gracias por estar hoy compartiendo con nosotres este nuevo d\u00eda\nde les trabajadores sociales.<\/p>\n\n\n\n<p> Hoy, 10 de diciembre, celebramos nuestro d\u00eda y por absoluta convicci\u00f3n y compromiso lo hacemos coincidentemente con el d\u00eda internacional de los DDHH; quiz\u00e1s sea trillado y harto conocido para quienes hoy estamos ac\u00e1. Pero considero importante resaltar a\u00f1o a a\u00f1o esta decisi\u00f3n colectiva para no naturalizar ni minimizar ese hito de nuestra profesi\u00f3n, que fue tomar la decisi\u00f3n y ejecutarla, de corrernos del d\u00eda de celebraci\u00f3n de una determinada religi\u00f3n, para profundizar nuestra identidad en un aspecto tan crucial como es elegir qu\u00e9 d\u00eda queremos ser conmemorades.<\/p>\n\n\n\n<p>En\nnuestro hermoso y castigado pa\u00eds, el 10 de diciembre tiene un\nsignificado particular, acu\u00f1ando el hacer y mantener la memoria como\nhecho pol\u00edtico y desde nuestro lugar institucional, traer al\npresente a nuestras pioneras y reconocer sus luchas en pos de una\nsociedad m\u00e1s justa y de la institucionalizaci\u00f3n de este, nuestro\nespacio, tambi\u00e9n es un hecho pol\u00edtico, adem\u00e1s de un enorme\nagradecimiento.<\/p>\n\n\n\n<p>Este\n10 de diciembre tiene tambi\u00e9n un significado especial por ser el\n\u00faltimo de esta gesti\u00f3n; de este intenso grupo de colegas con\nquienes compartimos la responsabilidad de fortalecer al colegio como\nespacio de defensa de los derechos de les colegas, de cuidado de un\nejercicio profesional \u00e9tico y comprometido, de especializaci\u00f3n de\nun importante n\u00famero de colegas que a su vez realizan\nimprescindibles aportes a la profesi\u00f3n, de lucha y apertura de\nnuevos campos laborales, de posicionamiento del trabajo social en el\nescenario profesional cordob\u00e9s y nacional, pero por sobre todas las\ncosas, la responsabilidad de no defraudar la confianza de quienes nos\neligieron para conducir la instituci\u00f3n; esperamos haber cumplido.<\/p>\n\n\n\n<p>Y\nen el marco de lo antedicho, me tomo un minuto para agradecer a todes\nquienes conforman esta entra\u00f1able instituci\u00f3n, miembres del consejo\ndirectivo, del \u00f3rgano revisor de cuentas, del tribunal de\ndisciplina, delegades, miembres de comisiones, mesas de trabajo,\n\u00e1reas, empleades administratives y contables, asesores\/as.<\/p>\n\n\n\n<p>En\nlo personal, agradezco a la FEPUC, en la persona de una amiga de la\ncasa, Nora Vilches, la confianza depositada y la posibilidad brindada\na la profesi\u00f3n, para compartir los designios de la federaci\u00f3n, que\ncontin\u00faa en un nuevo periodo, mediante la designaci\u00f3n de Dar\u00edo\nG\u00f3mez Pucheta como secretario de mesa ejecutiva, descontando que\ndestacar\u00e1n sus aportes y compromiso.<\/p>\n\n\n\n<p>A\nnuestras queridas pioneras, invitadas de lujo este d\u00eda, agradecerles\nes poco, no tengo palabras para manifestar tanto orgullo por\ncompartir este momento, esta profesi\u00f3n, este espacio institucional\ncon ustedes. \n<\/p>\n\n\n\n<p>Cada\nuna de ustedes debi\u00f3 asumir compromisos epocales complejos,\ndif\u00edciles, desafiantes\u2026y lo hicieron \u2026y se destacaron, nosotres\nestamos hoy ac\u00e1 porque ustedes defendieron la profesi\u00f3n y\nvisionariamente, construyeron una asociaci\u00f3n que fue refugio y faro\nen \u00e9pocas oscuras \u2026 que puso las bases para lograr la ley de\ncolegiaci\u00f3n, luego desde el espacio nacional, la ley federal\u2026y\ntantos hitos, que ser\u00eda imposible resumirlos; pero somos concientes\nde sus desaf\u00edos y luchas y el homenaje de hoy es m\u00ednimo pero\nnecesario y apela a la identidad y a las huellas que dejaron en este\ncolegio de profesionales en servicio social de la provincia de\nC\u00f3rdoba.<\/p>\n\n\n\n<p>\u00a1Gracias!<\/p>\n\n\n\n<p>Lic. Carolina allende \/ Presidenta del CPSSPC<\/p>\n\n\n\n<figure class=\"wp-block-embed-youtube wp-block-embed is-type-video is-provider-youtube wp-embed-aspect-16-9 wp-has-aspect-ratio\"><div class=\"wp-block-embed__wrapper\">\n<iframe loading=\"lazy\" title=\"Acto de reconocimiento a las PIONERAS de nuestro colegio profesional.\" width=\"800\" height=\"450\" src=\"https:\/\/www.youtube.com\/embed\/TZKg5D8phxc?feature=oembed\" frameborder=\"0\" allow=\"accelerometer; autoplay; clipboard-write; encrypted-media; gyroscope; picture-in-picture\" allowfullscreen><\/iframe>\n<\/div><\/figure>\n\n\n\n<p><a href=\"https:\/\/www.facebook.com\/permalink.php?story_fbid=4680202625393371&amp;id=154968327916846\">https:\/\/www.facebook.com\/permalink.php?story_fbid=4680202625393371&amp;id=154968327916846<\/a><\/p>\n","protected":false},"excerpt":{"rendered":"<p>Bienvenides! Muchas gracias por estar hoy compartiendo con nosotres este nuevo d\u00eda de les trabajadores sociales. Hoy, 10 de diciembre,<\/p>\n","protected":false},"author":3,"featured_media":8400,"comment_status":"open","ping_status":"open","sticky":false,"template":"","format":"standard","meta":{"footnotes":""},"categories":[14],"tags":[147],"_links":{"self":[{"href":"https:\/\/cpsscba.org\/confluenciasvirtual\/index.php?rest_route=\/wp\/v2\/posts\/8383"}],"collection":[{"href":"https:\/\/cpsscba.org\/confluenciasvirtual\/index.php?rest_route=\/wp\/v2\/posts"}],"about":[{"href":"https:\/\/cpsscba.org\/confluenciasvirtual\/index.php?rest_route=\/wp\/v2\/types\/post"}],"author":[{"embeddable":true,"href":"https:\/\/cpsscba.org\/confluenciasvirtual\/index.php?rest_route=\/wp\/v2\/users\/3"}],"replies":[{"embeddable":true,"href":"https:\/\/cpsscba.org\/confluenciasvirtual\/index.php?rest_route=%2Fwp%2Fv2%2Fcomments&post=8383"}],"version-history":[{"count":8,"href":"https:\/\/cpsscba.org\/confluenciasvirtual\/index.php?rest_route=\/wp\/v2\/posts\/8383\/revisions"}],"predecessor-version":[{"id":8401,"href":"https:\/\/cpsscba.org\/confluenciasvirtual\/index.php?rest_route=\/wp\/v2\/posts\/8383\/revisions\/8401"}],"wp:featuredmedia":[{"embeddable":true,"href":"https:\/\/cpsscba.org\/confluenciasvirtual\/index.php?rest_route=\/wp\/v2\/media\/8400"}],"wp:attachment":[{"href":"https:\/\/cpsscba.org\/confluenciasvirtual\/index.php?rest_route=%2Fwp%2Fv2%2Fmedia&parent=8383"}],"wp:term":[{"taxonomy":"category","embeddable":true,"href":"https:\/\/cpsscba.org\/confluenciasvirtual\/index.php?rest_route=%2Fwp%2Fv2%2Fcategories&post=8383"},{"taxonomy":"post_tag","embeddable":true,"href":"https:\/\/cpsscba.org\/confluenciasvirtual\/index.php?rest_route=%2Fwp%2Fv2%2Ftags&post=8383"}],"curies":[{"name":"wp","href":"https:\/\/api.w.org\/{rel}","templated":true}]}}