{"id":8344,"date":"2021-11-27T20:57:32","date_gmt":"2021-11-27T20:57:32","guid":{"rendered":"http:\/\/cpsscba.org\/confluenciasvirtual\/?p=8344"},"modified":"2021-12-16T12:22:45","modified_gmt":"2021-12-16T12:22:45","slug":"pioneras-testimonios","status":"publish","type":"post","link":"https:\/\/cpsscba.org\/confluenciasvirtual\/?p=8344","title":{"rendered":"PIONERAS \/ TESTIMONIOS"},"content":{"rendered":"\n<p><strong>Esta iniciativa tiene como objetivo reconocer la trayectoria de colegas pioneras de nuestra organizaci\u00f3n profesional, lo cual constituye en si un acto de construcci\u00f3n de nuestra memoria colectiva.<\/strong> Identificar y compartir aportes centrales que \u00e9stas hicieron -desde su pasi\u00f3n por el oficio y su firme convicci\u00f3n sobre el aporte que el Trabajo Social puede realizar en la construcci\u00f3n de una sociedad m\u00e1s justa, libre y democr\u00e1tica-, es nuestra responsabilidad institucional.  <\/p>\n\n\n\n<figure class=\"wp-block-embed-youtube wp-block-embed is-type-video is-provider-youtube wp-embed-aspect-16-9 wp-has-aspect-ratio\"><div class=\"wp-block-embed__wrapper\">\n<iframe loading=\"lazy\" title=\"Reconocimiento y agradecimiento a las pioneras\" width=\"800\" height=\"450\" src=\"https:\/\/www.youtube.com\/embed\/BozqIGH0kVY?feature=oembed\" frameborder=\"0\" allow=\"accelerometer; autoplay; clipboard-write; encrypted-media; gyroscope; picture-in-picture\" allowfullscreen><\/iframe>\n<\/div><\/figure>\n\n\n\n<p><strong>Alicia Lencina \/<\/strong> Pilar constante en la historia del colegio, desde los inicios en la asociaci\u00f3n, siendo presidenta en el per\u00edodo 1979 &#8211; 1981; aportando y argumentando al proceso de construcci\u00f3n institucional. Presente con aportes \u201csilenciosos\u201d e imprescindibles en toda la trayectoria del colegio hasta hace poquitos a\u00f1os. Reconocida profesional en el patronato de presos y liberados. Integrante de la comisi\u00f3n que modific\u00f3 el C\u00f3digo de \u00c9tica.<\/p>\n\n\n\n<figure class=\"wp-block-embed-youtube wp-block-embed is-type-video is-provider-youtube wp-embed-aspect-16-9 wp-has-aspect-ratio\"><div class=\"wp-block-embed__wrapper\">\n<iframe loading=\"lazy\" title=\"?????? ???????: \/ PIONERAS\" width=\"800\" height=\"450\" src=\"https:\/\/www.youtube.com\/embed\/ksigzw3LpGw?feature=oembed\" frameborder=\"0\" allow=\"accelerometer; autoplay; clipboard-write; encrypted-media; gyroscope; picture-in-picture\" allowfullscreen><\/iframe>\n<\/div><\/figure>\n\n\n\n<p>Ver: <a href=\"https:\/\/youtu.be\/ksigzw3LpGw\">https:\/\/youtu.be\/ksigzw3LpGw<\/a><\/p>\n\n\n\n<p><strong>Yolanda \u00abRopo\u00bb Molina de Pinto \/<\/strong> Pionera en relaci\u00f3n a la organizaci\u00f3n profesional y su conformaci\u00f3n tanto de la asociaci\u00f3n, siendo su presidenta entre 1977 y 1979, y despu\u00e9s del colegio elegida como la primera presidenta. Impulsora de las dos leyes que se presentaron en la Legislatura de C\u00f3rdoba. Referente institucional en el campo de la salud en c\u00f3rdoba capital y en la provincia contribuyendo a la profesionalizaci\u00f3n de las unidades de trabajo social hospitalario.<\/p>\n\n\n\n<figure class=\"wp-block-embed-youtube wp-block-embed is-type-video is-provider-youtube wp-embed-aspect-16-9 wp-has-aspect-ratio\"><div class=\"wp-block-embed__wrapper\">\n<iframe loading=\"lazy\" title=\"??????? \u201c????\u201d ?????? ?? ????? \/ PIONERAS\" width=\"800\" height=\"450\" src=\"https:\/\/www.youtube.com\/embed\/lOK7OB_2_AQ?feature=oembed\" frameborder=\"0\" allow=\"accelerometer; autoplay; clipboard-write; encrypted-media; gyroscope; picture-in-picture\" allowfullscreen><\/iframe>\n<\/div><\/figure>\n\n\n\n<p><strong>Ver:<\/strong> <a href=\"https:\/\/youtu.be\/lOK7OB_2_AQ\">https:\/\/youtu.be\/lOK7OB_2_AQ<\/a><\/p>\n\n\n\n<p><strong>Liliana Arrieta \/ <\/strong>Dirigenta comprometida con el colegio y con la FAPSS, siendo presidenta de ambos espacios organizativos, del colegio desde 1997 a 2001. Propici\u00f3 la creaci\u00f3n de la matr\u00edcula de especialista en nuestro colegio de profesionales. Trabajadora protagonista de las luchas por la Ley de salud mental. Referente indiscutida de la casa de medio camino para mujeres en C\u00f3rdoba.<\/p>\n\n\n\n<figure class=\"wp-block-embed-youtube wp-block-embed is-type-video is-provider-youtube wp-embed-aspect-16-9 wp-has-aspect-ratio\"><div class=\"wp-block-embed__wrapper\">\n<iframe loading=\"lazy\" title=\"??????? ??????? \/ PIONERAS\" width=\"800\" height=\"450\" src=\"https:\/\/www.youtube.com\/embed\/OAdubxdHyxM?feature=oembed\" frameborder=\"0\" allow=\"accelerometer; autoplay; clipboard-write; encrypted-media; gyroscope; picture-in-picture\" allowfullscreen><\/iframe>\n<\/div><\/figure>\n\n\n\n<p><strong>Ver:<\/strong> <a href=\"https:\/\/youtu.be\/OAdubxdHyxM\">https:\/\/youtu.be\/OAdubxdHyxM<\/a><\/p>\n\n\n\n<p><strong>Marta Pucheta \/<\/strong> Sus aportes al colectivo profesional se destacan desde los inicios del Colegio participando activamente en diferentes instancias y como miembro de Consejos Directivos desde 1983 hasta hace algunos a\u00f1os. Ampliamente reconocida en su paso por el servicio penitenciario. Primera Trabajadora Social directora de la C\u00e1rcel de Mujeres, impulsando desde ese lugar importantes e innovadores proyectos.<\/p>\n\n\n\n<figure class=\"wp-block-embed-youtube wp-block-embed is-type-video is-provider-youtube wp-embed-aspect-16-9 wp-has-aspect-ratio\"><div class=\"wp-block-embed__wrapper\">\n<iframe loading=\"lazy\" title=\"????? ??????? \/ PIONERAS\" width=\"800\" height=\"450\" src=\"https:\/\/www.youtube.com\/embed\/tTl-4gbB65E?feature=oembed\" frameborder=\"0\" allow=\"accelerometer; autoplay; clipboard-write; encrypted-media; gyroscope; picture-in-picture\" allowfullscreen><\/iframe>\n<\/div><\/figure>\n\n\n\n<p><strong>Ver:<\/strong> <a href=\"https:\/\/youtu.be\/tTl-4gbB65E\">https:\/\/youtu.be\/tTl-4gbB65E<\/a><\/p>\n\n\n\n<p><strong>Susana Palomas \/<\/strong> Pionera en relaci\u00f3n a la organizaci\u00f3n profesional. Co- fundadora de la asociaci\u00f3n y su presidenta desde 1971 a 1977. Debi\u00f3 exiliarse en M\u00e9xico donde trabaj\u00f3 en Promoci\u00f3n de la salud con comunidades campesinas. Fue reconocida por su destacado aporte al programa de supervisi\u00f3n en provincia de Bs As. Film\u00f3 el corto de Laura Iglesias. Activista en m\u00faltiples causas.<\/p>\n\n\n\n<figure class=\"wp-block-embed-youtube wp-block-embed is-type-video is-provider-youtube wp-embed-aspect-16-9 wp-has-aspect-ratio\"><div class=\"wp-block-embed__wrapper\">\n<iframe loading=\"lazy\" title=\"?????? ??????? \/ PIONERAS\" width=\"800\" height=\"450\" src=\"https:\/\/www.youtube.com\/embed\/K1eDu4AgNxQ?feature=oembed\" frameborder=\"0\" allow=\"accelerometer; autoplay; clipboard-write; encrypted-media; gyroscope; picture-in-picture\" allowfullscreen><\/iframe>\n<\/div><\/figure>\n\n\n\n<p><strong>Ver:<\/strong> <a href=\"https:\/\/youtu.be\/K1eDu4AgNxQ\">https:\/\/youtu.be\/K1eDu4AgNxQ<\/a><\/p>\n\n\n\n<p><strong>Mar\u00eda Rosa Bilavcik \/<\/strong> Pionera en la defensa de la categor\u00eda profesional, aportando al colectivo en sus diferentes formas organizativas e integrando sus conducciones desde 1979. Destacada militante y referente de los DD.HH en C\u00f3rdoba. Reconocida trayectoria profesional en el patronato de presos y liberados.<\/p>\n\n\n\n<figure class=\"wp-block-embed-youtube wp-block-embed is-type-video is-provider-youtube wp-embed-aspect-16-9 wp-has-aspect-ratio\"><div class=\"wp-block-embed__wrapper\">\n<iframe loading=\"lazy\" title=\"????? ???? ???????? \/ PIONERAS\" width=\"800\" height=\"450\" src=\"https:\/\/www.youtube.com\/embed\/pcR_v_v8bEw?feature=oembed\" frameborder=\"0\" allow=\"accelerometer; autoplay; clipboard-write; encrypted-media; gyroscope; picture-in-picture\" allowfullscreen><\/iframe>\n<\/div><\/figure>\n\n\n\n<p><strong>Ver:<\/strong> <a href=\"https:\/\/youtu.be\/pcR_v_v8bEw\">https:\/\/youtu.be\/pcR_v_v8bEw<\/a><\/p>\n\n\n\n<p><strong>Mar\u00eda Ester Alvarez \/<\/strong> Constructora de la organizaci\u00f3n profesional, siempre presente en la asociaci\u00f3n y en el colegio desde el trabajo constante y cotidiano; siendo miembro de diferentes conducciones desde 1979. Solidaria y activista de diferentes causas. Destacada en las instituciones donde transcurri\u00f3 por su solidez argumentativa. Pionera en formarse en el exterior, en estudios de post-grado.<\/p>\n\n\n\n<figure class=\"wp-block-embed-youtube wp-block-embed is-type-video is-provider-youtube wp-embed-aspect-16-9 wp-has-aspect-ratio\"><div class=\"wp-block-embed__wrapper\">\n<iframe loading=\"lazy\" title=\"????? ????? ??????? \/ PIONERAS\" width=\"800\" height=\"450\" src=\"https:\/\/www.youtube.com\/embed\/pQH9lgMnLfI?feature=oembed\" frameborder=\"0\" allow=\"accelerometer; autoplay; clipboard-write; encrypted-media; gyroscope; picture-in-picture\" allowfullscreen><\/iframe>\n<\/div><\/figure>\n\n\n\n<p><strong>Ver:<\/strong> <a href=\"https:\/\/youtu.be\/pQH9lgMnLfI\">https:\/\/youtu.be\/pQH9lgMnLfI<\/a><\/p>\n","protected":false},"excerpt":{"rendered":"<p>Esta iniciativa tiene como objetivo reconocer la trayectoria de colegas pioneras de nuestra organizaci\u00f3n profesional, lo cual constituye en si<\/p>\n","protected":false},"author":1,"featured_media":8352,"comment_status":"open","ping_status":"open","sticky":false,"template":"","format":"standard","meta":{"footnotes":""},"categories":[14],"tags":[147],"_links":{"self":[{"href":"https:\/\/cpsscba.org\/confluenciasvirtual\/index.php?rest_route=\/wp\/v2\/posts\/8344"}],"collection":[{"href":"https:\/\/cpsscba.org\/confluenciasvirtual\/index.php?rest_route=\/wp\/v2\/posts"}],"about":[{"href":"https:\/\/cpsscba.org\/confluenciasvirtual\/index.php?rest_route=\/wp\/v2\/types\/post"}],"author":[{"embeddable":true,"href":"https:\/\/cpsscba.org\/confluenciasvirtual\/index.php?rest_route=\/wp\/v2\/users\/1"}],"replies":[{"embeddable":true,"href":"https:\/\/cpsscba.org\/confluenciasvirtual\/index.php?rest_route=%2Fwp%2Fv2%2Fcomments&post=8344"}],"version-history":[{"count":6,"href":"https:\/\/cpsscba.org\/confluenciasvirtual\/index.php?rest_route=\/wp\/v2\/posts\/8344\/revisions"}],"predecessor-version":[{"id":8351,"href":"https:\/\/cpsscba.org\/confluenciasvirtual\/index.php?rest_route=\/wp\/v2\/posts\/8344\/revisions\/8351"}],"wp:featuredmedia":[{"embeddable":true,"href":"https:\/\/cpsscba.org\/confluenciasvirtual\/index.php?rest_route=\/wp\/v2\/media\/8352"}],"wp:attachment":[{"href":"https:\/\/cpsscba.org\/confluenciasvirtual\/index.php?rest_route=%2Fwp%2Fv2%2Fmedia&parent=8344"}],"wp:term":[{"taxonomy":"category","embeddable":true,"href":"https:\/\/cpsscba.org\/confluenciasvirtual\/index.php?rest_route=%2Fwp%2Fv2%2Fcategories&post=8344"},{"taxonomy":"post_tag","embeddable":true,"href":"https:\/\/cpsscba.org\/confluenciasvirtual\/index.php?rest_route=%2Fwp%2Fv2%2Ftags&post=8344"}],"curies":[{"name":"wp","href":"https:\/\/api.w.org\/{rel}","templated":true}]}}