{"id":8320,"date":"2021-11-12T18:47:16","date_gmt":"2021-11-12T18:47:16","guid":{"rendered":"http:\/\/cpsscba.org\/confluenciasvirtual\/?p=8320"},"modified":"2021-11-12T18:56:09","modified_gmt":"2021-11-12T18:56:09","slug":"presentacion-de-revista-confluencias-del-trabajo-social-en-la-facultad-de-sociales","status":"publish","type":"post","link":"https:\/\/cpsscba.org\/confluenciasvirtual\/?p=8320","title":{"rendered":"Presentacion de revista Confluencias del trabajo social en la Facultad de Sociales"},"content":{"rendered":"<p><strong>Se presentar\u00e1 la Revista Confluencias del trabajo social que aborda: \u00abambiente, sociedad e intervenci\u00f3n profesional desde el Trabajo Social\u00bb, el pr\u00f3ximo martes 16 de noviembre a las 18:30hs. en la explanada de la Facultad de Ciencias Sociales de la UNC,<\/strong><\/p>\n<p><a href=\"http:\/\/cpsscba.org\/confluenciasvirtual\/wp-content\/uploads\/2021\/11\/ambiente-sociedad-e-intervenci\u00f3n-profesional-en-Trabajo-Social5.png\"><img loading=\"lazy\" decoding=\"async\" class=\"aligncenter size-full wp-image-8323\" src=\"http:\/\/cpsscba.org\/confluenciasvirtual\/wp-content\/uploads\/2021\/11\/ambiente-sociedad-e-intervenci\u00f3n-profesional-en-Trabajo-Social5.png\" alt=\"\" width=\"940\" height=\"788\" srcset=\"https:\/\/cpsscba.org\/confluenciasvirtual\/wp-content\/uploads\/2021\/11\/ambiente-sociedad-e-intervenci\u00f3n-profesional-en-Trabajo-Social5.png 940w, https:\/\/cpsscba.org\/confluenciasvirtual\/wp-content\/uploads\/2021\/11\/ambiente-sociedad-e-intervenci\u00f3n-profesional-en-Trabajo-Social5-300x251.png 300w, https:\/\/cpsscba.org\/confluenciasvirtual\/wp-content\/uploads\/2021\/11\/ambiente-sociedad-e-intervenci\u00f3n-profesional-en-Trabajo-Social5-768x644.png 768w\" sizes=\"(max-width: 940px) 100vw, 940px\" \/><\/a><\/p>\n<p>La actividad est\u00e1 organizada por la Comisi\u00f3n de Ambiente y Sociedad del CPSSPC y la C\u00e1tedra Teor\u00eda, espacios y estrategias de intervenci\u00f3n IV de la FCS &#8211; UNC.<\/p>\n<p>La presentaci\u00f3n ser\u00e1 transmitida en vivo desde el Facebook del Colegio de Profesionales en Servicio Social de la Provincia de C\u00f3rdoba.<\/p>\n","protected":false},"excerpt":{"rendered":"<p>Se presentar\u00e1 la Revista Confluencias del trabajo social que aborda: \u00abambiente, sociedad e intervenci\u00f3n profesional desde el Trabajo Social\u00bb, el<\/p>\n","protected":false},"author":1,"featured_media":8323,"comment_status":"open","ping_status":"open","sticky":false,"template":"","format":"standard","meta":{"footnotes":""},"categories":[104,126,14],"tags":[],"_links":{"self":[{"href":"https:\/\/cpsscba.org\/confluenciasvirtual\/index.php?rest_route=\/wp\/v2\/posts\/8320"}],"collection":[{"href":"https:\/\/cpsscba.org\/confluenciasvirtual\/index.php?rest_route=\/wp\/v2\/posts"}],"about":[{"href":"https:\/\/cpsscba.org\/confluenciasvirtual\/index.php?rest_route=\/wp\/v2\/types\/post"}],"author":[{"embeddable":true,"href":"https:\/\/cpsscba.org\/confluenciasvirtual\/index.php?rest_route=\/wp\/v2\/users\/1"}],"replies":[{"embeddable":true,"href":"https:\/\/cpsscba.org\/confluenciasvirtual\/index.php?rest_route=%2Fwp%2Fv2%2Fcomments&post=8320"}],"version-history":[{"count":3,"href":"https:\/\/cpsscba.org\/confluenciasvirtual\/index.php?rest_route=\/wp\/v2\/posts\/8320\/revisions"}],"predecessor-version":[{"id":8325,"href":"https:\/\/cpsscba.org\/confluenciasvirtual\/index.php?rest_route=\/wp\/v2\/posts\/8320\/revisions\/8325"}],"wp:featuredmedia":[{"embeddable":true,"href":"https:\/\/cpsscba.org\/confluenciasvirtual\/index.php?rest_route=\/wp\/v2\/media\/8323"}],"wp:attachment":[{"href":"https:\/\/cpsscba.org\/confluenciasvirtual\/index.php?rest_route=%2Fwp%2Fv2%2Fmedia&parent=8320"}],"wp:term":[{"taxonomy":"category","embeddable":true,"href":"https:\/\/cpsscba.org\/confluenciasvirtual\/index.php?rest_route=%2Fwp%2Fv2%2Fcategories&post=8320"},{"taxonomy":"post_tag","embeddable":true,"href":"https:\/\/cpsscba.org\/confluenciasvirtual\/index.php?rest_route=%2Fwp%2Fv2%2Ftags&post=8320"}],"curies":[{"name":"wp","href":"https:\/\/api.w.org\/{rel}","templated":true}]}}