{"id":8119,"date":"2021-06-30T14:05:06","date_gmt":"2021-06-30T14:05:06","guid":{"rendered":"http:\/\/cpsscba.org\/confluenciasvirtual\/?p=8119"},"modified":"2024-02-22T23:39:32","modified_gmt":"2024-02-22T23:39:32","slug":"revista-confluencias-del-trabajo-social-n74-edicion-junio-2021","status":"publish","type":"post","link":"https:\/\/cpsscba.org\/confluenciasvirtual\/?p=8119","title":{"rendered":"Revista CONFLUENCIAS del Trabajo Social N\u00b074 | Edici\u00f3n Junio 2021"},"content":{"rendered":"\n<p><strong>En esta oportunidad, el n\u00famero de nuestra revista se dispuso para una tem\u00e1tica particular, un campo de intervenci\u00f3n y ejercicio profesional que vincula aspectos centrales que se interrelacionan: ambiente, sociedad e intervenci\u00f3n profesional en Trabajo Social, interrelaci\u00f3n profunda, compleja, interseccional y multidimensional.<\/strong><\/p>\n\n\n\n<p>Tener como horizonte concreto de nuestro trabajo la mejora de la calidad de vida de las personas que habitan hoy estas tierras y la de las generaciones que vendr\u00e1n, hacen que esta tem\u00e1tica contempor\u00e1nea nos preocupe, pero por, sobre todo, nos ocupe, y en esa l\u00ednea es que proponemos que sea desarrollada, explicitada e interpelada desde el espacio profesional. <\/p>\n\n\n\n<figure class=\"wp-block-image\"><img loading=\"lazy\" decoding=\"async\" width=\"725\" height=\"1024\" src=\"http:\/\/cpsscba.org\/confluenciasvirtual\/wp-content\/uploads\/2021\/07\/TAPA-CONFLUENCIAS_JUNIO_2021_pages-to-jpg-0001-725x1024.jpg\" alt=\"\" class=\"wp-image-8122\" srcset=\"https:\/\/cpsscba.org\/confluenciasvirtual\/wp-content\/uploads\/2021\/07\/TAPA-CONFLUENCIAS_JUNIO_2021_pages-to-jpg-0001-725x1024.jpg 725w, https:\/\/cpsscba.org\/confluenciasvirtual\/wp-content\/uploads\/2021\/07\/TAPA-CONFLUENCIAS_JUNIO_2021_pages-to-jpg-0001-212x300.jpg 212w, https:\/\/cpsscba.org\/confluenciasvirtual\/wp-content\/uploads\/2021\/07\/TAPA-CONFLUENCIAS_JUNIO_2021_pages-to-jpg-0001-768x1085.jpg 768w, https:\/\/cpsscba.org\/confluenciasvirtual\/wp-content\/uploads\/2021\/07\/TAPA-CONFLUENCIAS_JUNIO_2021_pages-to-jpg-0001.jpg 1241w\" sizes=\"(max-width: 725px) 100vw, 725px\" \/><\/figure>\n\n\n\n<p>Creemos necesario acercar las miradas, perspectivas y paradigmas de quienes vienen pregunt\u00e1ndose, sistematizando y desarrollando experiencias de intervenci\u00f3n profesional; y nos plantea un enorme desaf\u00edo como entidad: consolidar el espacio, y pugnar por que sea una opci\u00f3n para involucrarse tanto en el ejercicio como en la especializaci\u00f3n.<\/p>\n\n\n\n<p>No resulta una tem\u00e1tica nueva para la profesi\u00f3n ni para nuestra entidad, ya que la problem\u00e1tica nos encontr\u00f3 involucradas\/os en situaciones y periodos diversos, que impulsaron y generaron procesos institucionales de apoyo y contenci\u00f3n personal y profesional a matriculadas\/os que se vieron atravesadas\/os por ellas (ver Antecedentes).<\/p>\n\n\n\n<p>En esas etapas claves, con el aporte y el apoyo de colegas que se dispusieron a asumir la responsabilidad de abordar el trabajo, de otras\/os que aceptaron el apoyo, de la siempre presente Facultad de Ciencias Sociales de la UNC, de colegas y colegios de otras provincias que generosamente pusieron a disposici\u00f3n sus experiencias y construcciones, junto al especial esfuerzo de las\/os profesionales involucradas\/os en intervenciones en situaciones de desastre en diversas zonas del territorio Provincial, se fue construyendo un va- lioso corpus de sistematizaciones, descripciones, conceptos que se constituyeron en antecedentes e insumo a disposici\u00f3n de las\/os Trabajadoras\/es Sociales.<\/p>\n\n\n\n<p>Desde esta perspectiva, para responder algunos de los m\u00faltiples aspectos que se vieron afectados, en distintas zonas, y por diferentes causas, se dispuso oportunamente log\u00edstica, recursos y esfuerzos tendientes a atender y contener a nuestras\/os colegiadas\/ os tanto en su propia situaci\u00f3n de emergencias, como en apoyo de su tarea profesional.<\/p>\n\n\n\n<p>La experiencia acumulada llev\u00f3 a integrar esfuerzos, y desarrollar un proceso de reflexi\u00f3n, an\u00e1lisis e intercambio sobre la tem\u00e1tica, con amplia contribuci\u00f3n de participantes de las experiencias referidas, y de la carrera de Traba- jo social de la UNC (C\u00e1tedra de Teor\u00eda, Espacios y Estrategias de Intervenci\u00f3n IV \u2013 Instituci\u00f3n\u201d), que llega a compartirse con otros Colegios profesionales (Colegio de Trabajo Social de Tucum\u00e1n). M\u00e1s adelante, se apuesta a integrar la comisi\u00f3n de Ambiente de la FEPUC, y a generar la creaci\u00f3n de la Comisi\u00f3n de Ambiente y Sociedad del CPSSPC, para que aporte al desarrollo de este campo de intervenci\u00f3n desde la instituci\u00f3n colegiada, que es en esta oportunidad, quien pone a disposici\u00f3n el contenido de esta revista. \u201c\u2026Campo, en el que siempre intervenimos&#8230; pero que no estamos en- trenados\/as para identificar\u2026\u201d seg\u00fan se define desde la Comisi\u00f3n.<\/p>\n\n\n\n<p>Si bien hay mucho por delante en este proceso Informe elaborado por integrantes de la Comisi\u00f3n de Ambiente y Sociedad de construcci\u00f3n, se han dado pasos significativos. Todo ello enmarcado en una concepci\u00f3n de Ambiente como construcci\u00f3n hist\u00f3rica, pol\u00edtica y social, y un posicionamiento institucional, que considera el desarrollo sustentable, la protecci\u00f3n ambiental y la equidad social, pensando en las personas como fin del desarrollo y no sus instrumentos; asumiendo la dimensi\u00f3n \u00e9tica sobre crecimiento y desarrollo, la preocupaci\u00f3n por el ser humano concreto y un inter\u00e9s particular por reducir las vulnerabilidades de los\/as m\u00e1s excluidos\/as de la sociedad.<\/p>\n\n\n\n<p>La Provincia, dadas sus caracter\u00edsticas, condiciones geogr\u00e1ficas, modelo de desarrollo y pol\u00edticas p\u00fablicas de diferente naturaleza, es propensa a que se produzcan desastres socio ambientales, que nos posicionamos en considerarlas cat\u00e1strofes sociales o pol\u00edticas, cuyos efectos profundizan la situaci\u00f3n de crisis en regiones y poblaciones, y donde se ven afectados particularmente los sectores mas empobrecidos.<\/p>\n\n\n\n<p>Esta producci\u00f3n es parte de este proceso de construcci\u00f3n, y lleva a nuestro Colegio a otra acci\u00f3n tendiente a generar respuestas cient\u00edficas y deontol\u00f3gica a la realidad social y profesional.<\/p>\n\n\n\n<p style=\"text-align:center\"><strong>Consejo Directivo CPSSPC<\/strong><\/p>\n\n\n\n<p><strong>DESCARGA LA REVISTA AQU\u00cd:<\/strong><br> <a href=\"https:\/\/drive.google.com\/file\/d\/1-Pl28jrRHORRdQCJrEwyXNCgkn_dxwQh\/view?usp=sharing\">https:\/\/drive.google.com\/file\/d\/1-Pl28jrRHORRdQCJrEwyXNCgkn_dxwQh\/view?usp=sharing<\/a><\/p>\n","protected":false},"excerpt":{"rendered":"<p>En esta oportunidad, el n\u00famero de nuestra revista se dispuso para una tem\u00e1tica particular, un campo de intervenci\u00f3n y ejercicio<\/p>\n","protected":false},"author":1,"featured_media":8124,"comment_status":"open","ping_status":"open","sticky":false,"template":"","format":"standard","meta":{"footnotes":""},"categories":[104,126,48,14,145],"tags":[],"_links":{"self":[{"href":"https:\/\/cpsscba.org\/confluenciasvirtual\/index.php?rest_route=\/wp\/v2\/posts\/8119"}],"collection":[{"href":"https:\/\/cpsscba.org\/confluenciasvirtual\/index.php?rest_route=\/wp\/v2\/posts"}],"about":[{"href":"https:\/\/cpsscba.org\/confluenciasvirtual\/index.php?rest_route=\/wp\/v2\/types\/post"}],"author":[{"embeddable":true,"href":"https:\/\/cpsscba.org\/confluenciasvirtual\/index.php?rest_route=\/wp\/v2\/users\/1"}],"replies":[{"embeddable":true,"href":"https:\/\/cpsscba.org\/confluenciasvirtual\/index.php?rest_route=%2Fwp%2Fv2%2Fcomments&post=8119"}],"version-history":[{"count":3,"href":"https:\/\/cpsscba.org\/confluenciasvirtual\/index.php?rest_route=\/wp\/v2\/posts\/8119\/revisions"}],"predecessor-version":[{"id":8123,"href":"https:\/\/cpsscba.org\/confluenciasvirtual\/index.php?rest_route=\/wp\/v2\/posts\/8119\/revisions\/8123"}],"wp:featuredmedia":[{"embeddable":true,"href":"https:\/\/cpsscba.org\/confluenciasvirtual\/index.php?rest_route=\/wp\/v2\/media\/8124"}],"wp:attachment":[{"href":"https:\/\/cpsscba.org\/confluenciasvirtual\/index.php?rest_route=%2Fwp%2Fv2%2Fmedia&parent=8119"}],"wp:term":[{"taxonomy":"category","embeddable":true,"href":"https:\/\/cpsscba.org\/confluenciasvirtual\/index.php?rest_route=%2Fwp%2Fv2%2Fcategories&post=8119"},{"taxonomy":"post_tag","embeddable":true,"href":"https:\/\/cpsscba.org\/confluenciasvirtual\/index.php?rest_route=%2Fwp%2Fv2%2Ftags&post=8119"}],"curies":[{"name":"wp","href":"https:\/\/api.w.org\/{rel}","templated":true}]}}