{"id":8088,"date":"2021-06-24T13:54:54","date_gmt":"2021-06-24T13:54:54","guid":{"rendered":"http:\/\/cpsscba.org\/confluenciasvirtual\/?p=8088"},"modified":"2021-06-24T13:54:55","modified_gmt":"2021-06-24T13:54:55","slug":"8088","status":"publish","type":"post","link":"https:\/\/cpsscba.org\/confluenciasvirtual\/?p=8088","title":{"rendered":""},"content":{"rendered":"\n<p>La Mesa Gerontol\u00f3gica del Colegio de Profesionales de Servicio Social de la provincia de C\u00f3rdoba, <strong>repudiamos con fuerza y convicci\u00f3n <\/strong><strong>la Clasificaci\u00f3n Internacional de Enfermedades (CIE11) de la Organizaci\u00f3n Mundial de la Salud (OMS) que expresa que \u201cla vejez es una causa de enfermedad y mortalidad\u201d.<\/strong><\/p>\n\n\n\n<p>Esta afirmaci\u00f3n representa un retroceso que <strong>patologiza la vejez y fortalece prejuicios y estereotipos<\/strong> sobre la misma. Y que posiciona a las personas mayores como <strong>objeto de cuidado y no como sujetos de derechos.<\/strong><\/p>\n\n\n\n<p>Entendemos la <strong>vejez como una construcci\u00f3n social<\/strong> y \u00faltima etapa del curso de vida, y el <strong>envejecimiento como un proceso gradual<\/strong> que se desarrolla durante el transcurso de vida de las personas.<\/p>\n\n\n\n<p>Sostener que la vejez es una enfermedad <strong>es negar y desconocer los avances<\/strong> que se vienen desarrollando <strong>a nivel internacional y a nivel regional<\/strong> desde la perspectiva de los derechos humanos de las personas mayores, en el marco de la <strong>Convenci\u00f3n Interamericana sobre la Protecci\u00f3n de los Derechos Humanos de las Personas Mayores<\/strong>. (OEA,2015).&nbsp;<\/p>\n\n\n\n<p>POR VEJECES LATINOAMERICANAS DIGNAS, AUT\u00d3NOMAS Y LIBRES DE DISCRIMINACI\u00d3N<strong> Y MALTRATO.<\/strong><\/p>\n\n\n\n<p style=\"text-align:center\">MESA GERONTOLOGICA DEL COLEGIO DE PROFESIONALES DE SERVICIO SOCIAL DE LA PROVINCIA DE C\u00d3RDOBA<\/p>\n","protected":false},"excerpt":{"rendered":"<p>La Mesa Gerontol\u00f3gica del Colegio de Profesionales de Servicio Social de la provincia de C\u00f3rdoba, repudiamos con fuerza y convicci\u00f3n<\/p>\n","protected":false},"author":1,"featured_media":8089,"comment_status":"open","ping_status":"open","sticky":false,"template":"","format":"standard","meta":{"footnotes":""},"categories":[14,83],"tags":[],"_links":{"self":[{"href":"https:\/\/cpsscba.org\/confluenciasvirtual\/index.php?rest_route=\/wp\/v2\/posts\/8088"}],"collection":[{"href":"https:\/\/cpsscba.org\/confluenciasvirtual\/index.php?rest_route=\/wp\/v2\/posts"}],"about":[{"href":"https:\/\/cpsscba.org\/confluenciasvirtual\/index.php?rest_route=\/wp\/v2\/types\/post"}],"author":[{"embeddable":true,"href":"https:\/\/cpsscba.org\/confluenciasvirtual\/index.php?rest_route=\/wp\/v2\/users\/1"}],"replies":[{"embeddable":true,"href":"https:\/\/cpsscba.org\/confluenciasvirtual\/index.php?rest_route=%2Fwp%2Fv2%2Fcomments&post=8088"}],"version-history":[{"count":1,"href":"https:\/\/cpsscba.org\/confluenciasvirtual\/index.php?rest_route=\/wp\/v2\/posts\/8088\/revisions"}],"predecessor-version":[{"id":8090,"href":"https:\/\/cpsscba.org\/confluenciasvirtual\/index.php?rest_route=\/wp\/v2\/posts\/8088\/revisions\/8090"}],"wp:featuredmedia":[{"embeddable":true,"href":"https:\/\/cpsscba.org\/confluenciasvirtual\/index.php?rest_route=\/wp\/v2\/media\/8089"}],"wp:attachment":[{"href":"https:\/\/cpsscba.org\/confluenciasvirtual\/index.php?rest_route=%2Fwp%2Fv2%2Fmedia&parent=8088"}],"wp:term":[{"taxonomy":"category","embeddable":true,"href":"https:\/\/cpsscba.org\/confluenciasvirtual\/index.php?rest_route=%2Fwp%2Fv2%2Fcategories&post=8088"},{"taxonomy":"post_tag","embeddable":true,"href":"https:\/\/cpsscba.org\/confluenciasvirtual\/index.php?rest_route=%2Fwp%2Fv2%2Ftags&post=8088"}],"curies":[{"name":"wp","href":"https:\/\/api.w.org\/{rel}","templated":true}]}}