{"id":7953,"date":"2021-03-04T19:22:39","date_gmt":"2021-03-04T19:22:39","guid":{"rendered":"http:\/\/cpsscba.org\/confluenciasvirtual\/?p=7953"},"modified":"2021-03-04T19:25:29","modified_gmt":"2021-03-04T19:25:29","slug":"nueva-fecha-de-inicio-formacion-en-mediacion-septima-cohorte","status":"publish","type":"post","link":"https:\/\/cpsscba.org\/confluenciasvirtual\/?p=7953","title":{"rendered":"NUEVA FECHA DE INICIO | FORMACI\u00d3N EN MEDIACI\u00d3N \/ S\u00c9PTIMA COHORTE"},"content":{"rendered":"<p>FORMACI\u00d3N EN MEDIACI\u00d3N \/ S\u00c9PTIMA COHORTE<br \/>\nNUEVA FECHA DE INICIO<\/p>\n<p>HOMOLOGADA POR EL MINISTERIO DE JUSTICIA Y DDHH.<br \/>\n-Pre Inscripciones abiertas-<\/p>\n<p>Informamos que el dictado de la S\u00e9ptima Cohorte de la Formaci\u00f3n en Mediaci\u00f3n 2020 dar\u00e1 inicio el 18 de Marzo.<br \/>\n&#8211; Cierre de inscripci\u00f3n 11 de marzo &#8211;<\/p>\n<p>CUPO LIMITADO [Enfoque multidisciplinario]<br \/>\nEl mismo se realizar\u00e1 de forma semanal, MODALIDAD ONLINE.<\/p>\n<p>Por consultas o informaci\u00f3n enviar mail a:<br \/>\ncap.mediacioncolegio@gmail.com<\/p>\n<p><a href=\"http:\/\/cpsscba.org\/confluenciasvirtual\/wp-content\/uploads\/2021\/03\/Copia-de-Copia-de-FORMACI\u00d3N-EN-MEDIACI\u00d3N-MODALIDAD-ONLINE-2.png\"><img loading=\"lazy\" decoding=\"async\" class=\"aligncenter size-full wp-image-7959\" src=\"http:\/\/cpsscba.org\/confluenciasvirtual\/wp-content\/uploads\/2021\/03\/Copia-de-Copia-de-FORMACI\u00d3N-EN-MEDIACI\u00d3N-MODALIDAD-ONLINE-2.png\" alt=\"\" width=\"940\" height=\"788\" srcset=\"https:\/\/cpsscba.org\/confluenciasvirtual\/wp-content\/uploads\/2021\/03\/Copia-de-Copia-de-FORMACI\u00d3N-EN-MEDIACI\u00d3N-MODALIDAD-ONLINE-2.png 940w, https:\/\/cpsscba.org\/confluenciasvirtual\/wp-content\/uploads\/2021\/03\/Copia-de-Copia-de-FORMACI\u00d3N-EN-MEDIACI\u00d3N-MODALIDAD-ONLINE-2-300x251.png 300w, https:\/\/cpsscba.org\/confluenciasvirtual\/wp-content\/uploads\/2021\/03\/Copia-de-Copia-de-FORMACI\u00d3N-EN-MEDIACI\u00d3N-MODALIDAD-ONLINE-2-768x644.png 768w\" sizes=\"(max-width: 940px) 100vw, 940px\" \/><\/a><\/p>\n","protected":false},"excerpt":{"rendered":"<p>FORMACI\u00d3N EN MEDIACI\u00d3N \/ S\u00c9PTIMA COHORTE NUEVA FECHA DE INICIO HOMOLOGADA POR EL MINISTERIO DE JUSTICIA Y DDHH. -Pre Inscripciones<\/p>\n","protected":false},"author":1,"featured_media":7959,"comment_status":"open","ping_status":"open","sticky":false,"template":"","format":"standard","meta":{"footnotes":""},"categories":[104,14],"tags":[],"_links":{"self":[{"href":"https:\/\/cpsscba.org\/confluenciasvirtual\/index.php?rest_route=\/wp\/v2\/posts\/7953"}],"collection":[{"href":"https:\/\/cpsscba.org\/confluenciasvirtual\/index.php?rest_route=\/wp\/v2\/posts"}],"about":[{"href":"https:\/\/cpsscba.org\/confluenciasvirtual\/index.php?rest_route=\/wp\/v2\/types\/post"}],"author":[{"embeddable":true,"href":"https:\/\/cpsscba.org\/confluenciasvirtual\/index.php?rest_route=\/wp\/v2\/users\/1"}],"replies":[{"embeddable":true,"href":"https:\/\/cpsscba.org\/confluenciasvirtual\/index.php?rest_route=%2Fwp%2Fv2%2Fcomments&post=7953"}],"version-history":[{"count":3,"href":"https:\/\/cpsscba.org\/confluenciasvirtual\/index.php?rest_route=\/wp\/v2\/posts\/7953\/revisions"}],"predecessor-version":[{"id":7961,"href":"https:\/\/cpsscba.org\/confluenciasvirtual\/index.php?rest_route=\/wp\/v2\/posts\/7953\/revisions\/7961"}],"wp:featuredmedia":[{"embeddable":true,"href":"https:\/\/cpsscba.org\/confluenciasvirtual\/index.php?rest_route=\/wp\/v2\/media\/7959"}],"wp:attachment":[{"href":"https:\/\/cpsscba.org\/confluenciasvirtual\/index.php?rest_route=%2Fwp%2Fv2%2Fmedia&parent=7953"}],"wp:term":[{"taxonomy":"category","embeddable":true,"href":"https:\/\/cpsscba.org\/confluenciasvirtual\/index.php?rest_route=%2Fwp%2Fv2%2Fcategories&post=7953"},{"taxonomy":"post_tag","embeddable":true,"href":"https:\/\/cpsscba.org\/confluenciasvirtual\/index.php?rest_route=%2Fwp%2Fv2%2Ftags&post=7953"}],"curies":[{"name":"wp","href":"https:\/\/api.w.org\/{rel}","templated":true}]}}