{"id":7915,"date":"2021-02-05T20:58:48","date_gmt":"2021-02-05T20:58:48","guid":{"rendered":"http:\/\/cpsscba.org\/confluenciasvirtual\/?p=7915"},"modified":"2021-02-10T19:14:43","modified_gmt":"2021-02-10T19:14:43","slug":"en-defensa-de-la-coopi-de-carlos-paz-y-el-derecho-humano-al-agua","status":"publish","type":"post","link":"https:\/\/cpsscba.org\/confluenciasvirtual\/?p=7915","title":{"rendered":"En defensa de la Coopi de Carlos Paz y el derecho humano al agua"},"content":{"rendered":"\n<p><strong>En el marco del conflicto planteado por el intento de quitar la  concesi\u00f3n en el servicio de agua a la Coopi de Carlos Paz y la perdida de cientos de fuentes de trabajo, por parte del municipio, nuestro Colegio profesional participo de la Asamblea P\u00fablica Participativa, <\/strong>reivindicando desde nuestro rol profesional en defensa de los derechos humanos, el derecho humano al agua, cuestionando las desconocidas razones de la Municipalizaci\u00f3n de la COOPI y posible le tercerizaci\u00f3n o privatizaci\u00f3n total o parcial.<\/p>\n\n\n\n<p>En la exposici\u00f3n realizada por el Dr. Dario Pucheta, en representaci\u00f3n de nuestro colegio profesional expres\u00f3 que: \u00abApoyamos a la Coopi por si conocida y destacada trayectoria ejemplo de organizaci\u00f3n para superar los males de la pandemia\u00bb, y agreg\u00f3; \u00ab\u2026 solicitamos al Intendente Gomez Gesteira que dialogue con la dirigencia de la COOPI y derogue el decreto 466 de Avil\u00e9s\u00bb.<\/p>\n\n\n\n<p><strong>Aqu\u00ed podr\u00e1 ver la intervenci\u00f3n del representante de la Comisi\u00f3n de Ambiente y Sociedad del Colegio de Profesionales de Servicio Social de la Provincia de C\u00f3rdoba.-<\/strong><\/p>\n\n\n\n<figure class=\"wp-block-embed-youtube wp-block-embed is-type-video is-provider-youtube wp-embed-aspect-16-9 wp-has-aspect-ratio\"><div class=\"wp-block-embed__wrapper\">\n<iframe loading=\"lazy\" title=\"Asamblea P\u00fablica Participativa - Tercera Sesi\u00f3n\" width=\"800\" height=\"450\" src=\"https:\/\/www.youtube.com\/embed\/oFBVwNh8gus?start=11970&#038;feature=oembed\" frameborder=\"0\" allow=\"accelerometer; autoplay; clipboard-write; encrypted-media; gyroscope; picture-in-picture\" allowfullscreen><\/iframe>\n<\/div><\/figure>\n","protected":false},"excerpt":{"rendered":"<p>En el marco del conflicto planteado por el intento de quitar la concesi\u00f3n en el servicio de agua a la<\/p>\n","protected":false},"author":1,"featured_media":7928,"comment_status":"open","ping_status":"open","sticky":false,"template":"","format":"standard","meta":{"footnotes":""},"categories":[126,14],"tags":[],"_links":{"self":[{"href":"https:\/\/cpsscba.org\/confluenciasvirtual\/index.php?rest_route=\/wp\/v2\/posts\/7915"}],"collection":[{"href":"https:\/\/cpsscba.org\/confluenciasvirtual\/index.php?rest_route=\/wp\/v2\/posts"}],"about":[{"href":"https:\/\/cpsscba.org\/confluenciasvirtual\/index.php?rest_route=\/wp\/v2\/types\/post"}],"author":[{"embeddable":true,"href":"https:\/\/cpsscba.org\/confluenciasvirtual\/index.php?rest_route=\/wp\/v2\/users\/1"}],"replies":[{"embeddable":true,"href":"https:\/\/cpsscba.org\/confluenciasvirtual\/index.php?rest_route=%2Fwp%2Fv2%2Fcomments&post=7915"}],"version-history":[{"count":1,"href":"https:\/\/cpsscba.org\/confluenciasvirtual\/index.php?rest_route=\/wp\/v2\/posts\/7915\/revisions"}],"predecessor-version":[{"id":7916,"href":"https:\/\/cpsscba.org\/confluenciasvirtual\/index.php?rest_route=\/wp\/v2\/posts\/7915\/revisions\/7916"}],"wp:featuredmedia":[{"embeddable":true,"href":"https:\/\/cpsscba.org\/confluenciasvirtual\/index.php?rest_route=\/wp\/v2\/media\/7928"}],"wp:attachment":[{"href":"https:\/\/cpsscba.org\/confluenciasvirtual\/index.php?rest_route=%2Fwp%2Fv2%2Fmedia&parent=7915"}],"wp:term":[{"taxonomy":"category","embeddable":true,"href":"https:\/\/cpsscba.org\/confluenciasvirtual\/index.php?rest_route=%2Fwp%2Fv2%2Fcategories&post=7915"},{"taxonomy":"post_tag","embeddable":true,"href":"https:\/\/cpsscba.org\/confluenciasvirtual\/index.php?rest_route=%2Fwp%2Fv2%2Ftags&post=7915"}],"curies":[{"name":"wp","href":"https:\/\/api.w.org\/{rel}","templated":true}]}}