{"id":7812,"date":"2020-10-29T14:30:03","date_gmt":"2020-10-29T14:30:03","guid":{"rendered":"http:\/\/cpsscba.org\/confluenciasvirtual\/?p=7812"},"modified":"2020-11-02T14:45:29","modified_gmt":"2020-11-02T14:45:29","slug":"propuesta-presentada-ante-la-andis","status":"publish","type":"post","link":"https:\/\/cpsscba.org\/confluenciasvirtual\/?p=7812","title":{"rendered":"Propuesta presentada ante la ANDIS"},"content":{"rendered":"\n<p>El Colegio de Profesionales present\u00f3, ante la Agencia Nacional de Discapacidad (ANDIS) una propuesta acorde a la Resol. 136\/2020, sobre \u201c<strong>prestaciones de habilitaci\u00f3n que favorezcan los procesos de independencia, autonom\u00eda y toma de decisiones de las personas con discapacidad que respeten sus preferencias y voluntad\u201d<\/strong>. <\/p>\n\n\n\n<p>Se propuso incorporar al Sistema de Prestaciones B\u00e1sicas (Ley nacional 24.901),\nla prestaci\u00f3n de habilitaci\u00f3n: <strong>APOYO A LA INCLUSI\u00d3N SOCIAL<\/strong> <strong>en favor a las personas con discapacidad<\/strong>,\n<strong>con intervenci\u00f3n espec\u00edfica del Lic. en\nTrabajo Social <\/strong>en el Nomenclador INOS, para que sea cubierta por las Obras\nSociales.<\/p>\n\n\n\n<p>La\nmisma fue elaborada por la Comisi\u00f3n de Discapacidad, como resultante\nde un proceso de construcci\u00f3n colectiva; valorando saberes y experiencias de\ncolegas que se desempe\u00f1an en diversas instituciones -p\u00fablicas estatales y\nprivadas- en el campo de discapacidad.<\/p>\n\n\n\n<p>Este aporte representa una de las tantas acciones que realiza el Colegio\nProfesional, buscando visibilizar la intervenci\u00f3n del\/la Trabajador\/a Social en\nlos diferentes dispositivos institucionales, p\u00fablicos y privados.<\/p>\n\n\n\n<p>Estamos convencidas\/os que la \u201cjerarquizaci\u00f3n profesional\u201d es un ejercicio\ndiario, ininterrumpido, para lo cual es indispensable el aporte\nanal\u00edtico-conceptual que nos posibilita construir y de-construir posiciones,\nsaberes, intercambios, en un marco de di\u00e1logos colectivos disciplinarios. En\neste sentido, es relevante que cada colegiado cuente con espacios de reflexi\u00f3n\nsobre sus pr\u00e1cticas, de supervisi\u00f3n, de formaci\u00f3n continua que posibilite el\nan\u00e1lisis dial\u00e9ctico: praxis-teor\u00eda-praxis; para que el fragor de las demandas\ncotidianas no obture el crecimiento profesional en todas sus dimensiones\n-\u00e9tica, te\u00f3rica y pr\u00e1ctica-.<\/p>\n\n\n\n<p><strong>Las\/os invitamos a leer las fundamentaciones legales y te\u00f3ricas de esta propuesta.<\/strong><\/p>\n\n\n\n<div class=\"wp-block-file\"><a href=\"http:\/\/cpsscba.org\/confluenciasvirtual\/wp-content\/uploads\/2020\/11\/Propuesta-TRABAJO-SOCIAL-para-ANDIS-Res-136-20201.pdf\">Propuesta-TRABAJO-SOCIAL-para-ANDIS-Res-136-20201<\/a><a href=\"http:\/\/cpsscba.org\/confluenciasvirtual\/wp-content\/uploads\/2020\/11\/Propuesta-TRABAJO-SOCIAL-para-ANDIS-Res-136-20201.pdf\" class=\"wp-block-file__button\" download>Descarga<\/a><\/div>\n","protected":false},"excerpt":{"rendered":"<p>El Colegio de Profesionales present\u00f3, ante la Agencia Nacional de Discapacidad (ANDIS) una propuesta acorde a la Resol. 136\/2020, sobre<\/p>\n","protected":false},"author":1,"featured_media":7813,"comment_status":"open","ping_status":"open","sticky":false,"template":"","format":"standard","meta":{"footnotes":""},"categories":[33,14],"tags":[],"_links":{"self":[{"href":"https:\/\/cpsscba.org\/confluenciasvirtual\/index.php?rest_route=\/wp\/v2\/posts\/7812"}],"collection":[{"href":"https:\/\/cpsscba.org\/confluenciasvirtual\/index.php?rest_route=\/wp\/v2\/posts"}],"about":[{"href":"https:\/\/cpsscba.org\/confluenciasvirtual\/index.php?rest_route=\/wp\/v2\/types\/post"}],"author":[{"embeddable":true,"href":"https:\/\/cpsscba.org\/confluenciasvirtual\/index.php?rest_route=\/wp\/v2\/users\/1"}],"replies":[{"embeddable":true,"href":"https:\/\/cpsscba.org\/confluenciasvirtual\/index.php?rest_route=%2Fwp%2Fv2%2Fcomments&post=7812"}],"version-history":[{"count":5,"href":"https:\/\/cpsscba.org\/confluenciasvirtual\/index.php?rest_route=\/wp\/v2\/posts\/7812\/revisions"}],"predecessor-version":[{"id":7820,"href":"https:\/\/cpsscba.org\/confluenciasvirtual\/index.php?rest_route=\/wp\/v2\/posts\/7812\/revisions\/7820"}],"wp:featuredmedia":[{"embeddable":true,"href":"https:\/\/cpsscba.org\/confluenciasvirtual\/index.php?rest_route=\/wp\/v2\/media\/7813"}],"wp:attachment":[{"href":"https:\/\/cpsscba.org\/confluenciasvirtual\/index.php?rest_route=%2Fwp%2Fv2%2Fmedia&parent=7812"}],"wp:term":[{"taxonomy":"category","embeddable":true,"href":"https:\/\/cpsscba.org\/confluenciasvirtual\/index.php?rest_route=%2Fwp%2Fv2%2Fcategories&post=7812"},{"taxonomy":"post_tag","embeddable":true,"href":"https:\/\/cpsscba.org\/confluenciasvirtual\/index.php?rest_route=%2Fwp%2Fv2%2Ftags&post=7812"}],"curies":[{"name":"wp","href":"https:\/\/api.w.org\/{rel}","templated":true}]}}