{"id":7745,"date":"2020-09-27T00:12:22","date_gmt":"2020-09-27T00:12:22","guid":{"rendered":"http:\/\/cpsscba.org\/confluenciasvirtual\/?p=7745"},"modified":"2020-09-28T11:55:05","modified_gmt":"2020-09-28T11:55:05","slug":"preocupacion-por-los-incendios-que-sufre-la-provincia-y-las-consecuencias-socioambientales-de-los-mismos","status":"publish","type":"post","link":"https:\/\/cpsscba.org\/confluenciasvirtual\/?p=7745","title":{"rendered":"Preocupaci\u00f3n por los incendios que sufre la provincia y las consecuencias socioambientales de los mismos"},"content":{"rendered":"\n<p><strong>Declaraci\u00f3n de la Comisi\u00f3n de Ambiente y Sociedad del<\/strong> <strong>Colegio de Profesionales de Servicio Social de la Provincia de C\u00f3rdoba<\/strong><\/p>\n\n\n\n<p>En\nrepresentaci\u00f3n del colectivo de profesionales declaramos nuestra \npreocupaci\u00f3n por los incendios que sufre la provincia y las\nconsecuencias socioambientales de los mismos. \n<\/p>\n\n\n\n<p>Diverses\nacad\u00e9miques y organizaciones sociales desde hace m\u00e1s de una d\u00e9cada\nvienen advirtiendo las consecuencias que la destrucci\u00f3n del\necosistema del monte nativo cordob\u00e9s tiene para la vida misma, La de\nla cobertura boscosa tiene consecuencias inmediatas entre ella la\nretenci\u00f3n de suelo, m\u00e1s a\u00fan teniendo en cuenta la pr\u00f3xima\ntemporada de lluvias y tambi\u00e9n consecuencias a mediano y largo plazo\ncomo es la afectaci\u00f3n del resto de servicios ambientales como es la\ncalidad del agua, la p\u00e9rdida de diversidad de especies que afecta\nfundamentalmente las econom\u00edas campesinas. Les peque\u00f1es productores\nap\u00edcolas es un ejemplo de ello, como o es les peque\u00f1es y medianos\nproductores ganaderos. \n<\/p>\n\n\n\n<p>Esos\nservicios ambientales, quiz\u00e1s poco valorados, en las ciudades por\nlas din\u00e1micas urbanas son sost\u00e9n para la vida misma.  La\nconvivencia con una pandemia que afect\u00f3 gravemente a les ciudadanes\nque trabajan de manera particular, se ver\u00e1 agravada por la p\u00e9rdida\nde calidad de vida por convivir con un ecosistema que ha sido\ndestruido por la quema de los escasos  reservorios de bosque nativo\nque quedaban en la Provincia, en buen y mediano estado de\nconservaci\u00f3n. Recordemos que muchos sectores quemados estaban en\nprocesos de restauraci\u00f3n sostenida fundamentalmente gracias a las\nluchas sociales para que as\u00ed suceda, evitando su cambios de uso del\nsuelo.<\/p>\n\n\n\n<p>En\nlas ciudades, especialmente la capital Provincial, se ver\u00e1n los\nefectos de la p\u00e9rdida de calidad de agua potable, la migraci\u00f3n de\naves y aumento de la vulnerabilidad ante posibles inundaciones (en\nparticular en las Sierras Chicas y Punilla) en el verano. Pero lo\nprincipal, posiblemente sea la modificaci\u00f3n del uso del suelo para\nproducci\u00f3n agropecuaria industrial y urbanizaciones privadas en\ndonde hasta hace unos d\u00edas exist\u00eda monte nativo. El correlato es\nconcentraci\u00f3n de territorio en pocos, los cuales modifican y\ndestruyen el ecosistema que contiene a las mayor\u00edas. \n<\/p>\n\n\n\n<p>En\ncumplimiento de nuestra labor profesional institucionalizada por ley\nProvincial N\u00b0 7341 y 7342, que tiene como premisa la defensa\nirrestricta de los Derechos Humanos; adherimos y reivindicamos la\ndemanda que se impulsa desde actores sociales directamente afectados\npara que se cumpla la Ley Nacional N\u00b027353 (Art. 22 Bis), que dice:<\/p>\n\n\n\n<p> \u201cEn\ncaso de incendios de superficies de bosques nativos, cualquiera sea\nel titular de los mismos, no podr\u00e1n realizarse modificaciones en el\nuso y destino que dichas superficies pose\u00edan con anterioridad al\nincendio, de acuerdo a las categor\u00edas de conservaci\u00f3n asignadas por\nel ordenamiento territorial de los bosques nativos de la jurisdicci\u00f3n\ncorrespondiente, elaborado conforme a la ley 26.331. Los bosques no\nproductivos abarcados por la ley 13.273 ser\u00e1n asimismo alcanzados\npor la restricci\u00f3n precedente.\u201d \n<\/p>\n\n\n\n<p>Cabe\nrecordar que la Ley 26331 en su art\u00edculo 40 establece \u201cEn los\ncasos de bosques nativos que hayan sido afectados por incendios o por\notros eventos naturales o antr\u00f3picos que los hubieren degradado,\ncorresponde a la autoridad de aplicaci\u00f3n de la jurisdicci\u00f3n\nrespectiva la realizaci\u00f3n de tareas para su recuperaci\u00f3n y\nrestauraci\u00f3n, manteniendo la categor\u00eda de clasificaci\u00f3n que se\nhubiere definido en el ordenamiento territorial.\u201d<\/p>\n\n\n\n<p>Dando\ncuenta de ello la ley 9814 de ordenamiento territorial de bosques\nnativos de nuestra provincia, en su art\u00edculo 30 tambi\u00e9n proh\u00edbe el\ncambio de uso del suelo  en caso de incendios y la obligaci\u00f3n de\npol\u00edticas de restauraci\u00f3n cuando esos eventos ocurran.<\/p>\n\n\n\n<p>Asimismo\nsostenemos que un plan de restauraci\u00f3n debe sostenerse en criterios\ncient\u00edficos t\u00e9cnicos donde la participaci\u00f3n de profesionales de\ndistintas disciplinas en una condici\u00f3n para su efectividad. La\nrestauraci\u00f3n debe ser la vez un proceso participativo involucrando a\ndiversos sectores de la sociedad, como condici\u00f3n para su\nsostenibilidad.<\/p>\n\n\n\n<p>En\nconjunto con esto, cabe destacar que es menester bregar en incidir en\nque tanto las legislaciones como las pol\u00edticas p\u00fablicas actuales se\nenmarquen de manera real y contundente en los tratados y acuerdos\ninternacionales en materia ambiental. S\u00f3lo por mencionar los m\u00e1s\nrecientes e importantes, Argentina ha ratificado su adhesi\u00f3n a los\nObjetivos del Desarrollo Sostenible (ODS), as\u00ed como al Acuerdo\nRegional sobre Acceso a la Informaci\u00f3n, la Participaci\u00f3n P\u00fablica y\nel Acceso a la Justicia en Asuntos Ambientales en Am\u00e9rica Latina y\nel Caribe (Acuerdo de Escaz\u00fa).<\/p>\n\n\n\n<p>Les\nTrabajadores Sociales de la Provincia de C\u00f3rdoba, como profesionales\nque intervenimos directamente en las problem\u00e1ticas sociales,\necon\u00f3micas y de salud (entre muchas otras especificidades)\nentendemos que la afectaci\u00f3n ambiental y del h\u00e1bitat de la\nsociedad, tiene una directa correlaci\u00f3n con la satisfacci\u00f3n de\nderechos y posibilidades de desarrollo como sujetos individuales y\ncolectivos; por lo que se trata de una responsabilidad indelegable\ndel Estado y de quienes ejercen el gobierno constitucional garantizar\nlas condiciones estructurales para la protecci\u00f3n de la poblaci\u00f3n y\nel ambiente en el cual se dan las condiciones de reproducci\u00f3n\nsocial. \n<\/p>\n\n\n\n<p>As\u00ed\nmismo, nos ponemos a disposici\u00f3n de la sociedad y de las autoridades\npara ser parte de las soluciones. \n<\/p>\n\n\n\n<p>C\u00f3rdoba,\n26 de septiembre de 2020. \n<\/p>\n","protected":false},"excerpt":{"rendered":"<p>Declaraci\u00f3n de la Comisi\u00f3n de Ambiente y Sociedad del Colegio de Profesionales de Servicio Social de la Provincia de C\u00f3rdoba<\/p>\n","protected":false},"author":1,"featured_media":7746,"comment_status":"open","ping_status":"open","sticky":false,"template":"","format":"standard","meta":{"footnotes":""},"categories":[126,14],"tags":[],"_links":{"self":[{"href":"https:\/\/cpsscba.org\/confluenciasvirtual\/index.php?rest_route=\/wp\/v2\/posts\/7745"}],"collection":[{"href":"https:\/\/cpsscba.org\/confluenciasvirtual\/index.php?rest_route=\/wp\/v2\/posts"}],"about":[{"href":"https:\/\/cpsscba.org\/confluenciasvirtual\/index.php?rest_route=\/wp\/v2\/types\/post"}],"author":[{"embeddable":true,"href":"https:\/\/cpsscba.org\/confluenciasvirtual\/index.php?rest_route=\/wp\/v2\/users\/1"}],"replies":[{"embeddable":true,"href":"https:\/\/cpsscba.org\/confluenciasvirtual\/index.php?rest_route=%2Fwp%2Fv2%2Fcomments&post=7745"}],"version-history":[{"count":2,"href":"https:\/\/cpsscba.org\/confluenciasvirtual\/index.php?rest_route=\/wp\/v2\/posts\/7745\/revisions"}],"predecessor-version":[{"id":7748,"href":"https:\/\/cpsscba.org\/confluenciasvirtual\/index.php?rest_route=\/wp\/v2\/posts\/7745\/revisions\/7748"}],"wp:featuredmedia":[{"embeddable":true,"href":"https:\/\/cpsscba.org\/confluenciasvirtual\/index.php?rest_route=\/wp\/v2\/media\/7746"}],"wp:attachment":[{"href":"https:\/\/cpsscba.org\/confluenciasvirtual\/index.php?rest_route=%2Fwp%2Fv2%2Fmedia&parent=7745"}],"wp:term":[{"taxonomy":"category","embeddable":true,"href":"https:\/\/cpsscba.org\/confluenciasvirtual\/index.php?rest_route=%2Fwp%2Fv2%2Fcategories&post=7745"},{"taxonomy":"post_tag","embeddable":true,"href":"https:\/\/cpsscba.org\/confluenciasvirtual\/index.php?rest_route=%2Fwp%2Fv2%2Ftags&post=7745"}],"curies":[{"name":"wp","href":"https:\/\/api.w.org\/{rel}","templated":true}]}}