{"id":7725,"date":"2020-09-22T16:22:53","date_gmt":"2020-09-22T16:22:53","guid":{"rendered":"http:\/\/cpsscba.org\/confluenciasvirtual\/?p=7725"},"modified":"2020-09-22T16:48:08","modified_gmt":"2020-09-22T16:48:08","slug":"reflexiones-del-area-socio-juridico-criminologica-en-contexto-de-pademia-del-covid-19","status":"publish","type":"post","link":"https:\/\/cpsscba.org\/confluenciasvirtual\/?p=7725","title":{"rendered":"Reflexiones del \u00c1rea Socio -Jur\u00eddico &#8211; Criminol\u00f3gica en contexto de Pademia del COVId 19"},"content":{"rendered":"\n<p> <strong>El \u00c1rea Socio Jur\u00eddico Criminol\u00f3gica del CPSSPC comparte con los\/as Colegas Perito\/as y los\/as interesados\/as en la tem\u00e1tica, determinadas reflexiones y experiencias que se han vivenciado en estas circunstancias de Pandemia acaecidas desde el 20 de marzo del 2020 hasta la actualidad. <\/strong><\/p>\n\n\n\n<p>\nObservamos que con actitud positiva,\ncapitalizamos las oportunidades de capacitaci\u00f3n, y aprendizaje de\nsaberes con sensibilidad, responsabilidad y adaptaci\u00f3n activa,\nsosteniendo el profesionalismo que caracteriza al\/la Trabajador\/a\nSocial, dando respuestas en la continuidad de nuestro desempe\u00f1o en\nlas tareas periciales.<\/p>\n\n\n\n<p>\nEl contexto adverso atravesado por la\ntransversalidad de las dimensiones humanas en los aspectos\npsicosocioculturales, y la incertidumbre, aspectos influyentes en el\npensar, sentir y hacer de lo individual, familiar y comunitario, nos\nha permitido readaptarnos e involucrarnos, constructivamente, como\nrecilientes, en los espacios complejos de intervenci\u00f3n profesional\ncomo el nuestro.<\/p>\n\n\n\n<p>\nEl protagonismo activo se realiza con\ncreatividad y esp\u00edritu cr\u00edtico, ya sea compartiendo escenarios de\naprendizajes significativos, por ej. en los Ciclos de Di\u00e1logos de\nlos Trabajadores Sociales \u2013junio 2020- con participaci\u00f3n\ninterprovincial, sistematizando las experiencias y reflexiones sobre\nproblem\u00e1ticas sociales en contextos de desigualdad, revalorizando\nlos criterios de flexibilidad, singularidad y autonom\u00eda profesional\nque nos aportan Colegas como Andr\u00e9s Ponce de Le\u00f3n, Bibiana Travi,\nentre otros, y de hecho, cooperando en su difusi\u00f3n. \n<\/p>\n\n\n\n<p>\nEn lo operativo, estamos incursionando\npositivamente en los sistemas inform\u00e1ticos actuales, concretamente\nen el SAC \u2013 Sistema de Administraci\u00f3n de Causas\u2013 en la\nadministraci\u00f3n de justicia provincial, al cual tienen acceso los\/las\nProfesionales de las distintas disciplinas, entre los\/las cuales\nestamos los\/as Peritos Oficiales de Lista por Sorteo de Trabajo\nSocial. Esto nos permite dar respuestas pertinentes en la\ninterdisciplinariedad.<\/p>\n\n\n\n<p>\nOtro \u00e1mbito de actuaci\u00f3n es el de\nFEPUC (a trav\u00e9s de plataforma digital), donde participa activamente\nla conducci\u00f3n del \u00c1rea Socio-Jur\u00eddico-Criminol\u00f3gica del CPSSPC\njunto a representantes del colectivo pericial de otras disciplinas y\nautoridades institucionales en la Comisi\u00f3n de Peritos, la cual\naborda y analiza problem\u00e1ticas comunes que sobrellevan\nhist\u00f3ricamente quienes se han inscripto como tales en la Justicia\nProvincial fundamentalmente, y articula estrategias en post de\nsoluciones consensuadas.<\/p>\n\n\n\n<p>\nEste espacio de trabajo permite\nactualmente desempe\u00f1ar un rol protag\u00f3nico en la realidad operativa\ndel\/ la Perito Oficial de Lista por Sorteo,\nevaluando los cambios imperativos del Tribunal Superior de Justicia\nal haber derogado el Acuerdo Reglamentario N\u00b0 125\/2014 y creado en\nsu reemplazo el Acuerdo Reglamentario N\u00b0 163\/2020, instrumentos que\nregulan el ejercicio pericial. \n<\/p>\n\n\n\n<p> En \u00e9ste \u00faltimo la Comisi\u00f3n observa la ausencia de las sugerencias efectuadas al representante del Alto Cuerpo Judicial (Sr. Administrador General) por parte de FEPUC en reuniones conjuntas  realizadas en el transcurso del a\u00f1o 2019 y presentadas formalmente al mismo. Entre otras se pueden mencionar lo referido a: a) la regulaci\u00f3n de honorarios teniendo en cuenta escalas arancelarias en JUS elaboradas por cada Colegio y\/o Consejo Profesional, b) oportunidad de cobro de los honorarios y c) gastos y honorarios del\/la Perito Oficial de Lista Trabajador\/ra Social en los requerimientos de Beneficio de Litigar sin Gastos.<\/p>\n\n\n\n<p>\nDe igual modo, es de hacer notar que\nen los considerandos de dicha normativa (Punto 3) se establece que \n\u201c\u2026huelga diferir la entrada en vigencia del presente Acuerdo,\ndelegando en la autoridad de aplicaci\u00f3n (Administrador General del\nPoder Judicial) la determinaci\u00f3n de la fecha concreta\u2026\u201d. Sin\nembargo, algunos funcionarios ya contextualizan  las C\u00e9dulas de\nNotificaci\u00f3n de designaci\u00f3n del\/la Perito que result\u00f3 sorteada en\nuna causa.<\/p>\n\n\n\n<p>\nEn otro orden, estimamos importante\nsocializar nuestro desempe\u00f1o funcional operativo en territorio en\nnuestra disciplina e<strong>n<\/strong><strong>\nlas actuales condiciones ocasionadas por el Covid 19. <\/strong>\n<\/p>\n\n\n\n<p>\n<strong>Para\nintervenir con objetividad, <\/strong><strong>autonom\u00eda\ny libertad<\/strong>,&nbsp;<strong>prestando\nservicios compatibles con nuestras incumbencias <\/strong>y\nen concordancia con <strong>nuestros<\/strong>\n <strong>derechos <\/strong>\u2013sitos\nen la Constituci\u00f3n Nacional y Leyes de Ejercicio Profesional &#8211;\n<strong>consideramos, como\nparte del proceso metodol\u00f3gico, efectuar con total conciencia y\nresponsabilidad social, la lectura de nuestra realidad, sumando a la\nl\u00f3gica b\u00e1sica, los paradigmas de la \u201csalud integral\u201d. Ello\nalude  a extremar las medidas de protecci\u00f3n personal, usando el\n<\/strong>Equipo de Prevenci\u00f3n\ny Protecci\u00f3n (<strong>EPP),\ncuidando las distancias interpersonales tanto en los lugares\nlaborales como en el territorio &#8211; entrevistas en domicilio -,\nevitando el traslado en transporte p\u00fablico;  cuidando la salud\npersonal como la de los sujetos de intervenci\u00f3n y sus familias. <\/strong>\n<\/p>\n\n\n\n<p>\nPor\nlo anteriormente expuesto, debemos disponer de adecuadas condiciones\nde trabajo para el ejercicio profesional incluyendo&nbsp;<strong>medidas\nde seguridad e&nbsp;higiene. <\/strong>\n<\/p>\n\n\n\n<p>\n<strong>Con\ntal motivo deseamos compartir un logro obtenido por una de las\nintegrantes del \u00c1rea (Perito Oficial Lic. Bustos) en una solicitud\nde adelanto de gastos. En el escrito la profesional subray\u00f3 los\n<\/strong>criterios\nsanitaristas, requiriendo  \u201c\u2026que para poder cumplimentar el\ninicio de las tareas periciales, <strong>se\notorgue \u201cdeterminada cantidad\u201d como adelanto de gastos<\/strong>\n(ej.<strong>\nsiete (7)<\/strong>\n<strong>jus)<\/strong>\n(Acuerdo Reglamentario 125, Serie B \u2013 Art. 24 y Ley 9459, Art. N\u00ba\n49), los que deber\u00e1n ser puestos a disposici\u00f3n ANTES de la fecha de\ninicio de la Pericia, <strong>considerando\nla  adquisici\u00f3n de los elementos que se agregan debido a la\npandemia: EPP, entre ellos barbijos 3M, camisolines o batas\ndescartables, gafas, calzado,<\/strong>&#8211;\nseg\u00fan Recomendaciones del Colegio de Profesionales en Servicio\nSocial de la Prov. de C\u00f3rdoba, Julio 2020, evitando vulnerar el\npatrimonio particular de un AUXILIAR DE LA JUSTICIA\u2026\u201d. \n<\/p>\n\n\n\n<p>\nComo\nestrategia intermedia, mantuvo reuniones con los Abogados\npatrocinantes fundamentando los motivos que la llevaron a tal pedido,\nremarcando\nla inserci\u00f3n de los grupos familiares en contextos\nsocio-territoriales considerados de elevada vulnerabilidad pand\u00e9mica\n&#8211; respetando el paradigma de salud integral- para brindar el\nasesoramiento pertinente y consecuentemente evitar su impugnaci\u00f3n.<\/p>\n\n\n\n<p>\nAs\u00ed\nmismo, a solicitud de la autoridad judicial present\u00f3 y adjunt\u00f3\npresupuestos descriptivos supervisados y avalados por la Coordinadora\ndel \u00c1rea y Autoridades de Consejo Directivo del CPSSPC. \n<\/p>\n\n\n\n<p>\nFinalmente,\nlo peticionado  por la Profesional actuante en autos fue otorgado\nseg\u00fan constan en Expte. N\u00ba 7436856. Jurisprudencia Decreto\n25\/8\/2020, Juzgado de Familia 6\u00aa Nom. TSJ. \n<\/p>\n\n\n\n<p>\nCreemos\nque la valoraci\u00f3n del ejercicio profesional es indiscutible, m\u00e1s\na\u00fan en el \u00e1mbito de administraci\u00f3n de justicia.  Estimamos que, en\ncumplimiento de dar respuesta a las tareas periciales, los espacios\nde exposici\u00f3n con nuestra intervenci\u00f3n, no deben impedir el\ndesempe\u00f1o profesional, m\u00e1s bien nos impone repensar  y recrear\ncursos de acci\u00f3n, en el marco de nuestra autonom\u00eda disciplinaria,\nque consideren los niveles de prevenci\u00f3n, promoci\u00f3n y\ntransformaci\u00f3n social. \n<\/p>\n\n\n\n<p>\nLic.\nMar\u00eda Adriana Lay\u00fas                                 Lic. Mar\u00eda del\nCarmen Bustos<\/p>\n","protected":false},"excerpt":{"rendered":"<p>El \u00c1rea Socio Jur\u00eddico Criminol\u00f3gica del CPSSPC comparte con los\/as Colegas Perito\/as y los\/as interesados\/as en la tem\u00e1tica, determinadas reflexiones<\/p>\n","protected":false},"author":1,"featured_media":7729,"comment_status":"open","ping_status":"open","sticky":false,"template":"","format":"standard","meta":{"footnotes":""},"categories":[65,14],"tags":[],"_links":{"self":[{"href":"https:\/\/cpsscba.org\/confluenciasvirtual\/index.php?rest_route=\/wp\/v2\/posts\/7725"}],"collection":[{"href":"https:\/\/cpsscba.org\/confluenciasvirtual\/index.php?rest_route=\/wp\/v2\/posts"}],"about":[{"href":"https:\/\/cpsscba.org\/confluenciasvirtual\/index.php?rest_route=\/wp\/v2\/types\/post"}],"author":[{"embeddable":true,"href":"https:\/\/cpsscba.org\/confluenciasvirtual\/index.php?rest_route=\/wp\/v2\/users\/1"}],"replies":[{"embeddable":true,"href":"https:\/\/cpsscba.org\/confluenciasvirtual\/index.php?rest_route=%2Fwp%2Fv2%2Fcomments&post=7725"}],"version-history":[{"count":2,"href":"https:\/\/cpsscba.org\/confluenciasvirtual\/index.php?rest_route=\/wp\/v2\/posts\/7725\/revisions"}],"predecessor-version":[{"id":7727,"href":"https:\/\/cpsscba.org\/confluenciasvirtual\/index.php?rest_route=\/wp\/v2\/posts\/7725\/revisions\/7727"}],"wp:featuredmedia":[{"embeddable":true,"href":"https:\/\/cpsscba.org\/confluenciasvirtual\/index.php?rest_route=\/wp\/v2\/media\/7729"}],"wp:attachment":[{"href":"https:\/\/cpsscba.org\/confluenciasvirtual\/index.php?rest_route=%2Fwp%2Fv2%2Fmedia&parent=7725"}],"wp:term":[{"taxonomy":"category","embeddable":true,"href":"https:\/\/cpsscba.org\/confluenciasvirtual\/index.php?rest_route=%2Fwp%2Fv2%2Fcategories&post=7725"},{"taxonomy":"post_tag","embeddable":true,"href":"https:\/\/cpsscba.org\/confluenciasvirtual\/index.php?rest_route=%2Fwp%2Fv2%2Ftags&post=7725"}],"curies":[{"name":"wp","href":"https:\/\/api.w.org\/{rel}","templated":true}]}}