{"id":7678,"date":"2020-07-23T23:14:36","date_gmt":"2020-07-23T23:14:36","guid":{"rendered":"http:\/\/cpsscba.org\/confluenciasvirtual\/?p=7678"},"modified":"2020-09-25T23:11:50","modified_gmt":"2020-09-25T23:11:50","slug":"acta-no02-2020","status":"publish","type":"post","link":"https:\/\/cpsscba.org\/confluenciasvirtual\/?p=7678","title":{"rendered":"ACTA N\u00ba 02\/2020"},"content":{"rendered":"\n<p><strong>ACTA N\u00ba 02\/2020<\/strong><\/p>\n\n\n\n<p>En la ciudad de C\u00f3rdoba, a los veinte d\u00edas del mes de Julio, a las 18:30 horas, se constituye la Junta Electoral designada por Asamblea Ordinaria de colegiados del Colegio de Profesionales en Servicio Social de la Provincia de C\u00f3rdoba de fecha 11\/03\/2020 y conforme al llamado de elecciones de autoridades del Consejo Directivo y Tribunal de Disciplina resuelto por Consejo Directivo de fecha 29\/04\/2020 para el d\u00eda 16 de Octubre de 2020 y conforme al Reglamento de la Ley 7341 y Ley 7342, Cap\u00edtulo V,  se trata los siguientes temas: <\/p>\n\n\n\n<p><strong>1) ESTABLECER PLAZOS PARA CUMPLIMIENTOS DE LAS DISTINTAS ETAPAS PREELECCIONARIAS<\/strong> (Cronograma Electoral) conforme a lo establecido en la normativa vigente (Art. 94 Reglamento Electoral) y<\/p>\n\n\n\n<p><strong>2)<\/strong> <strong>ESTABLECER REQUISITOS PARA EJERCER EL DERECHO A VOTO Y EL DERECHO A VOTAR Y SER ELEGIDO <\/strong>(Art. 84 Reglamento Electoral)<strong> <\/strong><\/p>\n\n\n\n<p><strong>3) CONSIDERACIONES SOBRE LA SITUACI\u00d3N ACTUAL CONFORME AL AISLAMIENTO SOCIAL OBLIGATORIO POR LA PANDEMIA DEL COVIT &#8211; 19 <\/strong>, y conforme a lo debatido se                    <\/p>\n\n\n\n<p><strong>R E S U E L V E: <\/strong><\/p>\n\n\n\n<p><strong>1)  SE APRUEBA<\/strong> el cronograma electoral conforme a la normativas vigentes, que figura como ANEXO I de la presente Acta N\u00ba002\/2020 de la presente Junta Electoral. <\/p>\n\n\n\n<p><strong>2)<\/strong> <strong>SE ESTABLECE que para ejercer el DERECHO DEL VOTO,<\/strong> los colegiados deber\u00e1n  tener la cuota mensual correspondiente a la matricula profesional, <strong>paga hasta el mes de Febrero de 2020 inclusive. Asimismo para ejercer el DERECHO A SER ELEGIDO, es decir integrar la nomina de candidatos <\/strong>deber\u00e1 tener la cuota mensual correspondiente a la matricula profesional<strong>, paga hasta el mes de Agosto 2020 inclusive. <\/strong>As\u00ed tambi\u00e9n <strong>se establece d\u00eda Lunes 14 de Septiembre de 2020, como fecha l\u00edmite para que los colegiados puedan regularizar su deudas si las tuviere, para ser incluido en el Padr\u00f3n Electoral correspondiente, por secretar\u00eda del Colegio y por medio de las modalidades de pago vigentes a dicha fecha.  <\/strong><\/p>\n\n\n\n<p><strong>3) SE ESTABLECE<\/strong> que dada la situaci\u00f3n actual del Aislamiento Social Obligatorio por la pandemia del Covit 19, <strong>el cronograma electoral y todos los plazos pre establecidos son dispuestos en el escenario que a la fecha de la elecci\u00f3n haya cesado dicho aislamiento, o se autorice el acto electoral con las condiciones que los organismos pertinentes establezcan.<\/strong><\/p>\n\n\n\n<p>No\nhabiendo otro tema que tratar se levanta la sesi\u00f3n de la Junta\nElectoral a las 21:00 horas del d\u00eda de la fecha, firmando un solo\nejemplar, quedando reservado en el libro de Actas respectivo,\nrealiz\u00e1ndose la publicaci\u00f3n por los medios comunicacionales\ncorrespondientes del  \u00c1rea de Prensa y Difusi\u00f3n del Colegio de\nProfesionales en Servicio Social de la Provincia de C\u00f3rdoba.<\/p>\n\n\n\n<p><strong>VOCAL<\/strong><\/p>\n\n\n\n<p>MARGARITA DE LAS MERCEDES ACOSTA (MP 1156)                  <\/p>\n\n\n\n<p><strong>VOCAL<\/strong><\/p>\n\n\n\n<p>SILVIA CRISTINA FOSSINI (MP: 3887)<\/p>\n\n\n\n<p><strong>SECRETARIO<\/strong>      <\/p>\n\n\n\n<p>LUCAS VENTURA RODR\u00cdGUEZ  (MP: 994)<\/p>\n\n\n\n<p><strong>PRESIDENTA<\/strong><\/p>\n\n\n\n<p>DOLORES VERON (MP 521)<\/p>\n\n\n\n<hr class=\"wp-block-separator\"\/>\n\n\n\n<p><strong>PLAZOS PARA CUMPLIMIENTOS DE LAS DISTINTAS ETAPAS PRE-ELECCIONARIAS VER AQU\u00cd: <\/strong><\/p>\n\n\n\n<div class=\"wp-block-file\"><a href=\"http:\/\/cpsscba.org\/confluenciasvirtual\/wp-content\/uploads\/2020\/07\/ANEXO-I-ACTA-NUMERO-002-JUNTA-ELECTORAL.pdf\">ANEXO-I-ACTA-NUMERO-002-JUNTA-ELECTORAL<\/a><a href=\"http:\/\/cpsscba.org\/confluenciasvirtual\/wp-content\/uploads\/2020\/07\/ANEXO-I-ACTA-NUMERO-002-JUNTA-ELECTORAL.pdf\" class=\"wp-block-file__button\" download>Descarga<\/a><\/div>\n\n\n\n<p><\/p>\n","protected":false},"excerpt":{"rendered":"<p>ACTA N\u00ba 02\/2020 En la ciudad de C\u00f3rdoba, a los veinte d\u00edas del mes de Julio, a las 18:30 horas,<\/p>\n","protected":false},"author":1,"featured_media":7691,"comment_status":"open","ping_status":"open","sticky":false,"template":"","format":"standard","meta":{"footnotes":""},"categories":[14,134],"tags":[],"_links":{"self":[{"href":"https:\/\/cpsscba.org\/confluenciasvirtual\/index.php?rest_route=\/wp\/v2\/posts\/7678"}],"collection":[{"href":"https:\/\/cpsscba.org\/confluenciasvirtual\/index.php?rest_route=\/wp\/v2\/posts"}],"about":[{"href":"https:\/\/cpsscba.org\/confluenciasvirtual\/index.php?rest_route=\/wp\/v2\/types\/post"}],"author":[{"embeddable":true,"href":"https:\/\/cpsscba.org\/confluenciasvirtual\/index.php?rest_route=\/wp\/v2\/users\/1"}],"replies":[{"embeddable":true,"href":"https:\/\/cpsscba.org\/confluenciasvirtual\/index.php?rest_route=%2Fwp%2Fv2%2Fcomments&post=7678"}],"version-history":[{"count":3,"href":"https:\/\/cpsscba.org\/confluenciasvirtual\/index.php?rest_route=\/wp\/v2\/posts\/7678\/revisions"}],"predecessor-version":[{"id":7738,"href":"https:\/\/cpsscba.org\/confluenciasvirtual\/index.php?rest_route=\/wp\/v2\/posts\/7678\/revisions\/7738"}],"wp:featuredmedia":[{"embeddable":true,"href":"https:\/\/cpsscba.org\/confluenciasvirtual\/index.php?rest_route=\/wp\/v2\/media\/7691"}],"wp:attachment":[{"href":"https:\/\/cpsscba.org\/confluenciasvirtual\/index.php?rest_route=%2Fwp%2Fv2%2Fmedia&parent=7678"}],"wp:term":[{"taxonomy":"category","embeddable":true,"href":"https:\/\/cpsscba.org\/confluenciasvirtual\/index.php?rest_route=%2Fwp%2Fv2%2Fcategories&post=7678"},{"taxonomy":"post_tag","embeddable":true,"href":"https:\/\/cpsscba.org\/confluenciasvirtual\/index.php?rest_route=%2Fwp%2Fv2%2Ftags&post=7678"}],"curies":[{"name":"wp","href":"https:\/\/api.w.org\/{rel}","templated":true}]}}