{"id":7568,"date":"2020-04-22T22:02:02","date_gmt":"2020-04-22T22:02:02","guid":{"rendered":"http:\/\/cpsscba.org\/confluenciasvirtual\/?p=7568"},"modified":"2024-02-07T19:44:07","modified_gmt":"2024-02-07T19:44:07","slug":"protocolo-de-abordaje-desde-trabajo-social-en-la-problematica-socio-sanitaria-de-infeccion-por-covid-19","status":"publish","type":"post","link":"https:\/\/cpsscba.org\/confluenciasvirtual\/?p=7568","title":{"rendered":"PROTOCOLO DE ABORDAJE DESDE TRABAJO SOCIAL  EN LA PROBLEM\u00c1TICA SOCIO SANITARIA DE  INFECCI\u00d3N  POR COVID-19"},"content":{"rendered":"\n<p><em> Agradecemos por este aporte a: <\/em><\/p>\n\n\n\n<p> <em>Lic. Ambasch Ver\u00f3nica<br> Lic. Cabrera Claudia<br> Lic. Ortega Carolina<\/em><\/p>\n\n\n\n<p><em> INTEGRANTES DE LA DIVISI\u00d3N TRABAJO SOCIAL  HOSPITAL RAWSON<\/em><\/p>\n\n\n\n<p><strong>1- INTRODUCCI\u00d3N<\/strong><\/p>\n\n\n\n<p>En el marco de la emergencia sanitaria generada por la pandemia COVID-19 y siendo el Hospital Rawson una de las Instituciones de Salud de referencia en la atenci\u00f3n de esta patolog\u00eda, desde la Divisi\u00f3n Trabajo Social del Hospital Rawson, nos planteamos la necesidad de reflexionar acerca de los desaf\u00edos y las nuevas demandas a las que esta situaci\u00f3n de emergencia, nos enfrenta a un ritmo vertiginoso.<\/p>\n\n\n\n<p>Como profesionales del trabajo social, no podemos dejar de se\u00f1alar las implicancias que \u201clo social\u201d adquiere en esta pandemia, no s\u00f3lo por las condiciones de r\u00e1pida propagaci\u00f3n del virus COVID-19 -altamente contagioso- y las estrictas normativas tendientes a prevenir o reducir la transmisi\u00f3n (aislamiento social, distanciamiento, cuarentena, entre otras) sino tambi\u00e9n, porque las desigualdades sociales prevalecientes, definen diferentes posibilidades para los sujetos, en el proceso salud-enfermedad-atenci\u00f3n. En este sentido, optamos por la noci\u00f3n de determinantes sociales de la salud, la cual nos ayuda a comprender que las condiciones de vida de las personas, sus posibilidades (o no) de resoluci\u00f3n de necesidades, el acceso a la salud, educaci\u00f3n, alimentaci\u00f3n, trabajo, vivienda, entre otros, definen la manera de enfermarse, y de acceder a los recursos para afrontar las enfermedades y sus consecuencias\u2026<\/p>\n\n\n\n<p>En este contexto, como trabajadoras sociales con ejercicio profesional en un Hospital de referencia para la atenci\u00f3n de la pandemia que hoy nos ocupa, tenemos la responsabilidad \u00e9tica de intervenir con fundamentos en los marcos legales disciplinares: La Ley Federal del Trabajo Social (Ley 27.072 A\u00f1o 2014) que en su art\u00edculo 4\u00b0 alude a \u201c(\u2026) los principios de  la justicia social, de los derechos humanos, la responsabilidad colectiva y el respeto a la diversidad son fundamentales para el Trabajo Social\u201d\u2026  y en su art\u00edculo 11 inc. d, hace referencia a la obligaci\u00f3n de \u201cPrestar la colaboraci\u00f3n que le sea requerida por las autoridades sanitarias en casos de epidemias, desastres u otras emergencias (\u2026)\u201d.<\/p>\n\n\n\n<p>El C\u00f3digo de \u00c9tica del Colegio de Profesionales de Servicio Social de la Provincia de C\u00f3rdoba (2007) en su art\u00edculo 11 privilegia \u201c(\u2026) Fortalecer la articulaci\u00f3n transdisciplinaria que favorezca una visi\u00f3n integral de la realidad social\u201d.<\/p>\n\n\n\n<p>Es por esto que desde la Divisi\u00f3n Trabajo Social del Hospital Rawson, nos proponemos sostener un quehacer profesional encaminado a acompa\u00f1ar el proceso de salud-enfermedad-atenci\u00f3n de los sujetos que requieren asistencia en esta Instituci\u00f3n de Salud,re-creando y re-elaborando nuestras intervenciones profesionales, de acuerdo a los requerimientos y urgencias con que la pandemia Covid-19 impacta en la sociedad y en el contexto institucional. <\/p>\n\n\n\n<figure class=\"wp-block-image\"><img loading=\"lazy\" decoding=\"async\" width=\"940\" height=\"788\" src=\"http:\/\/cpsscba.org\/confluenciasvirtual\/wp-content\/uploads\/2020\/04\/PROTOCOLO-TS.png\" alt=\"\" class=\"wp-image-7576\" srcset=\"https:\/\/cpsscba.org\/confluenciasvirtual\/wp-content\/uploads\/2020\/04\/PROTOCOLO-TS.png 940w, https:\/\/cpsscba.org\/confluenciasvirtual\/wp-content\/uploads\/2020\/04\/PROTOCOLO-TS-300x251.png 300w, https:\/\/cpsscba.org\/confluenciasvirtual\/wp-content\/uploads\/2020\/04\/PROTOCOLO-TS-768x644.png 768w\" sizes=\"(max-width: 940px) 100vw, 940px\" \/><\/figure>\n\n\n\n<ol><li><strong>ANTECEDENTES<\/strong><\/li><\/ol>\n\n\n\n<p>A los fines de la elaboraci\u00f3n del presente protocolo, profundizamos en los recientes trabajos elaborados por colegas trabajadoras\/es sociales de aquellos pa\u00edses donde  la pandemia Covid-19 tuvo sus inicios. As\u00ed, encontramos que las intervenciones de trabajo social tanto en China como en Corea del Sur, se centraron fuertemente en los espacios territoriales, en las comunidades afectadas, desarrollando all\u00ed tareas de informaci\u00f3n, prevenci\u00f3n, educaci\u00f3n en torno a las medidas de cuidados y protecci\u00f3n, higiene, limpieza de las viviendas, apoyo a las medidas como cuarentena y normativas de aislamiento social, apoyo y contenci\u00f3n psico social,  y detectando adem\u00e1s aquellas situaciones de necesidades especiales en la circunstancia del aislamiento domiciliario (tales como alimentaci\u00f3n, medicamentos, cuidados especiales, etc.) Ver en https:\/\/www.mitrabajoessocial.com\/blog\/  MI TRABAJO ES SOCIAL Plataforma Acad\u00e9mica de Trabajo Social.<\/p>\n\n\n\n<p>En el caso de Espa\u00f1a, espec\u00edficamente, se publica con fecha 17 de marzo de 2020, el PLAN DE EMERGENCIA DE TRABAJO SOCIAL SANITARIO.  GESTI\u00d3N SOCIAL SANITARIA COVID-19      Publicado por: Consejo General del Trabajo Social- Asociaci\u00f3n Espa\u00f1ola de Trabajo Social y Salud- Colexio Oficial de Traballo Social de Galicia.<\/p>\n\n\n\n<p>Este documento resulta interesante a los fines de una revisi\u00f3n a las modalidades organizativas de los servicios sociales hospitalarios, y a la necesidad de repensar y redefinir las caracter\u00edsticas que asumir\u00e1 el quehacer profesional del trabajo social en nuestro caso hospitalario, frente a la emergencia sanitaria generada en el marco de la pandemia por Covid-19.<\/p>\n\n\n\n<p>Como integrantes de la divisi\u00f3n trabajo social en uno de los hospitales p\u00fablicos de referencia para la atenci\u00f3n de infecci\u00f3n por Covid-19, nos toca como disciplina, construir un camino en el abordaje social de esta problem\u00e1tica socio-sanitaria, el cual se nutre de nuestra ardua trayectoria y experiencia en el trabajo que venimos desarrollando desde hace muchos a\u00f1os con los sujetos de nuestra intervenci\u00f3n profesional en el Hospital Rawson (personas con diversas y m\u00faltiples patolog\u00edas cr\u00f3nicas en seguimiento ambulatorio y\/o en situaci\u00f3n de internaci\u00f3n,  adolescentes, adultos\/as, adultos\/as mayores, sus familiares y\/o integrantes de su entorno social) acompa\u00f1ando los procesos de salud-enfermedad-atenci\u00f3n de estos sujetos, desde el marco de los derechos humanos y ciudadanos y del abordaje integral e interdisciplinario como ejes de nuestro quehacer profesional.<\/p>\n\n\n\n<p>Y en esta l\u00ednea, hoy nos encontramos en la emergencia, frente a la imperiosa necesidad de re-dise\u00f1ar nuestros ejes y prioridades de trabajo, en vistas a acompa\u00f1ar los procesos de salud-enfermedad-atenci\u00f3n, tambi\u00e9n de aquellos sujetos afectados por la infecci\u00f3n por Covid-19 y por las consecuencias de esta pandemia.<\/p>\n\n\n\n<p>Esta construcci\u00f3n te\u00f3rica-metodol\u00f3gica en pleno proceso de emergencia sanitaria, es el gran desaf\u00edo que hoy nos ocupa como profesi\u00f3n comprometida con los derechos de las personas.     <\/p>\n\n\n\n<p> <strong>FUNDAMENTACI\u00d3N DE LA INTERVENCI\u00d3N DE TS EN LA PROBLEM\u00c1TICA SOCIO SANITARIA GENERADA POR LA  PANDEMIA COVID-19<\/strong><\/p>\n\n\n\n<p>Atendiendo a la importancia que reviste la consideraci\u00f3n de \u201clo social\u201d en toda problem\u00e1tica de salud, nos hacemos eco de los aportes del Dr. Jaime Breilh (1991) cuando expresa \u201cEl conocimiento objetivo de la salud y sus problemas debe relacionar las formas de vida o de reproducci\u00f3n social que caracterizan a los diferentes grupos sociales, sus patrones de trabajo y consumo, sus modalidades de actividad pr\u00e1ctica, sus formas organizativas y su cultura, con el comportamiento de sus organismos y las enfermedades que los afectan. Tanto las modalidades de vida, en cuyo seno cobran existencia los procesos destructivos o deteriorantes, como los patrones de enfermedad que los expresan son caracter\u00edsticos en cada conglomerado clase social\u201d. <\/p>\n\n\n\n<p>As\u00ed, se alude a los procesos de salud-enfermedad como una expresi\u00f3n particular de las condiciones de vida de las personas, noci\u00f3n que enriquece Alfredo J.M. Carballeda (2020) al plantear que \u201cla enfermedad como proceso impacta de manera distinta seg\u00fan el lugar, espacio donde aparece, las caracter\u00edsticas nutricionales, habitacionales, las enfermedades previas, las condiciones de construcci\u00f3n de la cotidianeidad y especialmente la posibilidad de percepci\u00f3n de sentirse enfermo, sano o expuesto a  ella en relaci\u00f3n a la subjetividad de cada uno y de los condicionamientos sociales y econ\u00f3micos  que dialogan inevitablemente con estas cuestiones\u201d. <\/p>\n\n\n\n<p>En este sentido, el autor rescata la importancia de la intervenci\u00f3n del trabajo social en la posibilidad de identificar las singularidades de lo social y de dar cuenta desde su quehacer profesional, de las caracter\u00edsticas territoriales, de las circunstancias en que las cifras epidemiol\u00f3gicas suceden, aspecto que desde el trabajo social, se puede visibilizar en el marco de la intervenci\u00f3n espec\u00edfica.<\/p>\n\n\n\n<p>A los fines de enriquecer la presente fundamentaci\u00f3n, inclu\u00edmos otros aportes conceptuales  que nos permiten caracterizar la situaci\u00f3n de emergencia en la que estamos inmersos.  Pensar la intervenci\u00f3n profesional en este tipo de situaciones exige  conceptualizar con mayor precisi\u00f3n la palabra \u201cdesastre\u201d (Arito S. 2003): la Organizaci\u00f3n Mundial de la Salud \u2013OMS-, considera al desastre como: \u201cuna situaci\u00f3n que implica amenazas imprevistas graves e inmediatas para la Salud P\u00fablica\u201d. La Organizaci\u00f3n Panamericana de la Salud \u2013OPS- , define al desastre como \u201cuna situaci\u00f3n que sobrepasa la capacidad de respuesta del sector salud\u201d.<\/p>\n\n\n\n<p>Alicia Stolkiner (2008) trabaja el concepto desastre-cat\u00e1strofe como \u201cun acto de la naturaleza o del hombre cuya amenaza es de suficiente gravedad y magnitud para justificar asistencia de emergencia. Es decir, se rebasa la capacidad de respuesta que tiene una comunidad determinada\u201d.<\/p>\n\n\n\n<p>Los profesionales que somos parte e intervenimos en el campo de lo social en general, en nuestro caso desde el Trabajo Social y m\u00e1s concretamente, los del campo sanitario (hospitales, centros de salud, etc.) son especialmente necesarios y tienen responsabilidades atribuidas en situaciones de emergencias; no s\u00f3lo desde el punto de vista asistencial, sino tambi\u00e9n el preventivo, educativo, rehabilitador, de promoci\u00f3n de la autoprotecci\u00f3n y del voluntariado en emergencias.<\/p>\n\n\n\n<p>\u00bfPor qu\u00e9 consideramos tan  importante nuestra intervenci\u00f3n?<\/p>\n\n\n\n<p>La particularidad que conlleva la afecci\u00f3n por Covid-19 en cuanto a las indicaciones para al abordaje cl\u00ednico (aislamiento domiciliario o internaci\u00f3n en sala de aislamiento) como los cuidados para familiares o convivientes del afectado; y los requerimientos a nivel comunitario (aislamiento social preventivo obligatorio)  implican una ruptura en la vida cotidiana con impacto todav\u00eda no cuantificable a nivel individual, social y comunitario. <\/p>\n\n\n\n<p>La necesidad de aislamiento (tanto en el hospital como en el domicilio) de la persona con diagn\u00f3stico de Covid-19 impacta de manera significativa ya que impide la conexi\u00f3n habitual-personal con los seres queridos y allegados, provocando ansiedad, miedo e incertidumbre que se suma al malestar f\u00edsico que la persona ya experimenta por su cuadro cl\u00ednico. A esta situaci\u00f3n de aislamiento se entrecruzan los aspectos que estructuran cotidianamente la vida de los sujetos y que se ven obstaculizados por el padecimiento: la vida familiar, el trabajo de cuidador sobre otros miembros de la familia, el trabajo formal o informal, el acceso a la educaci\u00f3n entre otros.<\/p>\n\n\n\n<p>Es la intervenci\u00f3n en estos aspectos (materiales o no materiales) donde se centra nuestro trabajo, articulada y de manera interdisciplinaria con el resto del equipo de salud. A los fines de abordar aspectos centrales de la problem\u00e1tica que exceden lo estrictamente m\u00e9dico\/biol\u00f3gico, proponemos el presente Protocolo de Abordaje Social en infecci\u00f3n por Covid-19 cuyo centro de acci\u00f3n se desarrolla en uno de los Hospitales de referencia de la Provincia de C\u00f3rdoba, para la asistencia de personas con sospecha o confirmaci\u00f3n de Covid-19.     <\/p>\n\n\n\n<p><strong>SUJETOS DE INTERVENCI\u00d3N<\/strong><\/p>\n\n\n\n<p>Desde nuestro posicionamiento te\u00f3rico-pol\u00edtico e ideol\u00f3gico particular consideramos a las personas que se asisten en esta Instituci\u00f3n de Salud como SUJETOS DE DERECHOS.<\/p>\n\n\n\n<p>En el presente protocolo de abordaje social, los sujetos de nuestra intervenci\u00f3n son aquellas personas que asisten al Hospital Rawson y que son diagnosticadas o tienen sospecha de Covid-19 que requieran quedar internadas o  deban realizar el tratamiento en su domicilio y que por alguna vulnerabilidad social detectada por el equipo de salud ameriten de la valoraci\u00f3n y seguimiento de trabajo social. Esto en el marco institucional descrito previamente: Hospital Rawson de la ciudad de C\u00f3rdoba, perteneciente al \u00e1mbito sanitario provincial y actualmente designado como centro de atenci\u00f3n de Covid-19 y personas con s\u00edntomas febriles y respiratorios.<\/p>\n\n\n\n<p>En el presente protocolo definimos las siguientes situaciones de vulnerabilidad social a los fines de solicitar derivaci\u00f3n de inmediato a Trabajo Social: Persona que vive sola, sin red de apoyo<\/p>\n\n\n\n<ul><li>Persona con escasa red de contenci\u00f3n.<\/li><li>Personas que tienen a cargo el cuidado de otros miembros de la familia\/unidad dom\u00e9stica.<\/li><li>Personas de paso, trabajadores golondrina.<\/li><li>Personas en situaci\u00f3n de dependencia sin contenci\u00f3n social.<\/li><li>Familias monoparentales con menores sin redes de contenci\u00f3n.<\/li><li>Personas en situaci\u00f3n de calle.<\/li><li>Personas LGBTQ+<\/li><li>Personas con condiciones habitacionales inadecuadas para medidas de aislamiento social.<\/li><li>Personas en contextos de encierro.<\/li><li>Personas que residen en instituciones para adultos mayores, para adolescentes, centros de rehabilitaci\u00f3n.<\/li><li>Personas con tratamientos cr\u00f3nicos previos, que habitualmente realizamos seguimiento social (VIH. TBC, oxigenoterapia, DBT, personas en di\u00e1lisis, etc).<\/li><li>Personas que requieran  internaci\u00f3n\/aislamiento y no cuentan con el documento nacional de identidad ni otros documentaci\u00f3n que acredite identidad, lo cual es requerida en algunas gestiones administrativas  vinculadas a esta patolog\u00eda.<\/li><\/ul>\n\n\n\n<p><strong>OBJETO DE INTERVENCI\u00d3N<\/strong><\/p>\n\n\n\n<p>El objeto de intervenci\u00f3n de Trabajo Social es una construcci\u00f3n que surge al redefinir los problemas sociales como problemas de intervenci\u00f3n profesional en tanto implican obst\u00e1culos para la reproducci\u00f3n cotidiana de la existencia de los sujetos involucrados.<\/p>\n\n\n\n<p>En el tema que nos ocupa, el trabajo social define los problemas a los que dirige la intervenci\u00f3n, como aquellos \u201cobst\u00e1culos en el acceso a recursos en el marco de la reproducci\u00f3n de la existencia cotidiana y sostenimiento de la salud\u201d (\u2026) \u201cIdentificando aquellas dimensiones que pueden transformarse, los recursos necesarios y a qu\u00e9 sujetos involucra\u201d (Nucci, N. Crosetto, R. Bilavcik, C. Miani, A. 2018)<\/p>\n\n\n\n<p>De esta manera, el trabajo social ocupa un lugar de intermediaci\u00f3n activa entre los sujetos que demandan por obst\u00e1culos en los procesos de reproducci\u00f3n cotidiana ligados al sostenimiento de la salud y los servicios de salud, y los recursos necesarios para la resoluci\u00f3n de dichos obst\u00e1culos.<\/p>\n\n\n\n<p>Esta intermediaci\u00f3n se desarrolla en dos dimensiones: <\/p>\n\n\n\n<pre class=\"wp-block-code\"><code>\u2022 Una pr\u00e1ctica distributiva\n\u2022 Una pr\u00e1ctica cultural<\/code><\/pre>\n\n\n\n<p>La primera alude a la distribuci\u00f3n de valores de uso (vinculado a las necesidades materiales) y la segunda refiere al abordaje de un conjunto de s\u00edmbolos y formas culturales que permiten transformar o reproducir los obst\u00e1culos definidos (vinculado a necesidades no materiales)<\/p>\n\n\n\n<p>En el abordaje social con personas asistidas por sospecha y\/o infecci\u00f3n por Covid-19, la definici\u00f3n del objeto de intervenci\u00f3n est\u00e1 dada por obst\u00e1culos tales como:<br>     \u2022 Dificultades para contar con un espacio habitacional adecuado para sostener el aislamiento domiciliario indicado.<br>     \u2022 Dificultades para la resoluci\u00f3n de necesidades b\u00e1sicas tales como la alimentaci\u00f3n mientras dure la indicaci\u00f3n de aislamiento domiciliario y la imposibilidad de trabajar para la persona afectada.<br>     \u2022 Dificultades para el acceso a dispositivo de comunicaci\u00f3n (tel\u00e9fono) para concretar intercomunicaci\u00f3n entre la persona internada y su familia\/entorno y para posibilitar el seguimiento desde el equipo de salud durante el aislamiento domiciliario.<br>     \u2022 Dificultades en la organizaci\u00f3n de la unidad dom\u00e9stica para el cuidado de ni\u00f1as, ni\u00f1os, adolescentes, adultos\/as mayores y personas con discapacidad, en el per\u00edodo de internaci\u00f3n\/aislamiento de la persona afectada.<br>     \u2022 Impacto emocional generado por la limitaci\u00f3n para el contacto entre la persona internada y su familiar\/entorno.<br>     \u2022 Dificultades para contar con informaci\u00f3n clara y precisa en cuanto a medidas de prevenci\u00f3n de contagio y de autocuidado (higiene personal y dom\u00e9stica, lavado de manos, distanciamiento social, y toda medida que se vaya incorporando sobre la marcha)<br>     \u2022 Dificultades para el acceso a elementos de higiene y limpieza para autocuidado (agua, jab\u00f3n, lavandina, alcohol, entre otros)<br>     \u2022 Problem\u00e1ticas sociales agregadas a la infecci\u00f3n por Covid-19, ya sea pre-existentes o que pudieran surgir durante el proceso de internaci\u00f3n y\/o aislamiento (violencia de g\u00e9nero, consumo problem\u00e1tico de sustancias, afecci\u00f3n emocional generada por la situaci\u00f3n de enfermedad y aislamiento social entre otros).<\/p>\n\n\n\n<p><strong>OBJETIVOS<\/strong><\/p>\n\n\n\n<p><strong>Objetivo General:<\/strong><\/p>\n\n\n\n<p>Contribuir desde la disciplina de trabajo social, a una mejora en la accesibilidad de las personas expuestas, con sospecha y\/o confirmaci\u00f3n de infecci\u00f3n por Covid 19, a los recursos materiales y no materiales necesarios para atravesar la situaci\u00f3n de epidemia, en las mejores condiciones posibles, desde el punto de vista socio-sanitario.<\/p>\n\n\n\n<p><strong>Objetivos espec\u00edficos:<\/strong><\/p>\n\n\n\n<pre class=\"wp-block-code\"><code>\u2022 Propiciar toma de contacto con familiares, allegados\/as, entorno social de la persona  internada con sospecha o confirmaci\u00f3n de infecci\u00f3n por Covid 19 a los fines de conocer informaci\u00f3n importante para un abordaje socio-sanitario integral.\n\n\u2022 Posibilitar una intercomunicaci\u00f3n, mediada por la trabajadora social, entre la persona internada, y el\/la familiar referente (o propuesto\/a por la persona internada) a los fines de aportar mayor tranquilidad a ambas partes, durante el per\u00edodo de la internaci\u00f3n.\n\n\u2022 Fortalecer las redes de articulaci\u00f3n con las diferentes instituciones y organismos p\u00fablicos tanto en las comunidades donde residen las personas internadas, como as\u00ed tambi\u00e9n,  con aquellas que deben dar respuesta a las necesidades materiales y no materiales, que vayan surgiendo en el proceso de atenci\u00f3n de quienes se encuentran internados\/as.   <\/code><\/pre>\n\n\n\n<ul><li><strong>ESTRATEGIA DE INTERVENCI\u00d3N<\/strong><\/li><\/ul>\n\n\n\n<p>A los fines de implementar el protocolo  de abordaje desde trabajo social en emergencia sanitaria por Covid-19, proponemos las siguientes l\u00edneas de acci\u00f3n, las cuales se ir\u00e1n revisando y re-actualizando continuamente en funci\u00f3n a los requerimientos de la contingencia:<\/p>\n\n\n\n<p>1- Reorganizar el funcionamiento y las tareas habituales de la Divisi\u00f3n de Trabajo Social del Hospital Rawson,  adapt\u00e1ndolas a los requerimientos de la situaci\u00f3n de emergencia por pandemia Covid-19<\/p>\n\n\n\n<p>a) La asistencia y seguimiento social de personas con patolog\u00edas cr\u00f3nicas tales como VIH, Diabetes, cuidados respiratorios, (asistidas hist\u00f3ricamente en el Hospital Rawson y bajo Programas espec\u00edficos por cada patolog\u00eda en nuestra divisi\u00f3n de trabajo social) se realizar\u00e1 fundamentalmente con modalidad no presencial (v\u00eda telef\u00f3nica, whatsapp, redes sociales, entre otros) propiciando especialmente a trav\u00e9s de informaci\u00f3n y asesoramiento preciso, que no interrumpan sus tratamientos cr\u00f3nicos.<br>\nb) La asistencia y seguimiento social de personas en tratamiento y controles por TBC, se seguir\u00e1 desarrollando conjuntamente con la m\u00e9dica asignada a tal fin.<br>\nc) Se reforzar\u00e1n las articulaciones con las diferentes \u00e1reas y estamentos gubernamentales con las que esta divisi\u00f3n de trabajo social, tiene gestiones y expedientes iniciados por diferentes recursos (pr\u00e1cticas extrahospitalarias, pr\u00f3tesis, programas de apoyo econ\u00f3mico para determinadas patolog\u00edas, entre otros) a los fines de mantener informaci\u00f3n certera en cuanto al curso y resoluci\u00f3n de los mismos cuando sea posible.         <\/p>\n\n\n\n<p>2- Desarrollar intervenci\u00f3n profesional espec\u00edfica con personas internadas o con aislamiento por sospecha y\/o confirmaci\u00f3n de infecci\u00f3n por Covid-19, que asistan al Hospital Rawson; para ello desarrollaremos las siguientes acciones:<\/p>\n\n\n\n<p>a- Recepci\u00f3n de la derivaci\u00f3n por parte del equipo m\u00e9dico, quienes deber\u00e1n realizar la Interconsulta a Trabajo Social a partir de los criterios de vulnerabilidad social descritos en el punto 4.<br>\nb-Entrevista telef\u00f3nica con la persona internada, siempre que sea posible, a los fines de conocer e indagar sobre aspectos socio-familiares.<br>\nc- Entrevista telef\u00f3nica al familiar\/referente que conste en Historia Cl\u00ednica o aquel indicado por la persona internada.<br>\nd-Diagn\u00f3stico, valoraci\u00f3n social y elaboraci\u00f3n del plan de acci\u00f3n para cada caso en particular, considerando necesidades materiales y no materiales descritas en el punto 5.<br>\ne- Trabajo espec\u00edfico de diagn\u00f3stico y valoraci\u00f3n social, en aquellos casos de personas que deban ser asistidas, cumplimentar tratamiento y\/o aislamiento en otros sitios tales como hoteles, clubes, o el que se asigne (por razones sociales o del sistema de salud) De igual manera, para las personas con indicaci\u00f3n de alta hospitalaria, que deben recurrir a dichos lugares por no contar con las condiciones habitacionales requeridas para terminar el aislamiento domiciliario.  <br>\nf- Trabajo espec\u00edfico en torno a las situaciones de defunciones que vayan ocurriendo, fundamentalmente en la comunicaci\u00f3n con los\/as familiares a los fines de asesoramiento acerca de las gestiones necesarias.<\/p>\n\n\n\n<p><strong>El PLAN DE ACCI\u00d3N incluir\u00e1, de acuerdo al requerimiento, las siguientes actividades:<\/strong><\/p>\n\n\n\n<p>-Fortalecimiento de la articulaci\u00f3n con los organismos gubernamentales centrales:<br> *Ministerio de Desarrollo Social (area Emergencia Social, Adultos mayores.)<br> *Ministerio de Salud (Programas alimentarios, Secretaria de adicciones, Incluir Salud)<br> *Ministerio de Justicia (\u00c1rea Violencia, Atenci\u00f3n Ciudadana).<\/p>\n\n\n\n<p>-Fortalecimiento de la articulaci\u00f3n con organismos comunitarios gubernamentales o no gubernamentales que desarrollen sus acciones en el territorio:<br> *Centros de Salud Municipales.<br> *Caps provinciales.<br> *Comedores comunitarios.<br> *Copas de leche.<br> *Salas Cuna<br> *Centros de Jubilados.<br> *Centros vecinales.<br> *Referentes comunitarios.<\/p>\n\n\n\n<ul><li>Equipos intervinientes en espacios alternativos habilitados para asistencia, tratamientos, y aislamientos en casos necesarios (Clubes, hoteles, etc.) <\/li><li>ATTTA (Asociaci\u00f3n de travestis, transg\u00e9neros y transexuales de Argentina sede C\u00f3rdoba)<\/li><li>AMMAR C\u00f3rdoba (Asociaci\u00f3n civil AMMAR C\u00f3rdoba)<\/li><\/ul>\n\n\n\n<p>-Fortalecimiento de la contenci\u00f3n y apoyo familiar al interior de las Unidades Dom\u00e9sticas, apelando en caso de ser necesario a las redes familiares ampliadas y comunitarias.<\/p>\n\n\n\n<p>A los fines de implementar el Protocolo de Abordaje Social expuesto resulta fundamental contar con guardias permanentes de los organismos gubernamentales a los que hicimos referencia en el Plan de Acci\u00f3n.<\/p>\n\n\n\n<p><strong>BIBLIOGRAF\u00cdA CONSULTADA<\/strong><\/p>\n\n\n\n<p>* <em>Aqu\u00edn, Nora (2005) Pensando en la dimensi\u00f3n \u00e9tico pol\u00edtica del trabajo social. Revista Trabajo Social Nro 1 Medell\u00edn Enero-junio 2005.<br> \u2022 Aqu\u00edn, Nora (2013) Intervenci\u00f3n social, distribuci\u00f3n y reconocimiento en el post neoliberalismo. Revista Debate P\u00fablico Reflexi\u00f3n de Trabajo Social. A\u00f1o 3 (5) <br> \u2022 Arito, Sandra (2003) Trabajo Social : Situaciones de Emergencia Apuntes y Aportes. <br> \u2022 Betancourt, Breilh, Campa\u00f1a (1991) La Salud Enfermedad como hecho social. Jaime Breilh, en Reproducci\u00f3n social y salud. la lucha por la vida y la salud en la era de las revoluciones conservadoras. (p\u00e1g 201-216) Guadalajara M\u00e9xico  Editorial Universidad de Guadalajara.<br> \u2022 Carballeda, Alfredo J.M. (2020) Apuntes sobre la intervenci\u00f3n del Trabajo Social en tiempos de Pandemia de Covid-19.<br> \u2022 C\u00f3digo de \u00c9tica del Colegio de Profesionales en Servicio Social de la Provincia de C\u00f3rdoba. A\u00d1O 2007.<br> \u2022 Ley Federal del Trabajo Social . Ley 27.072 A\u00d1O 2014<br> \u2022 Nucci Nelly, Crosetto Rossana, Bilarvcick Claudia, Miani Ana (2018) La intervenci\u00f3n de Trabajo Social en el campo de la Salud P\u00fablica. Conciencia Social Revista Digital de Trabajo Social Vol 1 (2)  <br> \u2022 Plan de Emergencia de Trabajo Social Sanitario. Gesti\u00f3n Social Sanitaria Covid -19. (2020) Consejo Gral. del Trabajo Social de Galicia. 17\/03\/20<br> \u2022 PROTOCOLO DE ORGANIZACI\u00d3N DEL CENTRO DE OPERACIONES DE EMERGENCIA CORDOBA COVID -19 \u2013 Actualizaci\u00f3n 28.03.2020. Gobierno de la Provincia de C\u00f3rdoba.<br> \u2022 Recomendaciones del Consejo Gral del Trabajo Social. Los y las Trabajadores Sociales ante la situaci\u00f3n del Covid-19. Madrid. 12\/03\/20<br> \u2022 SEMINARIO WEB &#8216;TRABAJO SOCIAL Y LA CRISIS DE COVID 19: PERSPECTIVAS INTERNACIONALES. 2020<br> \u2022 Stolkiner, Alicia (2008) Situaciones de cat\u00e1strofe y salud mental. Clase dictada en la maestr\u00eda de salud mental. Facultad de Trabajo Social . Universidad Nacional de Entre R\u00edos . Mayo 2008.<br> \u2022 https:\/\/www.celats.org\/noticias\/11-noticias\/196-los-trabajadores-sociales-chinos-participaron-activamente-en-la-lucha-contra-el-coronavirus (Accedido el d\u00eda 30 de marzo 2020)<br> \u2022 https:\/\/www.trabajosocialmalaga.org\/ (Accedido el d\u00eda 30 de marzo 2020)<\/em><\/p>\n","protected":false},"excerpt":{"rendered":"<p>Agradecemos por este aporte a: Lic. Ambasch Ver\u00f3nica Lic. Cabrera Claudia Lic. Ortega Carolina INTEGRANTES DE LA DIVISI\u00d3N TRABAJO SOCIAL<\/p>\n","protected":false},"author":1,"featured_media":7576,"comment_status":"open","ping_status":"open","sticky":false,"template":"","format":"standard","meta":{"footnotes":""},"categories":[48,14],"tags":[131],"_links":{"self":[{"href":"https:\/\/cpsscba.org\/confluenciasvirtual\/index.php?rest_route=\/wp\/v2\/posts\/7568"}],"collection":[{"href":"https:\/\/cpsscba.org\/confluenciasvirtual\/index.php?rest_route=\/wp\/v2\/posts"}],"about":[{"href":"https:\/\/cpsscba.org\/confluenciasvirtual\/index.php?rest_route=\/wp\/v2\/types\/post"}],"author":[{"embeddable":true,"href":"https:\/\/cpsscba.org\/confluenciasvirtual\/index.php?rest_route=\/wp\/v2\/users\/1"}],"replies":[{"embeddable":true,"href":"https:\/\/cpsscba.org\/confluenciasvirtual\/index.php?rest_route=%2Fwp%2Fv2%2Fcomments&post=7568"}],"version-history":[{"count":7,"href":"https:\/\/cpsscba.org\/confluenciasvirtual\/index.php?rest_route=\/wp\/v2\/posts\/7568\/revisions"}],"predecessor-version":[{"id":7578,"href":"https:\/\/cpsscba.org\/confluenciasvirtual\/index.php?rest_route=\/wp\/v2\/posts\/7568\/revisions\/7578"}],"wp:featuredmedia":[{"embeddable":true,"href":"https:\/\/cpsscba.org\/confluenciasvirtual\/index.php?rest_route=\/wp\/v2\/media\/7576"}],"wp:attachment":[{"href":"https:\/\/cpsscba.org\/confluenciasvirtual\/index.php?rest_route=%2Fwp%2Fv2%2Fmedia&parent=7568"}],"wp:term":[{"taxonomy":"category","embeddable":true,"href":"https:\/\/cpsscba.org\/confluenciasvirtual\/index.php?rest_route=%2Fwp%2Fv2%2Fcategories&post=7568"},{"taxonomy":"post_tag","embeddable":true,"href":"https:\/\/cpsscba.org\/confluenciasvirtual\/index.php?rest_route=%2Fwp%2Fv2%2Ftags&post=7568"}],"curies":[{"name":"wp","href":"https:\/\/api.w.org\/{rel}","templated":true}]}}