{"id":7548,"date":"2020-04-12T13:51:05","date_gmt":"2020-04-12T13:51:05","guid":{"rendered":"http:\/\/cpsscba.org\/confluenciasvirtual\/?p=7548"},"modified":"2020-04-12T13:58:01","modified_gmt":"2020-04-12T13:58:01","slug":"exceptuaran-del-pago-de-matricula-a-quienes-demuestren-una-significativa-reduccion-de-ingresos-por-la-pandemia","status":"publish","type":"post","link":"https:\/\/cpsscba.org\/confluenciasvirtual\/?p=7548","title":{"rendered":"Exceptuaran del pago de matricula a quienes demuestren una significativa reducci\u00f3n de ingresos por la pandemia"},"content":{"rendered":"\n<p><strong> VISTO<\/strong><\/p>\n\n\n\n<ul><li>La situaci\u00f3n de emergencia sanitaria en la que se encuentra el pa\u00eds, la regi\u00f3n y el mundo dados los efectos de la COVID-19 (declarada pandemia el pasado 11-03-2020 por la Organizaci\u00f3n Mundial de la Salud).<\/li><li>Que con el objetivo de proteger la salud p\u00fablica, el Gobierno Nacional ha dispuesto el aislamiento social, preventivo y obligatorio, seg\u00fan consta en el Decreto 297\/2020 (DECNU-2020-297-APN-PTE), medidas que han sido refrendadas por todas las jurisdicciones (incluido el Gobierno de la Provincia de C\u00f3rdoba y el Municipio de la Ciudad de C\u00f3rdoba).<\/li><li>El deterioro real de las condiciones laborales de muches matriculades de \u00e9ste Colegio, en el marco de los m\u00faltiples efectos provocados por la emergencia sanitaria en la que se encuentra todo el territorio nacional y regional; deterioro que en algunas situaciones ha significado incluso la p\u00e9rdida de la fuente laboral.<\/li><li>Las obligaciones vigentes respecto del pago -en tiempo y forma- de la matr\u00edcula (cuota mensual) al Colegio de Profesionales en Servicio Social de la Provincia de C\u00f3rdoba.<br> \u00a0<\/li><li><strong>Y CONSIDERANDO<\/strong><br> \u00a0<br> \u00a0\u00a0\u00a0\u00a0\u00a0\u00a0\u00a0\u00a0\u00a0\u00a0\u00a0 &#8211; La decisi\u00f3n y definici\u00f3n del Consejo Directivo del\u00a0Colegio de Profesionales en Servicio Social de la Provincia de C\u00f3rdoba de comprometerse y acompa\u00f1ar a les colegiades perjudicades en estas circunstancias de emergencia sanitaria.<br> \u00a0\u00a0\u00a0\u00a0\u00a0\u00a0\u00a0\u00a0\u00a0\u00a0\u00a0 &#8211; Lo establecido respecto de la solidaridad\u00a0como un valor \u00e9tico-pol\u00edtico fundamental, entre los Principios Fundamentales de las Normas \u00e9ticas y el C\u00f3digo de \u00c9tica. Solidaridad que, en estas circunstancias de emergencia sin precedentes, har\u00e1 posible el sostenimiento de todos los compromisos de pago del Colegio de Profesionales en Servicio Social\u00a0de la Provincia de C\u00f3rdoba. Y lo \u00a0que al respecto establece \u00a0el Art. 4 de \u00a0la Ley 7342 entre las funciones del CPSSPC\u00a0 en cuanto prescribe en el inc. d) Fomentar el esp\u00edritu de solidaridad, la consideraci\u00f3n y la asistencia rec\u00edproca entre sus miembros.<br> \u00a0\u00a0\u00a0\u00a0\u00a0\u00a0 \u00a0\u00a0\u00a0\u00a0\u00a0\u00a0 &#8211;\u00a0 Que la mencionada Ley 7342 en su art. Art.11 estipula que entre los deberes y atribuciones del Consejo Directivo est\u00e1 el de cobrar y percibir las cuotas, multas, derechos y dem\u00e1s fondos (inc. n), \u00a0y realizar cuantas medidas fueran conducentes a la acci\u00f3n social, gremial, profesional y econ\u00f3mica en beneficio de los colegiados (inc. o).\u00a0<br> \u00a0\u00a0\u00a0\u00a0\u00a0\u00a0 \u00a0\u00a0\u00a0Que la Ley Federal de Trabajo Social 27072, en el Cap\u00edtulo V\u00a0&#8211; entre las Obligaciones Profesionales, establece la de prestar la colaboraci\u00f3n que le sea requerida por las autoridades sanitarias en caso de epidemias, desastres u otras emergencias.<br> \u00a0\u00a0\u00a0\u00a0\u00a0\u00a0\u00a0\u00a0 Que esta gesti\u00f3n considera que los criterios y principios que fundamentan una decisi\u00f3n de estas caracter\u00edsticas tienen suficiente entidad para tomarla, y que deben ser publicitados para el conocimiento del colectivo profesional, transparentando esta opci\u00f3n, previo ponderar los recursos.<br> \u00a0<br><strong> POR ELLO,  EL\u00a0CONSEJO DIRECTIVO DEL COLEGIO DE PROFESIONALES EN SERVICIO SOCIAL DE LA PROVINCIA DE CORDOBA.  <\/strong><\/li><li><strong>RESUELVE:<\/strong><br><strong> <\/strong><\/li><li><strong>Articulo Nro. 01: Eximir -por v\u00eda de excepci\u00f3n \u00a0del pago correspondiente a la matr\u00edcula de los meses de\u00a0marzo y abril de 2020\u00a0a\u00a0tode matriculade, \u00a0que acredite haber sido\u00a0suspendide, desafectade y\/o desvinculade de su trabajo, en el marco de la crisis sanitaria, siempre que no registre\u00a0 deuda anterior al per\u00edodo en cuesti\u00f3n<\/strong>.<br><strong> <\/strong><\/li><li><strong>Articulo Nro. 02: A tode matriculade que acredite\u00a0reducci\u00f3n significativa de sus ingresos, en el marco de la crisis sanitaria,\u00a0siempre que no registre\u00a0 deuda anterior al per\u00edodo en cuesti\u00f3n,\u00a0se dar\u00e1 opci\u00f3n a eximir -por v\u00eda de excepci\u00f3n \u00a0en un 50% (cincuenta por ciento) del pago correspondiente a la matr\u00edcula de los meses de\u00a0marzo y abril de 2020\u00a0, o de diferir el pago de la matr\u00edcula correspondiente a los meses de\u00a0marzo y abril de 2020, \u00a0para hacerlo efectivo hasta Diciembre de 2020 (con valor nominal del mes de abril 2020). Quienes adopten este diferimiento, abonar\u00e1n\u00a0en ese plazo\u00a0el 100 % -el total- de los pagos de matr\u00edcula de ambos meses.<\/strong><br> <\/li><li><strong>Articulo Nro. 03:<\/strong> Les matriculades que soliciten y encuadren en los beneficios previstos en el Articulo\u00a01 y 2 de la presente resoluci\u00f3n tendr\u00e1n plazo m\u00e1ximo para hacer la presentaci\u00f3n de la misma hasta el\u00a0 31 de mayo del corriente a\u00f1o, fecha tope en que receptar\u00e1n solicitudes.\u00a0<br><strong> <\/strong><\/li><li><strong>Articulo Nro. 04:<\/strong> Delegar a Tesorer\u00eda la reglamentaci\u00f3n de lo resuelto en los Arts. 1, 2 y 3, a los fines de hacer efectivo todo lo all\u00ed dispuesto.<br><strong> <\/strong><\/li><li><strong>Art\u00edculo Nro. 05:<\/strong> Protocol\u00edcese y publ\u00edquese por los medios que correspondan.<\/li><\/ul>\n\n\n\n<p><strong>RESOLUCION N\u00b0 179\/20<\/strong><\/p>\n\n\n\n<p style=\"text-align:right\"><em>C\u00f3rdoba, 08 de abril de 2020<\/em><\/p>\n","protected":false},"excerpt":{"rendered":"<p>VISTO La situaci\u00f3n de emergencia sanitaria en la que se encuentra el pa\u00eds, la regi\u00f3n y el mundo dados los<\/p>\n","protected":false},"author":1,"featured_media":7550,"comment_status":"open","ping_status":"open","sticky":false,"template":"","format":"standard","meta":{"footnotes":""},"categories":[32,14],"tags":[],"_links":{"self":[{"href":"https:\/\/cpsscba.org\/confluenciasvirtual\/index.php?rest_route=\/wp\/v2\/posts\/7548"}],"collection":[{"href":"https:\/\/cpsscba.org\/confluenciasvirtual\/index.php?rest_route=\/wp\/v2\/posts"}],"about":[{"href":"https:\/\/cpsscba.org\/confluenciasvirtual\/index.php?rest_route=\/wp\/v2\/types\/post"}],"author":[{"embeddable":true,"href":"https:\/\/cpsscba.org\/confluenciasvirtual\/index.php?rest_route=\/wp\/v2\/users\/1"}],"replies":[{"embeddable":true,"href":"https:\/\/cpsscba.org\/confluenciasvirtual\/index.php?rest_route=%2Fwp%2Fv2%2Fcomments&post=7548"}],"version-history":[{"count":4,"href":"https:\/\/cpsscba.org\/confluenciasvirtual\/index.php?rest_route=\/wp\/v2\/posts\/7548\/revisions"}],"predecessor-version":[{"id":7553,"href":"https:\/\/cpsscba.org\/confluenciasvirtual\/index.php?rest_route=\/wp\/v2\/posts\/7548\/revisions\/7553"}],"wp:featuredmedia":[{"embeddable":true,"href":"https:\/\/cpsscba.org\/confluenciasvirtual\/index.php?rest_route=\/wp\/v2\/media\/7550"}],"wp:attachment":[{"href":"https:\/\/cpsscba.org\/confluenciasvirtual\/index.php?rest_route=%2Fwp%2Fv2%2Fmedia&parent=7548"}],"wp:term":[{"taxonomy":"category","embeddable":true,"href":"https:\/\/cpsscba.org\/confluenciasvirtual\/index.php?rest_route=%2Fwp%2Fv2%2Fcategories&post=7548"},{"taxonomy":"post_tag","embeddable":true,"href":"https:\/\/cpsscba.org\/confluenciasvirtual\/index.php?rest_route=%2Fwp%2Fv2%2Ftags&post=7548"}],"curies":[{"name":"wp","href":"https:\/\/api.w.org\/{rel}","templated":true}]}}