{"id":7526,"date":"2020-04-04T22:08:54","date_gmt":"2020-04-04T22:08:54","guid":{"rendered":"http:\/\/cpsscba.org\/confluenciasvirtual\/?p=7526"},"modified":"2024-02-07T19:44:26","modified_gmt":"2024-02-07T19:44:26","slug":"el-trabajo-social-en-medio-de-la-pandemia","status":"publish","type":"post","link":"https:\/\/cpsscba.org\/confluenciasvirtual\/?p=7526","title":{"rendered":"EL TRABAJO SOCIAL EN MEDIO DE LA PANDEMIA"},"content":{"rendered":"\n<p><em><strong>Cuando urge pensar para no quedar <\/strong><\/em><em><strong>impotentizadxs o caer en un hacer sin sentido<\/strong><\/em> <\/p>\n\n\n\n<p><strong>Sin negar el desconcierto, las ansiedades y angustias que la actual situaci\u00f3n nos genera, nos proponemos frenar unos minutos e intentar pensar juntxs el lugar que nos toca como profesionales del Trabajo Social.<\/strong><\/p>\n\n\n\n<p>De m\u00e1s est\u00e1 decir que nos encontramos en una situaci\u00f3n de <em><strong>emergencia social<\/strong><\/em>, que por otra parte es in\u00e9dita a nivel mundial. La misma se presenta como disruptiva y altamente perturbadora de la vida cotidiana, alterando los ritmos personales, familiares, laborales, etc. A lo que podemos agregar el componente de temor y la sensaci\u00f3n de amenaza constante basada tanto en datos de la realidad como en la circulaci\u00f3n de informaci\u00f3n, expresiones y dem\u00e1s, que alimentan el Imaginario Social.<\/p>\n\n\n\n<p>Una crisis que no solo se manifiesta como problema de salud concreto, sino que deja en evidencia tanto el m\u00e1s crudo individualismo del \u201cs\u00e1lvese quien pueda\u201d como la capacidad de sostener lazos sociales de maneras creativas y diversas.<\/p>\n\n\n\n<p>\nIntentamos\nposicionarnos en ese \u201clugar de equilibrio\u201d si lo hay, entre la\nnegaci\u00f3n de la realidad (\u201cNo es para tanto\u201d, \u201cLos medios\nexageran\u201d, \u201cA m\u00ed no me va a pasar nada\u201d) y la posici\u00f3n\nfatalista y ca\u00f3tica que por momentos se avizora y nos sobrepasa.<\/p>\n\n\n\n<p>\nNo\npodemos negar que nos encontramos en una situaci\u00f3n de cambio radical\ny que como tal implicar\u00e1 enfrentarnos a duelos diversos. Referirnos\na duelo es pensar en tres etapas o momentos: la <em>negaci\u00f3n\ny el enojo<\/em>\npor lo que pasa, la <em>depresi\u00f3n\ny desorganizaci\u00f3n, quiebre o ruptura de todo lo habitual y conocido<\/em>,\nsiendo esta una etapa cr\u00edtica pero necesaria para pasar a la\ninstancia siguiente que ser\u00e1 la <em>reorganizaci\u00f3n<\/em>.<\/p>\n\n\n\n<p>\nReconocemos\npor un lado, que vivimos en una sociedad que lejos de ayudar a\ntransitar saludablemente los duelos tiende a ocultar los mismos, a\nexacerbar el \u201cpensamiento positivo\u201d y negar permanentemente los\nmalestares. Por otro, que el <em><strong>duelo\nen este caso es un hecho social<\/strong><\/em>,\ny que, como profesi\u00f3n, lejos de negarlos, <em>debemos\nencontrar modos de generar espacios de elaboraci\u00f3n de los mismos\ndurante y despu\u00e9s de esta situaci\u00f3n puntual de \u201caislamiento\u201d.<\/em><\/p>\n\n\n\n<p>\nConsideramos\nque tenemos la responsabilidad de <em>aportar\na comprender lo que est\u00e1 pasando<\/em>,\nen los \u00e1mbitos comunitarios en los que intervenimos, as\u00ed tambi\u00e9n\nal interior de los equipos de trabajo, especialmente quienes nos\ndesempe\u00f1amos en instituciones de salud donde lxs profesionales\natravesamos momentos de confusi\u00f3n, miedos, incertidumbre, ansiedad;\nemociones que es necesario reconocer y canalizar saludablemente para\nencontrarnos lo m\u00e1s fuerte posible ante lo que sucede y\/o pueda\nsuceder.<\/p>\n\n\n\n<p> Entendemos que la coyuntura actual nos implica el <em>desaf\u00edo de pensar modos creativos de intervenci\u00f3n.<\/em> Quiz\u00e1s tengamos que sacar de la galera no solo energ\u00eda de la que por momentos carecemos sino nuestras m\u00e1s profundas convicciones en la potencia de lo colectivo y del hacer con otrxs.<\/p>\n\n\n\n<p><em>Servicio Social Hospital Regional Eva Per\u00f3n \/ Santa Rosa de Calamuchita <\/em><\/p>\n\n\n\n<p><em>Lic. Gabriela Santarelli<br> Lic. Eliana Cortese<\/em><\/p>\n","protected":false},"excerpt":{"rendered":"<p>Cuando urge pensar para no quedar impotentizadxs o caer en un hacer sin sentido Sin negar el desconcierto, las ansiedades<\/p>\n","protected":false},"author":1,"featured_media":7529,"comment_status":"open","ping_status":"open","sticky":false,"template":"","format":"standard","meta":{"footnotes":""},"categories":[48,14],"tags":[131],"_links":{"self":[{"href":"https:\/\/cpsscba.org\/confluenciasvirtual\/index.php?rest_route=\/wp\/v2\/posts\/7526"}],"collection":[{"href":"https:\/\/cpsscba.org\/confluenciasvirtual\/index.php?rest_route=\/wp\/v2\/posts"}],"about":[{"href":"https:\/\/cpsscba.org\/confluenciasvirtual\/index.php?rest_route=\/wp\/v2\/types\/post"}],"author":[{"embeddable":true,"href":"https:\/\/cpsscba.org\/confluenciasvirtual\/index.php?rest_route=\/wp\/v2\/users\/1"}],"replies":[{"embeddable":true,"href":"https:\/\/cpsscba.org\/confluenciasvirtual\/index.php?rest_route=%2Fwp%2Fv2%2Fcomments&post=7526"}],"version-history":[{"count":2,"href":"https:\/\/cpsscba.org\/confluenciasvirtual\/index.php?rest_route=\/wp\/v2\/posts\/7526\/revisions"}],"predecessor-version":[{"id":7528,"href":"https:\/\/cpsscba.org\/confluenciasvirtual\/index.php?rest_route=\/wp\/v2\/posts\/7526\/revisions\/7528"}],"wp:featuredmedia":[{"embeddable":true,"href":"https:\/\/cpsscba.org\/confluenciasvirtual\/index.php?rest_route=\/wp\/v2\/media\/7529"}],"wp:attachment":[{"href":"https:\/\/cpsscba.org\/confluenciasvirtual\/index.php?rest_route=%2Fwp%2Fv2%2Fmedia&parent=7526"}],"wp:term":[{"taxonomy":"category","embeddable":true,"href":"https:\/\/cpsscba.org\/confluenciasvirtual\/index.php?rest_route=%2Fwp%2Fv2%2Fcategories&post=7526"},{"taxonomy":"post_tag","embeddable":true,"href":"https:\/\/cpsscba.org\/confluenciasvirtual\/index.php?rest_route=%2Fwp%2Fv2%2Ftags&post=7526"}],"curies":[{"name":"wp","href":"https:\/\/api.w.org\/{rel}","templated":true}]}}