{"id":7488,"date":"2020-03-30T16:24:52","date_gmt":"2020-03-30T16:24:52","guid":{"rendered":"http:\/\/cpsscba.org\/confluenciasvirtual\/?p=7488"},"modified":"2024-02-07T19:44:54","modified_gmt":"2024-02-07T19:44:54","slug":"reflexiones-sobre-nuestro-rol-en-territorio-durante-la-pandemia","status":"publish","type":"post","link":"https:\/\/cpsscba.org\/confluenciasvirtual\/?p=7488","title":{"rendered":"Reflexiones sobre nuestro rol en territorio durante la pandemia"},"content":{"rendered":"\n<p><em>Por: Paula Candusso y Paula Badra Pereyra  (Miembros de la red de trabajadores sociales en comunas y municipios.)<\/em><\/p>\n\n\n\n<p><strong>En los d\u00edas que corren, ante la medida decretada por el Poder Ejecutivo Nacional, reflexionamos  respecto el rol fundamental del trabajo social y de las pol\u00edticas p\u00fablicas en el marco de una pandemia mundial. <\/strong><\/p>\n\n\n\n<p>Mediante el Decreto de Necesidad y Urgencia 297\/2020, la poblaci\u00f3n argentina se encuentra en aislamiento social, preventivo y obligatorio por un plazo determinado, durante el cual todas las personas deber\u00e1n permanecer en sus residencias habituales o en el lugar en que se encuentren y abstenerse de concurrir a sus lugares de trabajo.<\/p>\n\n\n\n<p> Como fundamento para la toma de esta medida, entre otros puntos, se consideran: <br> &#8211; La declaraci\u00f3n de la Organizaci\u00f3n Mundial de la Salud (OMS) del brote del nuevo coronavirus como una pandemia.<br> &#8211; El informe de la OMS con fecha 19 de marzo de 2020, que constata la propagaci\u00f3n de casos del coronavirus COVID-19 a nivel global llegando a un total de 213.254 personas infectadas, 8.843 fallecidas y afectando a m\u00e1s de 158 pa\u00edses de diferentes continentes, habiendo llegando a nuestra regi\u00f3n y a nuestro pa\u00eds hace pocos d\u00edas.<br> &#8211; Que nos encontramos ante una potencial crisis sanitaria y social sin precedentes, y para ello es necesario tomar medidas oportunas, transparentes, consensuadas y basadas en las evidencias disponibles, a fin de mitigar su propagaci\u00f3n y su impacto en el sistema sanitario.<\/p>\n\n\n\n<p> El Decreto rige para todas las personas que habitan en el pa\u00eds o se encuentren en \u00e9l de forma temporaria, quedando exceptuadas, como versa el Art\u00edculo 6, las personas afectadas a las actividades y servicios declarados esenciales en la emergencia, enunciando mediante un listado las actividades comprendidas.<\/p>\n\n\n\n<p> Quienes habitamos de manera residencial o laboral en comunidades peque\u00f1as, como es el caso de municipios y comunas -lugar desde el cual escribimos-, venimos observando una fuerte presencia de autoridades, personal de salud y personal de fuerzas de seguridad como servicios esenciales para el tratamiento de la situaci\u00f3n que atravesamos. Se evidencia en la presencia f\u00edsica y simb\u00f3lica estos actores, otorg\u00e1ndoles casi de manera exclusiva la atenci\u00f3n de situaci\u00f3n que surja; generando la monopolizaci\u00f3n la intervenci\u00f3n de \u00e9stos en las m\u00e1s diversas de las demandas para las cuales no est\u00e1n formadas ni capacitadas. <\/p>\n\n\n\n<p> Analizando esta situaci\u00f3n com\u00fan a varios territorios, nos surgieron algunos interrogantes al respecto, que nos anim\u00f3 a escribir este art\u00edculo. \u00bfSon estos tres actores quienes pueden asumir la responsabilidad \u00e9tica ante problemas o demandas que escapan a sus incumbencias? \u00bfqui\u00e9nes tienen esa formaci\u00f3n profesional indiscutible de intervenci\u00f3n en \u201clo social\u201d? entonces\u2026 \u00bfcu\u00e1l es el rol nuestro como trabajadoras\/es sociales  con incumbencias y saberes profesionales espec\u00edficos para poder dar lugar a una intervenci\u00f3n fundada en ciertas situaciones? \u00bfcu\u00e1l es el lugar que nos otorga el Estado en el marco de esta pandemia mundial? \u00bfla sociedad? \u00bfen qu\u00e9 lugar nos ubicamos nosotres ejerciendo la profesi\u00f3n? desde un perfil asistencialista, tecnocr\u00e1tico, clientelar, cr\u00edtico? <\/p>\n\n\n\n<p> Estos vestigios de modelos anacr\u00f3nicos del ejercicio profesional entran a jugarse y disputarse en los momentos de crisis, no s\u00f3lo desde lo discursivo, sino tambi\u00e9n en el campo de la intervenci\u00f3n propiamente dicha.  Modelos que nos vuelven a colocar como auxiliares m\u00e9dicos, auxiliares en los jur\u00eddico y donde la legitimidad de la fuerzas de seguridad es mayor que la nuestra.<\/p>\n\n\n\n<p> Concebimos que el Estado es y debe ser un Estado presente, consideramos que este \u00faltimo periodo a partir de una nueva gesti\u00f3n se ha demostrado un cambio en el modelo econ\u00f3mico-pol\u00edtico del pa\u00eds. Hoy demuestra su presencia a trav\u00e9s de trabajo comprometido y sostenido en la elaboraci\u00f3n, dise\u00f1o e implementaci\u00f3n de pol\u00edticas p\u00fablicas inclusivas, teniendo como eje transversal la idea de reconstrucci\u00f3n del tejido social y la garant\u00eda de derechos apostando a una ciudadan\u00eda para todos y todas. La presencialidad del Estado se marcar\u00eda entonces por las pol\u00edticas p\u00fablicas que implementa, en pos de qu\u00e9 derechos promueve y garantiza. Ahora bien, si el estado se materializa a partir del dise\u00f1o, elaboraci\u00f3n e implementaci\u00f3n de pol\u00edticas p\u00fablicas para hacer efectiva la garant\u00eda de derechos, es importante re-preguntarse qu\u00e9 rol le incube a nuestra profesi\u00f3n aqu\u00ed y en estos momentos de crisis. Sin ser ambiciosas y a ra\u00edz de pecar de inespecificas  todo lo concerniente al cumplimiento efectivo de esos Derechos.<\/p>\n\n\n\n<p> Las y los trabajadores sociales somos la principal profesi\u00f3n, cuya incumbencia se vincula al dise\u00f1o, elaboraci\u00f3n e implementaci\u00f3n de la pol\u00edtica p\u00fablica en general y particular, somos hacedores del Estado, nuestros ejercicios profesionales se vinculan a la promoci\u00f3n de derechos de las personas, con un aporte espec\u00edfico respectos las necesidades que nos diferencian de otras profesiones. Somos quienes intervenimos en la complejidad de las situaciones de la vida cotidiana de les sujetes donde los derechos no est\u00e1n garantizados, en esos intersticios y con ese rol y saber espec\u00edfico.<\/p>\n\n\n\n<p> Pero en estos momentos de emergencia, se vuelven a las disputas cl\u00e1sicas, con nuevos reveses discursivos. Las pol\u00edticas prevalentes que toman fuerza y legitimidad son las vinculadas a lo sanitario y a la seguridad. Concibiendo a la seguridad no en clave de garant\u00edas sociales, sino aquellas mediadas por fuerzas policiales y armadas. Si bien comprendemos el esp\u00edritu de la utilizaci\u00f3n de las fuerzas de seguridad, en pos de la efectivizaci\u00f3n y cumplimiento del DNU 297\/2020, queda por fuera de las competencias vinculadas a la situaciones de vulneraci\u00f3n de derechos simb\u00f3lica y material de las personas en su cotidianidad.<\/p>\n\n\n\n<p> Si partimos del concepto de salud propuesto por la OMS, como el completo bienestar f\u00edsico, mental y social, y no solamente la ausencia de afecciones o enfermedades; esto implica reconocer el car\u00e1cter socio sanitario del proceso salud enfermedad no meramente desde la hegemon\u00eda biol\u00f3gica. All\u00ed es donde entra en juego nuestro rol como profesionales, abordando los padecimientos subjetivos, simb\u00f3licos y materiales de los sujetos y garantizando la protecci\u00f3n de sus Derechos fundamentales. <\/p>\n\n\n\n<p> Reiteramos, de esta manera, que consideramos necesario pensar de manera particularizada c\u00f3mo impactan las decisiones respecto a la situaci\u00f3n del COVID-19 en la cotidianeidad de los sujetos con los\/as que trabajamos y desarrollar estrategias de intervenci\u00f3n que garanticen la accesibilidad a los recursos y servicios indispensables y a las condiciones objetivas de existencia, en particular de los grupos poblacionales m\u00e1s vulnerables. Por lo general, estos equipos de salud o de seguridad no disponen de los mecanismos e instrumentos de protecci\u00f3n necesarios para el conjunto de la sociedad que abarque no solo la prevenci\u00f3n de la propagaci\u00f3n del coronavirus sino adem\u00e1s del seguimiento y protecci\u00f3n de sujetos en situaci\u00f3n de vulneraci\u00f3n. Porque nos referimos a un universo que va m\u00e1s all\u00e1 del punto de vista econ\u00f3mico y f\u00edsico sino de su integridad bio-psico-social. En relaci\u00f3n a este punto, es imprescindible estandarizar criterios comunes de actuaci\u00f3n como profesionales por excelencia de \u201clo social\u201d ante la emergencia sanitaria atravesada.<\/p>\n\n\n\n<p> Para esto resulta fundamental reconocer al rol de les profesionales del trabajo social como esencial en el acompa\u00f1amiento y gesti\u00f3n de demandas que presenta la ciudadan\u00eda ante necesidades materiales y simb\u00f3licas. Esto no s\u00f3lo dentro de los equipos de salud o gesti\u00f3n, o incluso del \u00e1mbito de la pol\u00edtica de seguridad, sino adem\u00e1s en los servicios y \u00e1reas sociales de los distintos niveles gubernamentales. <\/p>\n\n\n\n<p> Y en este sentido nos seguimos preguntando algunas de las contradicciones con las que nos encontramos\u2026<\/p>\n\n\n\n<p> \u00bfQui\u00e9n vela por las necesidades espec\u00edficas de grupos familiares sin posibilidad de tener un accesos a la vivienda digna en \u00e9pocas de #qu\u00e9dateencasa?<\/p>\n\n\n\n<p> \u00bfCu\u00e1ntas situaciones de vulneraci\u00f3n de derechos de ni\u00f1os y adolescentes se recrudecen durante la medida de aislamiento preventivo social? \u00bfC\u00f3mo se valoran estos riesgos? \u00bfCon qu\u00e9 instrumentos profesionales e instituciones del Estado contamos hoy en la urgencia?<\/p>\n\n\n\n<p> \u00bfC\u00f3mo garantizamos el acceso a un ingreso econ\u00f3mico mientras se hacen efectivas  las pol\u00edticas p\u00fablicas anunciadas? \u00bfEn qu\u00e9 condiciones disputamos, trabajamos y abordamos esto  en una situaci\u00f3n similar a la que nos encontramos la mayor\u00eda del colectivo de profesionales en Servicio Social?<\/p>\n\n\n\n<p> \u00bfCon qu\u00e9 legitimidad disputamos el actuar de fuerza de seguridad en el campo de lo social, si no reflexionamos respecto nuestro rol en estos contextos, nuestra formaci\u00f3n y  las relaciones de poder en el campo de las profesiones? \u00bfacaso nuestra propia \u00e9tica profesional no nos obliga a denunciar y visibilizar situaciones de intrusismo profesional de otros actores en nuestro campo? <\/p>\n\n\n\n<p> Estos son algunos de los interrogantes, sin responder, que nos estamos haciendo en el d\u00eda a d\u00eda, en el marco de esta pandemia. <\/p>\n\n\n\n<hr class=\"wp-block-separator\"\/>\n\n\n\n<p><strong>ACERCANOS TU APORTE<\/strong><\/p>\n\n\n\n<p>Reflexiones\nen tiempos de cuarentena<\/p>\n\n\n\n<p>Invitamos\nal colectivo profesional a reflexionar sobre nuestro rol en esta\npandemia desde cada espacio \/ campo laboral.<\/p>\n\n\n\n<p>Si\ntenes material de producci\u00f3n propia para compartir, envianos\nt\u00fa aporte al mail: <a href=\"mailto:cpsscordoba@gmail.com\">cpsscordoba@gmail.com<\/a><\/p>\n\n\n\n<p><strong>\u2013 Todos los d\u00edas iremos compartiendo por nuestras redes el material aportado \u2013<\/strong><\/p>\n","protected":false},"excerpt":{"rendered":"<p>Por: Paula Candusso y Paula Badra Pereyra (Miembros de la red de trabajadores sociales en comunas y municipios.) En los<\/p>\n","protected":false},"author":1,"featured_media":7490,"comment_status":"open","ping_status":"open","sticky":false,"template":"","format":"standard","meta":{"footnotes":""},"categories":[48,14],"tags":[130,131],"_links":{"self":[{"href":"https:\/\/cpsscba.org\/confluenciasvirtual\/index.php?rest_route=\/wp\/v2\/posts\/7488"}],"collection":[{"href":"https:\/\/cpsscba.org\/confluenciasvirtual\/index.php?rest_route=\/wp\/v2\/posts"}],"about":[{"href":"https:\/\/cpsscba.org\/confluenciasvirtual\/index.php?rest_route=\/wp\/v2\/types\/post"}],"author":[{"embeddable":true,"href":"https:\/\/cpsscba.org\/confluenciasvirtual\/index.php?rest_route=\/wp\/v2\/users\/1"}],"replies":[{"embeddable":true,"href":"https:\/\/cpsscba.org\/confluenciasvirtual\/index.php?rest_route=%2Fwp%2Fv2%2Fcomments&post=7488"}],"version-history":[{"count":2,"href":"https:\/\/cpsscba.org\/confluenciasvirtual\/index.php?rest_route=\/wp\/v2\/posts\/7488\/revisions"}],"predecessor-version":[{"id":7495,"href":"https:\/\/cpsscba.org\/confluenciasvirtual\/index.php?rest_route=\/wp\/v2\/posts\/7488\/revisions\/7495"}],"wp:featuredmedia":[{"embeddable":true,"href":"https:\/\/cpsscba.org\/confluenciasvirtual\/index.php?rest_route=\/wp\/v2\/media\/7490"}],"wp:attachment":[{"href":"https:\/\/cpsscba.org\/confluenciasvirtual\/index.php?rest_route=%2Fwp%2Fv2%2Fmedia&parent=7488"}],"wp:term":[{"taxonomy":"category","embeddable":true,"href":"https:\/\/cpsscba.org\/confluenciasvirtual\/index.php?rest_route=%2Fwp%2Fv2%2Fcategories&post=7488"},{"taxonomy":"post_tag","embeddable":true,"href":"https:\/\/cpsscba.org\/confluenciasvirtual\/index.php?rest_route=%2Fwp%2Fv2%2Ftags&post=7488"}],"curies":[{"name":"wp","href":"https:\/\/api.w.org\/{rel}","templated":true}]}}