{"id":7425,"date":"2020-03-20T18:00:55","date_gmt":"2020-03-20T18:00:55","guid":{"rendered":"http:\/\/cpsscba.org\/confluenciasvirtual\/?p=7425"},"modified":"2024-02-07T19:46:13","modified_gmt":"2024-02-07T19:46:13","slug":"algunas-reflexiones-sobre-la-intervencion-profesional-en-contexto-de-emergencia-sanitaria","status":"publish","type":"post","link":"https:\/\/cpsscba.org\/confluenciasvirtual\/?p=7425","title":{"rendered":"Algunas reflexiones sobre la intervenci\u00f3n profesional en contexto de emergencia sanitaria"},"content":{"rendered":"\n<p><strong>Algunas reflexiones sobre la\nintervenci\u00f3n profesional en contexto de emergencia sanitaria<\/strong><\/p>\n\n\n\n<p><em>La situaci\u00f3n actual de emergencia sanitaria (por pandemia COVID-19) de p\u00fablico conocimiento, viene implicando una reorganizaci\u00f3n cotidiana de la sociedad en general y de los servicios de salud en particular.  <\/em><\/p>\n\n\n\n<p><em>Como trabajadoras sociales que prestamos funciones en diferentes instituciones sanitarias de la ciudad de C\u00f3rdoba, comenzamos a repreguntarnos por nuestros lugares como profesionales y trabajadoras de la salud en contextos de emergencia como el que atravesamos.  <\/em><\/p>\n\n\n\n<p>Compartimos entonces un punteo\nincipiente de preguntas, preocupaciones e ideas que esperamos se\nsumen a un proceso de di\u00e1logos y debates que creemos debemos darnos\ncomo colectivo profesional en estos tiempos.<\/p>\n\n\n\n<ol><li> Retomamos a fin de posicionarnos que como Trabajadoras Sociales <strong>el enfoque de derechos <\/strong>es nuestro marco de intervenci\u00f3n, en cualquier contexto o situaci\u00f3n que nos demande. Al respecto, el art. 4to. De la Ley Federal de Trabajo Social N\u00b0 27072 establece que \u201c\u2026Los principios de la justicia social, los derechos humanos, la responsabilidad colectiva y el respeto a la diversidad son fundamentales para el trabajo social\u2026\u201d <\/li><li> Es importante considerar que la OMS ha definido como <strong>poblaci\u00f3n vulnerable<\/strong> del COVID-19 a adultos mayores y personas con enfermedades cr\u00f3nicas. Como sabemos que las condiciones de quienes se enferman no son las mismas en una sociedad desigual es que consideramos importante incorporar para el an\u00e1lisis y abordaje de las situaciones (y la generaci\u00f3n de respuestas desde el Estado y las instituciones de la sociedad civil organizada) a los <strong>determinantes sociales<\/strong> que influyen en quien se enferma, c\u00f3mo atraviesan enfermedades y las condiciones materiales y simb\u00f3licas en la que podr\u00e1n desarrollar las pr\u00e1cticas de cuidado. <\/li><li> Reconocer nuestra <strong>responsabilidad \u00e9tica y pol\u00edtica en la divulgaci\u00f3n de informaci\u00f3n<\/strong>; basadas en fuentes cient\u00edficas para brindar informaci\u00f3n confiable en el marco de la funci\u00f3n educativa que nos compete. En ese sentido acudir a p\u00e1ginas del Ministerio de Salud de la Provincia como de la Naci\u00f3n (<a href=\"https:\/\/www.argentina.gob.ar\/salud\/coronavirus-COVID-19\">https:\/\/www.argentina.gob.ar\/salud\/coronavirus-COVID-19<\/a>), o de la OMS creemos que es lo ideal, al igual que los comunicados de instituciones reconocidas en relaci\u00f3n \u2013por ejemplo- a las modalidades de atenci\u00f3n. Es iatrog\u00e9nico difundir mensajes que no tengan base cient\u00edfica, ni fuente confiable comprobada, ya que generan sobreinformaci\u00f3n, confusi\u00f3n, alarma, temor en la poblaci\u00f3n, del mismo modo que sucede con nosotras y las\/os profesionales de los equipos frente al bombardeo informativo. <\/li><li> En cuanto a las <strong>colegas que trabajamos en el campo de salud<\/strong> en las diferentes jurisdicciones del subsistema p\u00fablico: Si bien cada intervenci\u00f3n se configurar\u00e1 de manera situada a las caracter\u00edsticas de los niveles de atenci\u00f3n, de la instituci\u00f3n y de los territorios, es importante reconocer que los altos niveles de contagio exigen un abordaje del sistema sanitario enfocado en el cuadro cl\u00ednico, detecci\u00f3n y tratamiento de la enfermedad y medidas que tiendan a la disminuci\u00f3n de su diseminaci\u00f3n.  <\/li><\/ol>\n\n\n\n<p>No obstante,\n<em><strong>creemos importante desde el Trabajo Social revisar nuestros\naportes disciplinarios como parte de los equipos de salud, que var\u00edan\ny se redefinen en los diferentes momentos\/fases de la emergencia\nsanitaria<\/strong><\/em>, y en ese sentido creemos que podemos aportar en\nponer en agenda y desarrollar desde el ejercicio profesional la\nnecesidad de abordar los recursos materiales y simb\u00f3licos que la\npoblaci\u00f3n necesitar\u00e1 para atravesar la situaci\u00f3n de enfermedad y\ngenerar los cuidados necesarios. Los procesos de contenci\u00f3n a los\nfamiliares seguramente aparecer\u00e1n como una de las funciones a\ndesarrollar, incorporando marcos te\u00f3ricos que permitan realizar\nlecturas complejas de los procesos salud-enfermedad-atenci\u00f3n, como\nlo es el enfoque interseccional. \n<\/p>\n\n\n\n<p>Otro aporte\nclave aqu\u00ed ser\u00e1 planificar dimensiones que necesitamos relevar para\nnuestros diagn\u00f3sticos (y los diagn\u00f3sticos institucionales), redes\nsociales, comunitarias, mapeo de recursos y posibles estrategias para\nquienes atraviesan ese proceso. Generar en las comunidades mapas\ngeoreferenciales, tener informaci\u00f3n actualizaci\u00f3n y articulaci\u00f3n\ncon los comit\u00e9s o \u00e1reas de epidemiol\u00f3gica, informaci\u00f3n clara y\ncorrecta\/fidedigna a la poblaci\u00f3n en general. \n<\/p>\n\n\n\n<p>Es relevante\naportar a los procesos de fortalecimiento territorial y familiar\ndesde APS. Trabajar en las acciones de asistencia y prevenci\u00f3n para\nla poblaci\u00f3n en general y quienes poseen mayores impactos en su\nsalud. En otros niveles de atenci\u00f3n de mayor complejidad\nvisualizarnos para nuestro accionar en los protocolos de atenci\u00f3n en\nlo que se refiere principalmente a los abordajes de situaciones\nindividuales, familiares que posean obst\u00e1culos o que deban generarse\nestrategias de fortalecimiento o generaci\u00f3n en relaci\u00f3n a las\npr\u00e1cticas de cuidado para su externaci\u00f3n. En este aspecto las\narticulaciones con \u00e1reas de desarrollo social y territorial, para\ngarantizar acogimiento adecuado para las personas con dificultades\nmateriales y simb\u00f3licas, ser\u00e1n aportes disciplinarios necesarios.<\/p>\n\n\n\n<p>Asimismo, en el\ncontexto institucional,  podemos hacer un aporte sustancial a los\nprocesos de organizaci\u00f3n y re-organizaci\u00f3n de los servicios,\ncoordinaci\u00f3n de las instituciones y procesos de articulaci\u00f3n\ninterinstitucional, interjurisdiccional e intersectorial de las\npol\u00edticas p\u00fablicas.<\/p>\n\n\n\n<p>Asimismo, en\nmomentos en que se extreman las medidas de cuidado,  los l\u00edmites\ndisciplinarios deben flexibilizarse y asumir tareas de colaboraci\u00f3n\nque resulten necesarias para enfrentar situaciones de emergencia.\nSiempre en el marco de intervenciones interdisciplinarias y\ndefiniciones conjuntas con los equipos de los que somos parte, ya que\nnuestra Ley Federal de TS contempla dentro de nuestras obligaciones,\nla de \u201cprestar la colaboraci\u00f3n\nque le sea requerida por las autoridades sanitarias en caso de\nepidemias, desastres u otras emergencias\u201d (Art. 11, inc. d.)<\/p>\n\n\n\n<p>Finalmente,\nvisibilizar que existen otras problem\u00e1ticas sociales que abordamos\ncotidianamente, que pueden complejizarse y recrudecerse en\nsituaciones de cuarentena obligatoria, es el caso de las violencias.\nDeberemos aqu\u00ed pensar en conjunto estrategias que acompa\u00f1en las\nsituaciones particulares sin poner en riesgo la salud de la\npoblaci\u00f3n.<\/p>\n\n\n\n<ol><li>\nEn relaci\u00f3n con lo expuesto.\n\tsostenemos que <strong>en \u00e1mbitos administrativos del Estado<\/strong> en los\n\tque tenemos presencia profesional, ser\u00eda importante solicitar\n\tguardias m\u00ednimas para dar respuestas que puedan surgir en diversas\n\t\u00e1reas de salud y desarrollo social, que prioricen la situaci\u00f3n de\n\tepidemia para el abordaje de situaciones e incidir para que se\n\tplanifiquen los recursos que se pueden ofrecer desde las pol\u00edticas\n\tp\u00fablicas en las que realizamos nuestras intervenciones.\n\tInstitucionalizar respuestas que posibiliten acercar recursos desde\n\tla emergencia, y no instalar procesos de burocratizaci\u00f3n que\n\tdilaten respuestas.\n<\/li><\/ol>\n\n\n\n<p>Asimismo, tener\nen cuenta que atravesaremos periodos en que el \u201cdistanciamiento\nsocial\u201d como lo denominan es clave por lo que se sugiere se piensen\nestrategias y propongan a las instituciones reprogramar \/ posponer\ntr\u00e1mites y gestiones que peri\u00f3dicamente deba realizar personas para\nmantener un recurso. \n<\/p>\n\n\n\n<ol><li>\nDesde todos los \u00e1mbitos\n\tlaborales es necesaria<strong> la generaci\u00f3n de estrategias que\n\tposibiliten la protecci\u00f3n de la poblaci\u00f3n m\u00e1s vulnerable<\/strong>\n\t(adultos mayores y personas que atraviesan enfermedades cr\u00f3nicas),\n\ty hacer saber a los organismos correspondientes si hubiera\n\tdesprotecci\u00f3n por parte de las pol\u00edticas p\u00fablicas.\n\t<\/li><li>\nPor otra parte, y en el marco\n\tahora de nuestros cuidados personales, creemos importante contar con\n\tlos <strong>elementos de bioseguridad<\/strong> para las intervenciones basadas\n\ten recomendaciones de la OMS\/Ministerio de salud en las situaciones\n\tque se sugieren. Si no se aseguran esos elementos, no son posibles\n\tlas intervenciones para cuidado de profesionales y de la poblaci\u00f3n\n\ten general, por los contagios que puedan suscitar. Nuestros jefes\n\tinmediatos (de servicio y disciplinarios), colegio de profesionales\n\ty gremio son los espacios a los que debemos recurrir frente a\n\tsituaciones que pongan en riesgo nuestra salud.\n\t<\/li><li>\nLas <strong>condiciones laborales\n\t<\/strong>de precariedad en la que nos encontramos gran parte de las\n\ttrabajadoras son otro tema a incorporar en el marco de las diversas\n\taristas de an\u00e1lisis a las que nos convoca el contexto de emergencia\n\tactual, que creemos fundamental recuperar pero que a la vez no nos\n\texime de las <strong>responsabilidades \u00e9ticas<\/strong> de nuestro ejercicio\n\tprofesional.\n\t<\/li><li>\nFinalmente, nos queda\n\tpendiente un debate <strong>en torno a las formas de organizaci\u00f3n de\n\tnuestra sociedad<\/strong>: las l\u00f3gicas que imprime el neoliberalismo a\n\tnivel global, y las implicancias de ese reparto para nuestros pa\u00edses\n\ty en los procesos de salud-enfermedad-atenci\u00f3n; reivindicando m\u00e1s\n\tque nunca el lugar central del Estado en el cuidado de las personas.\n<\/li><\/ol>\n\n\n\n<hr class=\"wp-block-separator\"\/>\n\n\n\n<p><em>Agradecemos el desinteresado aporte de las colegas: Bertona, Mar\u00eda  Celeste, Garc\u00eda Elletore, Paola y Nin, Cintia, quienes sistematizaron  los aportes de diversas colegas y redactaron el documento que  compartimos a modo de socializaci\u00f3n de estrategias locales ante la  pandemia de COVID-19.<\/em><\/p>\n\n\n\n<p><em>Invitamos al colectivo profesional a  continuar ofreciendo sus aportes para difundir desde este espacio  institucional, con la convicci\u00f3n que desde nuestras pr\u00e1cticas,  reflexiones y aportes te\u00f3ricos, propendemos al crecimiento de nuestra  profesi\u00f3n y favorecemos&nbsp;el cumplimiento de nuestro rol en esta  emergencia.<\/em><\/p>\n\n\n\n<hr class=\"wp-block-separator\"\/>\n\n\n\n<div class=\"wp-block-image\"><figure class=\"aligncenter\"><img loading=\"lazy\" decoding=\"async\" width=\"300\" height=\"250\" src=\"http:\/\/cpsscba.org\/confluenciasvirtual\/wp-content\/uploads\/2020\/03\/Reflexiones-en-tiempos-de-cuarentena1.png\" alt=\"\" class=\"wp-image-7421\"\/><\/figure><\/div>\n\n\n\n<p style=\"text-align:center\"><strong>ACERCANOS TU APORTE<\/strong><\/p>\n\n\n\n<p style=\"text-align:center\">Reflexiones\nen tiempos de cuarentena<\/p>\n\n\n\n<p><em>Invitamos al colectivo profesional a reflexionar sobre nuestro rol en esta pandemia desde cada espacio \/ campo laboral.<\/em><\/p>\n\n\n\n<p><strong>Si tenes material de producci\u00f3n propia para compartir, envianos t\u00fa aporte al mail: <\/strong><a href=\"mailto:cpsscordoba@gmail.com\"><strong>cpsscordoba@gmail.com<\/strong><\/a><\/p>\n\n\n\n<p><strong>&#8211; Todos los d\u00edas iremos compartiendo por nuestras redes el material aportado &#8211;<\/strong><\/p>\n\n\n\n<hr class=\"wp-block-separator\"\/>\n","protected":false},"excerpt":{"rendered":"<p>Algunas reflexiones sobre la intervenci\u00f3n profesional en contexto de emergencia sanitaria La situaci\u00f3n actual de emergencia sanitaria (por pandemia COVID-19)<\/p>\n","protected":false},"author":1,"featured_media":7430,"comment_status":"open","ping_status":"open","sticky":false,"template":"","format":"standard","meta":{"footnotes":""},"categories":[48,14],"tags":[130,131],"_links":{"self":[{"href":"https:\/\/cpsscba.org\/confluenciasvirtual\/index.php?rest_route=\/wp\/v2\/posts\/7425"}],"collection":[{"href":"https:\/\/cpsscba.org\/confluenciasvirtual\/index.php?rest_route=\/wp\/v2\/posts"}],"about":[{"href":"https:\/\/cpsscba.org\/confluenciasvirtual\/index.php?rest_route=\/wp\/v2\/types\/post"}],"author":[{"embeddable":true,"href":"https:\/\/cpsscba.org\/confluenciasvirtual\/index.php?rest_route=\/wp\/v2\/users\/1"}],"replies":[{"embeddable":true,"href":"https:\/\/cpsscba.org\/confluenciasvirtual\/index.php?rest_route=%2Fwp%2Fv2%2Fcomments&post=7425"}],"version-history":[{"count":6,"href":"https:\/\/cpsscba.org\/confluenciasvirtual\/index.php?rest_route=\/wp\/v2\/posts\/7425\/revisions"}],"predecessor-version":[{"id":7435,"href":"https:\/\/cpsscba.org\/confluenciasvirtual\/index.php?rest_route=\/wp\/v2\/posts\/7425\/revisions\/7435"}],"wp:featuredmedia":[{"embeddable":true,"href":"https:\/\/cpsscba.org\/confluenciasvirtual\/index.php?rest_route=\/wp\/v2\/media\/7430"}],"wp:attachment":[{"href":"https:\/\/cpsscba.org\/confluenciasvirtual\/index.php?rest_route=%2Fwp%2Fv2%2Fmedia&parent=7425"}],"wp:term":[{"taxonomy":"category","embeddable":true,"href":"https:\/\/cpsscba.org\/confluenciasvirtual\/index.php?rest_route=%2Fwp%2Fv2%2Fcategories&post=7425"},{"taxonomy":"post_tag","embeddable":true,"href":"https:\/\/cpsscba.org\/confluenciasvirtual\/index.php?rest_route=%2Fwp%2Fv2%2Ftags&post=7425"}],"curies":[{"name":"wp","href":"https:\/\/api.w.org\/{rel}","templated":true}]}}