{"id":7411,"date":"2020-03-19T17:00:10","date_gmt":"2020-03-19T17:00:10","guid":{"rendered":"http:\/\/cpsscba.org\/confluenciasvirtual\/?p=7411"},"modified":"2024-02-07T19:46:21","modified_gmt":"2024-02-07T19:46:21","slug":"7411","status":"publish","type":"post","link":"https:\/\/cpsscba.org\/confluenciasvirtual\/?p=7411","title":{"rendered":"Responsabilidad colectiva para enfrentar la pandemia"},"content":{"rendered":"\n<p><strong>COMUNICADO CPSSPC \u2013 COVID-19-<\/strong><\/p>\n\n\n\n<p><strong>Ante  la situaci\u00f3n de emergencia declarada como Pandemia por la OMS, y en virtud de las medidas sanitarias preventivas determinadas por el gobierno nacional, provincial y municipal y a ra\u00edz de diferentes consultas de matriculades respecto a conducta profesional ante dichas medidas, este colegio de profesionales recuerda que es indispensable que  llevemos a cabo reflexiones y an\u00e1lisis donde se integre nuestro conocimiento cient\u00edfico y profesional de manera tal que podamos  realizar intervenciones fundadas,  priorizando los derechos humanos y los principios de la justicia social, la responsabilidad colectiva y el respeto a la diversidad, enmarcadas en la Ley Federal de Trabajo Social 27072<\/strong>,  que claramente \u201c.. tiene por objeto establecer el marco general para el ejercicio profesional de trabajo social en todo el territorio nacional, sin perjuicio de la aplicaci\u00f3n de las normas locales dictadas por las provincias y la Ciudad Aut\u00f3noma de Buenos Aires\u2026\u201d y  donde se establece, entre las obligaciones de les TS:<\/p>\n\n\n\n<ul><li>\n\n\tDesempe\u00f1ar\n\tla\n\tprofesi\u00f3n\n\tcon\n\tcompromiso,\n\tcompetencia\n\ty\n\tactualizaci\u00f3n\n\tprofesional,\n\tteniendo\n\tcomo\n\tprincipios\n\trectores\n\tlos\n\tderechos\n\thumanos,\n\tla\n\tjusticia\n\tsocial,\n\tla\n\tciudadan\u00eda\n\ty\n\tla\n\tforma\n\tde\n\tvida\n\tdemocr\u00e1tica;\n\t<\/li><li>\n\n\tPrestar\n\tla\n\tcolaboraci\u00f3n\n\tque\n\tle\n\tsea\n\trequerida\n\tpor\n\tlas\n\tautoridades\n\tsanitarias\n\ten\n\tcaso\n\tde\n\tepidemias,\n\tdesastres\n\tu otras\n\temergencias;\n\t<\/li><li>\n\n\tEjercer\n\tla\n\tprofesi\u00f3n\n\tde\n\tconformidad\n\tcon\n\tlas\n\tnormas\n\testablecidas\n\ten\n\tlos\n\tc\u00f3digos\n\tde\n\t\u00e9tica\n\tsancionados\n\tpor\n\tlos\n\tcolegios\n\to\n\tconsejos\n\tprofesionales.\n\t\n\t\n<\/li><\/ul>\n\n\n\n<p>\nEn este aspecto, nuestro\nC\u00f3digo de \u00c9tica establece, entre los deberes y derechos de les TS: \n<\/p>\n\n\n\n<p>\n &#8211;\nEjercer\nla\nprofesi\u00f3n\ncon\namplia\nautonom\u00eda\ny\nlibertad,\nprestando\nservicios\ncompatibles\ncon\nsus\nincumbencias\nprofesionales\ny\nen\nconcordancia\ncon\nlos\nderechos\nemanados\nde\nla\nConstituci\u00f3n\nNacional.<\/p>\n\n\n\n<p>\n&#8211;\nDisponer\nde\nadecuadas\ncondiciones\nde\ntrabajo\nen\nel\nejercicio\nprofesional\nincluyendo\nmedidas\nde\nseguridad\ne\nhigiene\ny\nexigir\nlos\nelementos\nnecesarios\npara\nel\ndesarrollo\nde\nsus\nactividades\nprofesionales\ncon\nuna\nremuneraci\u00f3n\nadecuada\nal\ntrabajo\nrealizado.<\/p>\n\n\n\n<p>\nY distingue los deberes\ny\nderechos\nde\nel\/la\nTrabajador\/a\nSocial\nen\nsu\nrelaci\u00f3n\ncon\nlas\ninstituciones\np\u00fablicas\no\nprivadas\ny\nterceros\nempleadores:<\/p>\n\n\n\n<ul><li> Velar por el efectivo cumplimiento de las obligaciones del Estado en materia de derechos humanos, <\/li><\/ul>\n\n\n\n<p>\nMientras que en\nsu\nrelaci\u00f3n\ncon\nlos\/las\nusuarios\/as:<\/p>\n\n\n\n<ul><li> Privilegiar la relaci\u00f3n profesional con el\/la usuario\/a sobre cualquier otro inter\u00e9s. <\/li><li> Respetar a las personas en el ejercicio responsable de su libertad. <\/li><li> Acompa\u00f1ar a el\/la usuario\/a en la exigencia de sus derechos civiles, pol\u00edticos y sociales. <\/li><li>Ofrecer a el\/la usuario\/a informaci\u00f3n sobre servicios, bienes y prestaciones a las que pudiera acceder, incluyendo derivaciones precisas a los \u00e1mbitos pertinentes. <\/li><\/ul>\n\n\n\n<p>Como\nprofesionales resulta  fundamental\ntener claridad en  nuestro rol ,  sin dejar de considerar nuestro\nlugar  como ciudadanos, por ello  y \ncon  este encuadre,  debemos considerar las disposiciones que emanan\nde  las\nresoluciones de Naci\u00f3n, Provincia y Municipio.\nDesde \u00e9se marco\nconsiderar nuestras normas y las  disposiciones del Estado.<\/p>\n\n\n\n<p><strong>Nuestres colegas de la Provincia del Chaco, por las caracter\u00edsticas especiales en las que se desarrolla la pandemia en ese territorio, han desarrollado aspectos con los que acordamos y compartimos brevemente:<\/strong><\/p>\n\n\n\n<p><em>Desde\nla especificidad profesional resulta muy importante tener claridad\nsobre <\/em><em> la\nresponsabilidad profesional en la intervenci\u00f3n de Trabajo Social en\nsituaciones de emergencia. En estas coyunturas y circunstancias\nresulta necesaria la  claridad cuando debamos  brindar informaci\u00f3n \ngarantizando el asesoramiento en deberes y derechos a la ciudadan\u00eda.\nPor otro lado es indispensable respetar los protocolos establecidos\npor las Comisiones de Emergencia y mesas de trabajo que refuerzan la\nprevenci\u00f3n y contenci\u00f3n, sin dejar \u201c\u2026.de realizar una\n\u201cvigilancia\u201d a estos protocolos con rigor profesional poniendo en\ntensi\u00f3n los puntos que profesionalmente consideremos que no protegen\nlos intereses de las cuidadanas y los ciudadanos, siempre con una\nmirada epistemol\u00f3gica de la situaci\u00f3n. \u201c \u2013 *<\/em><\/p>\n\n\n\n<p><em>Resulta\nnecesario y fundamental \u201c\u2026 tener presente nuestro sistema de\nsalud el cual, \u2026. se encuentra vulnerable no solo en lo edilicio\nsino que en el recurso humano tambi\u00e9n, por ello es fundamental\npensar y acompa\u00f1ar las estrategias para evitar este colapso de\nrecursos. &#8211; En este contexto advertimos que\u2026es indispensable que\nlas y los profesionales que conformen los equipos de trabajo cuenten\ncon los suministros de Higiene y Seguridad, donde el Estado debe\ngarantizar las condiciones m\u00ednimas en materias de bioseguridad, \u2026\npensar en cuidar nuestro recurso humano como pol\u00edtica p\u00fablica pero\nhabida cuenta sabemos de c\u00f3mo nos encontramos vulnerados en nuestros\nderechos de trabajadoras y trabajadores, por ello nos parece propicio\nadvertir esta situaci\u00f3n: \u201c&#8230; El ejercicio profesional es\nconsiderado, seg\u00fan el art. 4 Ley Federal 27072 por la realizaci\u00f3n\nde tareas, actos, acciones o practicas derivadas, relacionadas o\nencuadradas en una o varias de las incumbencias profesionales\nestablecidas en mencionada Ley. Estas incumbencias y las teor\u00edas del\ntrabajo social dan cuenta de nuestra fundamental intervenci\u00f3n en la\ncuesti\u00f3n social y m\u00e1s a\u00fan en situaciones que impliquen una\nactuaci\u00f3n profesional b\u00e1sica en situaciones de emergencia,\ncat\u00e1strofes o desastres (cada una ya definida por la OMS). Dentro de\nnuestro ejercicio profesional debemos tener presente que el proceso\ndebe abarcar una etapa previa de organizaci\u00f3n, una etapa de\ndesarrollo y una restaurativa todo ello mediando una evaluaci\u00f3n\npermanente de las acciones que puedan dar sustento a futuras\nintervenciones en situaciones similares. Por ello tener presente que\nen la etapa de previa de organizaci\u00f3n la intervenci\u00f3n, entre otras\nacciones incluye:<\/em><\/p>\n\n\n\n<p><em>Suministrar\ninformaci\u00f3n sobre derechos y deberes. <\/em>\n<\/p>\n\n\n\n<p><em>Organizaci\u00f3n\ny preparaci\u00f3n para afrontar el impacto del evento. <\/em>\n<\/p>\n\n\n\n<p><em>Valoraci\u00f3n\nsocial: sistemas de recursos, organizaci\u00f3n comunitaria, problemas\nsociales existentes,<\/em><\/p>\n\n\n\n<p><em>conocimiento\nde la poblaci\u00f3n expuesta, redes de apoyo, <\/em>\n<\/p>\n\n\n\n<p><em>Orientar\na las y los sujetos.<\/em><\/p>\n\n\n\n<p><em>Estudiar\nvariables socioecon\u00f3micas y culturales.<\/em><\/p>\n\n\n\n<p><em>Estudiar\nniveles de aprovechamiento de los recursos.<\/em><\/p>\n\n\n\n<p><em>Orientar\ny capacitar a la poblaci\u00f3n.<\/em><\/p>\n\n\n\n<p><em>Preveer\nposibles necesidades sociales.<\/em><\/p>\n\n\n\n<p><em>Educaci\u00f3n\nen autoprotecci\u00f3n y prevenci\u00f3n de riesgos.  <\/em>\n<\/p>\n\n\n\n<p><em>Acompa\u00f1ar\nen el dise\u00f1o de Programas con colectivos espec\u00edficos.<\/em><\/p>\n\n\n\n<p><em>En\nla etapa de la intervenci\u00f3n de la emergencia podemos pensar como\naporte profesional (reiteramos, a modo orientativo) Contenci\u00f3n,\nacompa\u00f1amiento, asesoramiento.<\/em><\/p>\n\n\n\n<p><em>Atenci\u00f3n\nnecesidades b\u00e1sicas.<\/em><\/p>\n\n\n\n<p><em>Ofertar\napoyo continuo.<\/em><\/p>\n\n\n\n<p><em>Dar\napoyo, vincular los recursos de ayuda.<\/em><\/p>\n\n\n\n<p><em>Atenci\u00f3n\na las necesidades de urgencia inmediata.<\/em><\/p>\n\n\n\n<p><em>Organizaci\u00f3n\ny coordinaci\u00f3n ante posibles evacuaciones.<\/em><\/p>\n\n\n\n<p><em>Diagn\u00f3stico\nde la situaci\u00f3n social y su contexto para fundamentar la\nintervenci\u00f3n de urgencia.<\/em><\/p>\n\n\n\n<p><em>Identificaciones,\nderivaciones, ubicaciones, etc de afectados, familiares, recursos.<\/em><\/p>\n\n\n\n<p><em>Identificaci\u00f3n\ndel grado de afectaci\u00f3n social.<\/em><\/p>\n\n\n\n<p><em>Grupos\ny turnos de trabajo.<\/em><\/p>\n\n\n\n<p><em>Dirigir\nreuniones.  <\/em>\n<\/p>\n\n\n\n<p><em>Localizaci\u00f3n\ny facilitaci\u00f3n de recursos necesarios. <\/em>\n<\/p>\n\n\n\n<p><em>Coordinaci\u00f3n\nde equipos de respuesta.<\/em><\/p>\n\n\n\n<p><em>Organizaci\u00f3n\ny coordinaci\u00f3n del personal voluntario.<\/em><\/p>\n\n\n\n<p><em>Y\npensando en una etapa posterior se sugiere poder pensar la\nintervenci\u00f3n profesional en t\u00e9rminos de acompa\u00f1ar la recuperaci\u00f3n\ntratando de reducir los efectos psicosociales adversos, como as\u00ed\ntambi\u00e9n participar en el dise\u00f1o y aplicaci\u00f3n de Programas de\ninformaci\u00f3n, reconstrucci\u00f3n del tejido social, Fomentar\nexperiencias organizativas y toma de decisiones claves. Para todo el\nproceso es fundamental tener en cuenta los riesgos, la\nvulnerabilidad, las urgencias, etc siempre desempe\u00f1\u00e1ndonos bajo un\nejercicio profesional dentro de las dimensiones (epistemol\u00f3gicas,\nmetodol\u00f3gica-t\u00e8cnicas y \u00e9tico-pol\u00edtica) que d\u00e9 cuenta de una\nintervenci\u00f3n profesional y que permita poder realizar an\u00e1lisis que\naporten a nuestro marco te\u00f3rico conceptual. Adem\u00e1s en nuestros\nmarcos Jur\u00eddicos tenemos el sustento no solo de nuestras\nintervenciones profesionales sino que de poder posicionarse en que\ndesarrollemos la intervenci\u00f3n con los recaudos precisos cuidando\nnuestra salud. <\/em>\n<\/p>\n\n\n\n<p>*\nReferenciado\nen  PRONUNCIAMIENTO COVID-19 COLEGIO PROFESIONAL DE SERVICIO SOCIAL\nCHACO Frente a la situaci\u00f3n de emergencia declarada como en la\ncategor\u00eda de Pandemia por la OMS (Organizaci\u00f3n Mundial de la Salud)\nen relaci\u00f3n al COVID-19.<\/p>\n\n\n\n<p> PRONUNCIAMIENTO. Comisi\u00f3n Directiva- Tribunal de \u00c9tica y Disciplina. CPsSChaco Chaco, 15 de Marzo del 2020 COVID-19 ANEXO I<\/p>\n\n\n\n<ul class=\"wp-block-gallery columns-1 is-cropped wp-block-gallery-1 is-layout-flex wp-block-gallery-is-layout-flex\"><li class=\"blocks-gallery-item\"><figure><img loading=\"lazy\" decoding=\"async\" width=\"300\" height=\"250\" src=\"http:\/\/cpsscba.org\/confluenciasvirtual\/wp-content\/uploads\/2020\/03\/Reflexiones-en-tiempos-de-cuarentena1.png\" alt=\"\" data-id=\"7421\" data-link=\"http:\/\/cpsscba.org\/confluenciasvirtual\/?attachment_id=7421\" class=\"wp-image-7421\"\/><\/figure><\/li><\/ul>\n\n\n\n<p><strong>ACERCANOS TU APORTE<\/strong><\/p>\n\n\n\n<p>Reflexiones\nen tiempos de cuarentena<\/p>\n\n\n\n<p>Invitamos\nal colectivo profesional a reflexionar sobre nuestro rol en esta\npandemia desde cada espacio \/ campo laboral.<\/p>\n\n\n\n<p>Si\ntenes material de producci\u00f3n propia para compartir, envianos\nt\u00fa aporte al mail: <a href=\"mailto:cpsscordoba@gmail.com\">cpsscordoba@gmail.com<\/a><\/p>\n\n\n\n<p><strong>&#8211; Todos los d\u00edas iremos compartiendo por nuestras redes el material aportado &#8211;<\/strong><\/p>\n\n\n\n<ul class=\"wp-block-gallery columns-0 is-cropped wp-block-gallery-2 is-layout-flex wp-block-gallery-is-layout-flex\"><\/ul>\n","protected":false},"excerpt":{"rendered":"<p>COMUNICADO CPSSPC \u2013 COVID-19- Ante la situaci\u00f3n de emergencia declarada como Pandemia por la OMS, y en virtud de las<\/p>\n","protected":false},"author":1,"featured_media":7414,"comment_status":"open","ping_status":"open","sticky":false,"template":"","format":"standard","meta":{"footnotes":""},"categories":[48,14],"tags":[130,131],"_links":{"self":[{"href":"https:\/\/cpsscba.org\/confluenciasvirtual\/index.php?rest_route=\/wp\/v2\/posts\/7411"}],"collection":[{"href":"https:\/\/cpsscba.org\/confluenciasvirtual\/index.php?rest_route=\/wp\/v2\/posts"}],"about":[{"href":"https:\/\/cpsscba.org\/confluenciasvirtual\/index.php?rest_route=\/wp\/v2\/types\/post"}],"author":[{"embeddable":true,"href":"https:\/\/cpsscba.org\/confluenciasvirtual\/index.php?rest_route=\/wp\/v2\/users\/1"}],"replies":[{"embeddable":true,"href":"https:\/\/cpsscba.org\/confluenciasvirtual\/index.php?rest_route=%2Fwp%2Fv2%2Fcomments&post=7411"}],"version-history":[{"count":6,"href":"https:\/\/cpsscba.org\/confluenciasvirtual\/index.php?rest_route=\/wp\/v2\/posts\/7411\/revisions"}],"predecessor-version":[{"id":7424,"href":"https:\/\/cpsscba.org\/confluenciasvirtual\/index.php?rest_route=\/wp\/v2\/posts\/7411\/revisions\/7424"}],"wp:featuredmedia":[{"embeddable":true,"href":"https:\/\/cpsscba.org\/confluenciasvirtual\/index.php?rest_route=\/wp\/v2\/media\/7414"}],"wp:attachment":[{"href":"https:\/\/cpsscba.org\/confluenciasvirtual\/index.php?rest_route=%2Fwp%2Fv2%2Fmedia&parent=7411"}],"wp:term":[{"taxonomy":"category","embeddable":true,"href":"https:\/\/cpsscba.org\/confluenciasvirtual\/index.php?rest_route=%2Fwp%2Fv2%2Fcategories&post=7411"},{"taxonomy":"post_tag","embeddable":true,"href":"https:\/\/cpsscba.org\/confluenciasvirtual\/index.php?rest_route=%2Fwp%2Fv2%2Ftags&post=7411"}],"curies":[{"name":"wp","href":"https:\/\/api.w.org\/{rel}","templated":true}]}}