{"id":7345,"date":"2019-12-23T13:00:43","date_gmt":"2019-12-23T13:00:43","guid":{"rendered":"http:\/\/cpsscba.org\/confluenciasvirtual\/?p=7345"},"modified":"2020-02-05T13:19:36","modified_gmt":"2020-02-05T13:19:36","slug":"trabajo-social-resistencias-y-exigibilidad-de-derechos-segunda-circular","status":"publish","type":"post","link":"https:\/\/cpsscba.org\/confluenciasvirtual\/?p=7345","title":{"rendered":"Trabajo Social: resistencias y exigibilidad de derechos \/  SEGUNDA CIRCULAR"},"content":{"rendered":"\n<p>\n<em><strong>Trabajo\nSocial: resistencias y exigibilidad de derechos<\/strong><\/em>.\n\n<\/p>\n\n\n\n<p>\n<strong>SEGUNDA\nCIRCULAR<\/strong><\/p>\n\n\n\n<p>\n<em>El\nmomento que vivimos es un momento lleno de desaf\u00edos. Hoy como nunca\nes preciso tener coraje, es preciso tener esperanza para enfrentar el\npresente. Es preciso resistir y so\u00f1ar. Es necesario alimentar los\nsue\u00f1os y concretizarlos d\u00eda a d\u00eda teniendo como horizonte nuevos\ntiempos m\u00e1s humanos, m\u00e1s justos y m\u00e1s solidarios.  <\/em>M.\nIamamoto (2003) \n<\/p>\n\n\n\n<p>\nEn\nel intento permanente de promover maneras de resistir y luchar de un\nmodo situado, es que creemos posible y necesario identificar,\nvisibilizar y difundir aportes profesionales que construimos\ncolectivamente, tanto en el an\u00e1lisis de las pol\u00edticas p\u00fablicas\ndesde la perspectiva de derechos, como en aquellas estrategias de\nintervenci\u00f3n que dise\u00f1amos y ejecutamos con un horizonte de\nexigibilidad que nos permiten ampliar, recrear, consolidar y defender\nconquistas ciudadanas. \n<\/p>\n\n\n\n<p>\nLa\npropuesta para el XXX\u00b0 Congreso Nacional de Trabajo Social y el VI\u00b0\nEncuentro Argentino y Latinoamericano de Trabajo Social, se plantea\nfavorecer el encuentro e intercambio disciplinar, estimular decires y\nsaberes profesionales, generar espacios y propiciar la participaci\u00f3n\nde actores centrales de nuestra profesi\u00f3n que permitan escuchar y\nvisibilizar las voces de los distintos colectivos que trabajan en la\npromoci\u00f3n y defensa de los derechos de las mayor\u00edas, reconociendo\nque nuestro colectivo profesional nacional, es uno de ellos.<\/p>\n\n\n\n<p>\n<strong>OBJETIVOS<\/strong>:\n\n<\/p>\n\n\n\n<ul><li>\n\n\t? Generar\n\tun espacio de intercambio y debate en torno a experiencias y\n\tescenarios de intervenci\u00f3n y formaci\u00f3n en Trabajo Social, a partir\n\tde las transformaciones socio-pol\u00edticas, econ\u00f3micas, culturales en\n\tArgentina y la regi\u00f3n. \n\t\n\t<\/li><li>\n\n\t? Visibilizar\n\testrategias de intervenci\u00f3n profesional y producci\u00f3n de\n\tconocimiento que promuevan procesos de resistencia y exigencia de\n\tderechos econ\u00f3micos, sociales, civiles, pol\u00edticos y culturales. \n\t\n\t<\/li><li>\n\n\t? Problematizar\n\tlas articulaciones y tensiones entre las dimensiones de formaci\u00f3n,\n\tinvestigaci\u00f3n e intervenci\u00f3n en el campo del trabajo social en\n\tArgentina. \n\t\n<\/li><\/ul>\n\n\n\n<p>\n<strong>EJES<\/strong><\/p>\n\n\n\n<p>\n1-CONTEXTOS\nY ESCENARIOS DE INTERVENCI\u00d3N: DESIGUALDADES, POL\u00cdTICAS SOCIALES Y\nDERECHOS EN (DE) CONSTRUCCI\u00d3N. \n<\/p>\n\n\n\n<ul><li>\n\n\tNuevas\n\texpresiones de la cuesti\u00f3n social y campos \u201cemergentes\u201d para el\n\tTrabajo Social: g\u00e9neros, ambiente, interculturalidad, migraciones,\n\teconom\u00eda social y popular, otros. \n\t\n\t<\/li><li>\n\n\tLa\n\tintervenci\u00f3n profesional en municipios y Comunas. \n\t\n\t<\/li><li>\n\n\tMarcos\n\tnormativos y pol\u00edticas sociales, perspectivas de derechos y\n\tpr\u00e1cticas profesionales en procesos de exigibilidad de derechos. \n\t\n\t<\/li><li>\n\n\tAportes\n\tdesde la formaci\u00f3n y la investigaci\u00f3n a la perspectiva de\n\tderechos. \n\t\n<\/li><\/ul>\n\n\n\n<p>\n2-\nRESISTENCIAS, SUBJETIVIDADES, ORGANIZACI\u00d3N Y ACCI\u00d3N COLECTIVA \n<\/p>\n\n\n\n<ul><li>\n\n\tProyectos\n\tprofesionales y organizaci\u00f3n colectiva en TS. \n\t\n\t<\/li><li>\n\n\tCondiciones\n\tlaborales y espacios socio-ocupacionales. \n\t\n\t<\/li><li>\n\n\tMovimientos\n\tSociales y acci\u00f3n colectiva. Resistencias y re-existencias. \n\t\n\t<\/li><li>\n\n\tAportes\n\ta los procesos de apropiaci\u00f3n subjetiva y objetiva de los derechos\n\ten los territorios donde trabajamos. \n\t\n<\/li><\/ul>\n\n\n\n<p>\n3-\nDEBATES EN EL CAMPO DEL TRABAJO SOCIAL. FORMACI\u00d3N, INTERVENCI\u00d3N Y\nPRODUCCI\u00d3N DE CONOCIMIENTO. \n<\/p>\n\n\n\n<ul><li>\n\n\tTrabajo\n\tSocial en el marco de las Ciencias Sociales. Disputas y clausura del\n\tcampo. \n\t\n\t<\/li><li>\n\n\tFormaci\u00f3n\n\ty producci\u00f3n de conocimiento. Actualizaci\u00f3n profesional. \n\t\n\t<\/li><li>\n\n\tSupervisi\u00f3n.\n\t\n\t\n\t<\/li><li>\n\n\tDecolonialidad\n\ty feminismos. \n\t\n\t<\/li><li>\n\n\tArticulaci\u00f3n\n\tdocencia, intervenci\u00f3n, investigaci\u00f3n y extensi\u00f3n. \n\t\n\t<\/li><li>\n\n\tAspectos\n\t\u00e9ticos en la formaci\u00f3n e intervenci\u00f3n profesional. \n\t\n<\/li><\/ul>\n\n\n\n<p>\n<strong>_______________________________________________________________________<\/strong><\/p>\n\n\n\n<p>\n<strong>MODALIDADES\nDE PARTICIPACI\u00d3N  Y PLAZOS<\/strong><\/p>\n\n\n\n<p>\nA\npartir de los ejes y subejes propuestos, se han previsto diversos\nformatos y  modalidades de participaci\u00f3n, con la intenci\u00f3n de\nampliar las posibilidades de presentar las producciones y propuestas\nde trabajo. Tal como se expresa en el t\u00edtulo y objetivos del evento,\nse sugiere que todos los trabajos puedan dar cuenta de procesos de\nresistencia y\/o exigibilidad de derechos desde la intervenci\u00f3n y\nmirada particular de nuestra profesi\u00f3n.<\/p>\n\n\n\n<p>\n<strong>_____________________________________________________________________<\/strong><\/p>\n\n\n\n<p>\n<strong>PONENCIAS<\/strong><\/p>\n\n\n\n<p>\n<strong>L<\/strong>a\nmodalidad Ponencia, se establece para aquellas comunicaciones\nescritas vinculadas\na las dimensiones de formaci\u00f3n (grado y posgrado), investigaci\u00f3n,\nextensi\u00f3n y ejercicio profesional a fin de socializar y debatir en\ntorno a las diversas realidades de nuestro continente que se\npresentan hoy como desaf\u00edos al campo de las Ciencias Sociales y al\nTrabajo Social. \n<\/p>\n\n\n\n<p>\nA\nlos fines de promover diferentes formas de participaci\u00f3n se proponen\n2 formatos: \n<\/p>\n\n\n\n<ul><li>\n\n\t<strong>PONENCIAS\n\tEXTENSAS<\/strong>:\n\tse trata de producciones escritas que reflejen procesos, hallazgos o\n\tdebates de larga trayectoria o importantes niveles de avance \n\tprofundizaci\u00f3n de los ejes, categor\u00edas y dimensiones abordadas en\n\tel trabajo. \n\t\n<\/li><\/ul>\n\n\n\n<ul><li>\n\n\t<strong>PONENCIAS\n\tBREVES:<\/strong>\n\tson producciones escritas sobre procesos incipientes que permite\n\tcompartir las primeras reflexiones sobre alg\u00fan tema, debate te\u00f3rico\n\tconceptual o metodol\u00f3gico o reflexiones sobre experiencias en\n\tcurso. Respetar\u00e1 las mismas normas acad\u00e9micas y formales que la\n\tponencia extensa pero ser\u00e1 m\u00e1s breve y acotada en su desarrollo.\n<\/li><\/ul>\n\n\n\n<p>\n <em><strong>Pautas\nde presentaci\u00f3n de ponencias (breves y extensas):&nbsp;<\/strong><\/em><\/p>\n\n\n\n<ol><li>\n\n\tSe\n\tpresentar\u00e1n las ponencias completas hasta el  <strong>31\n\tde mayo 2020, <\/strong>en\n\tla direcci\u00f3n electr\u00f3nica: congresonacionalts2020@gmail.com\n\t<\/li><li>\n\n\tEl\n\tarchivo deber\u00e1 ser titulado con: Apellido autor\/a y n\u00famero de Eje\n\t(por ejemplo: Perezeje1.doc)\n\t<\/li><li>\n\n\tLos\n\ttrabajos podr\u00e1n ser presentados en idioma espa\u00f1ol o portugu\u00e9s.\n\t<\/li><li>\n\n\tS\u00f3lo\n\tser\u00e1n expuestas las ponencias que hayan resultado aprobadas. En\n\tcaso de autor\u00eda grupal, la exposici\u00f3n estar\u00e1 a cargo de un solo\n\tmiembro. Podr\u00e1n obtener certificaci\u00f3n la totalidad de la\/os\n\tautores de cada ponencia, en la medida en que se encuentren\n\tinscripta\/os.\n\t<\/li><li>\n\n\tCada\n\tconcurrente podr\u00e1 participar, individual o grupalmente, de la\n\tpresentaci\u00f3n de <strong>dos\n\t ponencias.<\/strong>\n\t<\/li><li>\n\n\tLas\n\tponencias ser\u00e1n presentadas en formato Word (Word 97-2003 o\n\tcompatibles),&nbsp; con una extensi\u00f3n m\u00e1xima de <strong>doce\n\tp\u00e1ginas las ponencias Extensas y 6 p\u00e1ginas las ponencias breves\n\t<\/strong>(incluyendo\n\tbibliograf\u00eda), fuente Arial 12, interlineado sencillo. Deber\u00e1n ir\n\tprecedidas por los siguientes datos:\n<\/li><\/ol>\n\n\n\n<ul><li>\n\n\tT\u00edtulo.\n\t<\/li><li>\n\n\tAutor\/as.&nbsp;\n\t<\/li><li>\n\n\tEje\n\ttem\u00e1tico:&nbsp;\n\t<\/li><li>\n\n\tInstituci\u00f3n\n\tde pertenencia.\n\t<\/li><li>\n\n\tDirecci\u00f3n\n\tcompleta.\n\t<\/li><li>\n\n\tTel\u00e9fono.\n\t<\/li><li>\n\n\tDirecci\u00f3n\n\tde correo electr\u00f3nico. Se solicita el env\u00edo de s\u00f3lo un correo de&nbsp;\n\treferencia en caso de presentaciones en coautor\u00eda.\n\t<\/li><li>\n\n\tPalabras\n\tclave (al menos 3 y hasta 5)\n\t<\/li><li>\n\n\tResumen.\n\t<\/li><li>\n\n\tDesarrollo.\n\t<\/li><li>\n\n\tConclusiones&nbsp;\n\t<\/li><li>\n\n\tNormas\n\tpara citar y para referencias bibliogr\u00e1ficas: Utilizar Normas APA\n\t2016.\n<\/li><\/ul>\n\n\n\n<p>\n<em><strong>Sobre\nla evaluaci\u00f3n de ponencias&nbsp;(breves y extensas)<\/strong><\/em><\/p>\n\n\n\n<p>Las\nponencias ser\u00e1n evaluadas por el Comit\u00e9\nAcad\u00e9mico,  qui\u00e9n enviar\u00e1 el dictamen de evaluaci\u00f3n que podr\u00e1\nser <strong>Aprobado,\naprobado con Observaciones o rechazado.<\/strong><\/p>\n\n\n\n<p>\nEn\ncaso de ser <strong>Aprobado\ncon Observaciones<\/strong>\nse solicitar\u00e1 a las\/os autora\/es que revisen la ponencia en funci\u00f3n\nde los se\u00f1alamientos realizados en la evaluaci\u00f3n, en un plazo\nm\u00e1ximo de 15 d\u00edas desde la fecha de devoluci\u00f3n. Si el resultado de\nla evaluaci\u00f3n fuera <strong>Rechazado<\/strong>,\nse fundamentar\u00e1&nbsp; la decisi\u00f3n de manera precisa, a fin de\ngarantizar una adecuada comunicaci\u00f3n al\/las autora\/es.<\/p>\n\n\n\n<p>\n<strong>______________________________________________________________<\/strong><\/p>\n\n\n\n<p>\n<strong>P\u00d3STERS<\/strong><\/p>\n\n\n\n<p>\n Se\npropone comouna\nmodalidad que nos permite comunicar sint\u00e9ticamente\nlos aspectos centrales de una experiencia identificando aquellos\ndatos significativos que aporten a la reflexi\u00f3n y mirada cr\u00edtica\nsobre la experiencia e&nbsp; inviten al di\u00e1logo  e intercambio.&nbsp;<\/p>\n\n\n\n<p><em><strong>Pautas\ny recomendaciones para presentaci\u00f3n de P\u00f3ster:&nbsp;<\/strong><\/em><\/p>\n\n\n\n<ol><li>\n\n\tLa\n\tpresentaci\u00f3n de <strong>Posters\n\tse realizar\u00e1 mediante <\/strong><strong>un\n\tresumen de&nbsp; hasta 500<\/strong>\n\tpalabras cuyo contenido estar\u00e1 organizado alrededor de algunos ejes\n\tpropuestos. \n\t\n\t<\/li><li>\n\n\tSe\n\treceptar\u00e1n <strong>res\u00famenes\n\tde P\u00f3ster<\/strong>\n\thasta el 31 de mayo 2020 al correo: congresonacionalts2020@gmail.com\n\t<\/li><li>\n\n\tEl\n\tarchivo deber\u00e1 ser titulado con: la palabra P\u00f3ster\/apellido\n\tautor\/a y n\u00famero de Eje (por ejemplo: PosterPerezeje1.doc)\n\t<\/li><li>\n\n\tEl\n\tresumen debe tener hasta 500 palabras; deber\u00e1n presentarse en\n\tformato Word, letra Arial, tama\u00f1o 12 (sin vi\u00f1etas, dibujos;\n\tformato de letras, etc.). Interlineado sencillo, con m\u00e1rgenes 2,5 y\n\tp\u00e1rrafos justificados.\n\t<\/li><li>\n\n\tEl\n\tResumen enviado deber\u00e1 contener: T\u00edtulo; Autor\/as; Eje tem\u00e1tico;\n\tInstituci\u00f3n de pertenencia; dato de contacto.\n\t<\/li><li>\n\n\tEl\n\tP\u00f3ster podr\u00e1 incluir hasta 3 im\u00e1genes o gr\u00e1ficos en buena\n\tcalidad (300di). Se sugiere especial consideraci\u00f3n de los aspectos\n\t\u00e9ticos de resguardo de las personas que aparecen en las im\u00e1genes;\n\tse\n\trecomienda\n\tno  mostrar rostros de los\/as sujetos, especialmente en el caso de\n\tni\u00f1es y adolescentes. (No es necesario incluir en el env\u00edo del\n\tresumen)\n\t<\/li><li>\n\n\tSe\n\tsugiere que los contenidos sean expresados con frases y\/o p\u00e1rrafos\n\tbreves&nbsp;que\n\tposibilite comunicar de manera efectiva y clara.&nbsp;\n\t<\/li><li>\n\n\tSe\n\tsugiere organizar el contenido en funci\u00f3n de algunos ejes\n\tcentrales. Se sugieren (no exhaustivo): \n\t\n<\/li><\/ol>\n\n\n\n<ul><li>\n\n\tPresentaci\u00f3n\/encuadre;\n\t<\/li><li>\n\n\tEscenario;\n\tProblemas\/necesidades o derechos vulnerados sobre los que se\n\ttrabaj\u00f3; categor\u00edas te\u00f3ricas centrales; \n\t\n\t<\/li><li>\n\n\tSujetxs;\n\t<\/li><li>\n\n\tEstrategias\n\tEstrategias\/ acciones desarrolladas; \n\t\n\t<\/li><li>\n\n\taprendizajes\n\tsignificativos;\n\t<\/li><li>\n\n\tresultados;\n\tconclusiones o reflexiones finales. \n\t\n<\/li><\/ul>\n\n\n\n<p><em><strong>Sobre\nla Evaluaci\u00f3n de p\u00f3ster<\/strong><\/em><\/p>\n\n\n\n<p>Los\nres\u00famenes de los p\u00f3ster ser\u00e1n evaluadas por el Comit\u00e9\nAcad\u00e9mico,  qui\u00e9n enviar\u00e1 el dictamen de evaluaci\u00f3n que podr\u00e1\nser <strong>Aprobado,\naprobado con Observaciones o rechazado.<\/strong><\/p>\n\n\n\n<p>Una\nvez aprobado el resumen se remitir\u00e1 a sus autores\/as una plantilla\nmodelo para el dise\u00f1o e impresi\u00f3n del mismo.<\/p>\n\n\n\n<p>\n<strong>________________________________________________________________________<\/strong><\/p>\n\n\n\n<p>\n<strong>FOROS<\/strong><\/p>\n\n\n\n<p>\nDesde\nhace unos a\u00f1os, se vienen desarrollando en los eventos acad\u00e9micos y\ncient\u00edficos de nuestra profesi\u00f3n, espacios de Foros autogestionados\ndonde, colectivos del trabajo Social, se organizan para el debate, el\nintercambio y la producci\u00f3n de acuerdos o documentos sobre\npreocupaciones espec\u00edficas que comparten en funci\u00f3n de sus campos\nde estudios, inserci\u00f3n laboral, espacios de militancia\ngremial\/profesional entre otras.<\/p>\n\n\n\n<p>\nConvocamos\na la presentaci\u00f3n de propuestas de Foros Autogestionados  propuestos\npor colectivos o redes de trabajo que vengan trabajando en tem\u00e1ticas\nespec\u00edficas para   que puedan desarrollarse en el marco del evento. \n<\/p>\n\n\n\n<p><em><strong>Pautas\ny modalidad de presentaci\u00f3n de Foros:&nbsp;<\/strong><\/em><\/p>\n\n\n\n<ol><li>\n\n\tSe\n\tpresentar\u00e1n las propuestas de Foro  hasta el  <strong>31\n\tde marzo 2020, <\/strong>en\n\tla direcci\u00f3n electr\u00f3nica: congresonacionalts2020@gmail.com\n\t<\/li><li>\n\n\tEl\n\tarchivo deber\u00e1 ser titulado con: Foro\/nombre\/ Eje (por ejemplo:\n\tForoEticaeje3.doc)\n\t<\/li><li>\n\n\tLas\n\tpropuestas deber\u00e1n contar con: \n\t\n<\/li><\/ol>\n\n\n\n<ul><li>\n\n\tT\u00edtulo\n\t<\/li><li>\n\n\tColectivos\/grupos\n\tque lo proponen\n\t<\/li><li>\n\n\tEje\n\ten el que se inscribe\n\t<\/li><li>\n\n\tReferentes\n\t(2 referentes que ser\u00e1n quienes tomen articulen con la Comisi\u00f3n\n\torganizadora del Evento y ser\u00e1n el contacto de referencia para\n\tinteresadxs en participar en el Foro.\n\t<\/li><li>\n\n\tFundamentaci\u00f3n\n\t(Hasta 1 carilla)\n\t<\/li><li>\n\n\tModalidad\/Propuesta\n\tMetodol\u00f3gica\n\t<\/li><li>\n\n\tP\u00fablico\n\tal que va dirigido (si es abierto; si es cerrado a grupos\n\tespec\u00edficos, si requiere inscripci\u00f3n previa)\n\t<\/li><li>\n\n\tCupo\n\t(si hubiere)\n\t<\/li><li>\n\n\tRecursos\n\tNecesarios\n<\/li><\/ul>\n\n\n\n<p>\n<em><strong>Sobre\nla evaluaci\u00f3n de los Foros<\/strong><\/em><\/p>\n\n\n\n<p>\nLa\nComisi\u00f3n organizadora valorar\u00e1 las posibilidades de desarrollo de\nlos mismos en funci\u00f3n de algunos criterios rectores y de las\ncondiciones de infraestructura y tiempos disponibles:<\/p>\n\n\n\n<ol><li>\n\n\tQue\n\tsean propuestos y coordinados por colectivos, redes o grupos de\n\ttrabajo. \n\t\n\t<\/li><li>\n\n\tQue\n\tlos equipos coordinadores tengan trayectoria de trabajo en el tema.\n\t<\/li><li>\n\n\t Que\n\tse inscriban en Ejes que propone el Congreso\/Encuentro\n\t<\/li><li>\n\n\tQue\n\tsuponga un intercambio horizontal entre quienes participan del\n\tmismo.\n\t<\/li><li>\n\n\tQue\n\tproponga alg\u00fan dispositivo de registro\/relator\u00eda de lo acontecido \n\ty producido en el Foro a los fines de ser incorporado a la relator\u00eda\n\tgeneral del Evento.\n<\/li><\/ol>\n\n\n\n<p>\n<strong>_______________________________________________________________________<\/strong><\/p>\n\n\n\n<p>\nEn\nla pr\u00f3xima circular informaremos sobre inscripciones, otros\nmodalidades de participaci\u00f3n (videos, fotograf\u00eda); costos y toda\notra informaci\u00f3n de inter\u00e9s. \n<\/p>\n\n\n\n<p>\n<strong>DATOS\nDE CONTACTO<\/strong>:\ncongresonacionalts2020@gmail.com\n\n<\/p>\n","protected":false},"excerpt":{"rendered":"<p>Trabajo Social: resistencias y exigibilidad de derechos. SEGUNDA CIRCULAR El momento que vivimos es un momento lleno de desaf\u00edos. Hoy<\/p>\n","protected":false},"author":1,"featured_media":7346,"comment_status":"open","ping_status":"open","sticky":false,"template":"","format":"standard","meta":{"footnotes":""},"categories":[12,14,24,129],"tags":[],"_links":{"self":[{"href":"https:\/\/cpsscba.org\/confluenciasvirtual\/index.php?rest_route=\/wp\/v2\/posts\/7345"}],"collection":[{"href":"https:\/\/cpsscba.org\/confluenciasvirtual\/index.php?rest_route=\/wp\/v2\/posts"}],"about":[{"href":"https:\/\/cpsscba.org\/confluenciasvirtual\/index.php?rest_route=\/wp\/v2\/types\/post"}],"author":[{"embeddable":true,"href":"https:\/\/cpsscba.org\/confluenciasvirtual\/index.php?rest_route=\/wp\/v2\/users\/1"}],"replies":[{"embeddable":true,"href":"https:\/\/cpsscba.org\/confluenciasvirtual\/index.php?rest_route=%2Fwp%2Fv2%2Fcomments&post=7345"}],"version-history":[{"count":1,"href":"https:\/\/cpsscba.org\/confluenciasvirtual\/index.php?rest_route=\/wp\/v2\/posts\/7345\/revisions"}],"predecessor-version":[{"id":7347,"href":"https:\/\/cpsscba.org\/confluenciasvirtual\/index.php?rest_route=\/wp\/v2\/posts\/7345\/revisions\/7347"}],"wp:featuredmedia":[{"embeddable":true,"href":"https:\/\/cpsscba.org\/confluenciasvirtual\/index.php?rest_route=\/wp\/v2\/media\/7346"}],"wp:attachment":[{"href":"https:\/\/cpsscba.org\/confluenciasvirtual\/index.php?rest_route=%2Fwp%2Fv2%2Fmedia&parent=7345"}],"wp:term":[{"taxonomy":"category","embeddable":true,"href":"https:\/\/cpsscba.org\/confluenciasvirtual\/index.php?rest_route=%2Fwp%2Fv2%2Fcategories&post=7345"},{"taxonomy":"post_tag","embeddable":true,"href":"https:\/\/cpsscba.org\/confluenciasvirtual\/index.php?rest_route=%2Fwp%2Fv2%2Ftags&post=7345"}],"curies":[{"name":"wp","href":"https:\/\/api.w.org\/{rel}","templated":true}]}}