{"id":7337,"date":"2019-12-20T12:21:33","date_gmt":"2019-12-20T12:21:33","guid":{"rendered":"http:\/\/cpsscba.org\/confluenciasvirtual\/?p=7337"},"modified":"2020-02-05T12:49:49","modified_gmt":"2020-02-05T12:49:49","slug":"xxx-congreso-nacional-de-trabajo-social-primera-circular","status":"publish","type":"post","link":"https:\/\/cpsscba.org\/confluenciasvirtual\/?p=7337","title":{"rendered":"XXX\u00b0 CONGRESO NACIONAL DE TRABAJO SOCIAL \/ PRIMERA CIRCULAR"},"content":{"rendered":"\n<p><strong>XXX\u00b0 CONGRESO NACIONAL DE TRABAJO SOCIAL \u2013 <br> VI\u00b0 ENCUENTRO ARGENTINO Y LATINOAMERICANO DE TRABAJO SOCIAL<\/strong><\/p>\n\n\n\n<p><strong> 24, 25 y 26 de septiembre de 2020 \u2013 C\u00f3rdoba, Argentina.<\/strong><\/p>\n\n\n\n<p><strong>PRIMERA CIRCULAR<\/strong><\/p>\n\n\n\n<p>Organizado por la Federaci\u00f3n Argentina de Asociaciones Profesionales de Servicio Social (FAAPSS), el Colegio de profesionales en Servicio Social de la Provincia de C\u00f3rdoba y la Carrera Licenciatura en Trabajo Social de la Facultad de Ciencias Sociales de la Universidad Nacional de C\u00f3rdoba.<br> NOMBRE: Trabajo Social: resistencias y exigibilidad de derechos.<br> <\/p>\n\n\n\n<p><strong>FUNDAMENTACI\u00d3N<\/strong>: <br> El momento que vivimos es un momento lleno de desaf\u00edos. <br> Hoy como nunca es preciso tener coraje, <br> es preciso tener esperanza para enfrentar el presente.<br>  Es preciso resistir y so\u00f1ar.<br>  Es necesario alimentar los sue\u00f1os y concretizarlos d\u00eda a d\u00eda <br> teniendo como horizonte nuevos tiempos <br> m\u00e1s humanos, m\u00e1s justos y m\u00e1s solidarios<br> M. Iamamoto, 2003<\/p>\n\n\n\n<p>En el actual contexto nacional y latinoamericano, marcado por un claro deterioro de las condiciones de vida de la poblaci\u00f3n, profundizaci\u00f3n de la pobreza, desmantelamiento de las estructuras de la protecci\u00f3n social -tanto en el plano de la seguridad como en el de la asistencia- y restricci\u00f3n\/destrucci\u00f3n de pol\u00edticas sociales inclusivas e integrales de redistribuci\u00f3n y reconocimiento, como profesionales del Trabajo Social nos rehusamos a aceptar un reducido presente y un ampliado futuro de injusticias sociales en los territorios donde vivimos y trabajamos.<br> En el intento permanente de promover maneras de resistir y luchar de un modo situado, es que creemos posible y necesario identificar, visibilizar y difundir aportes profesionales que construimos colectivamente,  tanto en el an\u00e1lisis de las pol\u00edticas p\u00fablicas desde la perspectiva de derechos, como en aquellas estrategias de intervenci\u00f3n que dise\u00f1amos y ejecutamos con un horizonte de exigibilidad que nos permiten ampliar, recrear, consolidar y defender conquistas ciudadanas.<\/p>\n\n\n\n<p> Considerando que la configuraci\u00f3n de las pol\u00edticas sociales presupone el establecimiento de criterios de justicia, de igualdad y de integraci\u00f3n para una sociedad determinada, el enfoque de derechos nos permite una vigilancia \u00e9tica y pol\u00edtica que persigue la efectiva vigencia de los derechos humanos y alcanzar la equidad social, \u00e9tnica y de g\u00e9nero. Como profesionales del trabajo social, la incorporaci\u00f3n del enfoque de derechos contribuye a inscribir nuestra pr\u00e1ctica y la comprensi\u00f3n de las demandas en favor de un modelo que articula necesidades y derechos, la necesaria autotutela de quienes  ven sus vidas afectadas y el acompa\u00f1amiento al ejercicio y la exigencia de derechos.<\/p>\n\n\n\n<p> Adem\u00e1s, la perspectiva hist\u00f3rica reconstruye que s\u00f3lo el activismo de las organizaciones y colectivos cuyos derechos han sido vulnerados (grupos de trabajadores, pobladores de asentamientos, poblaci\u00f3n sin cobertura sanitaria, poblaci\u00f3n campesina  sin tierra, disidencias sexuales, personas con discapacidad, personas adultas  mayores que peligran en sus posibilidades de existencia, etc.) contribuye a una vigilancia efectiva para evitar retrocesos y para ampliar la efectivizaci\u00f3n de los derechos. En esa perspectiva inscribimos el XXX\u00b0 Congreso Nacional de Trabajo Social y el VI\u00ba Encuentro Argentino y Latinoamericano de Trabajo Social, identificando que en Trabajo Social , nos encontramos a diario con situaciones de vulneraci\u00f3n y que nuestras estrategias de intervenci\u00f3n y formaci\u00f3n  pueden realizar un significativo aporte a est\u00e1ndares que en materia de derechos econ\u00f3micos, sociales y culturales se han elaborado y consensuado.<\/p>\n\n\n\n<p> Por ello, y en el marco de la vigencia de la Ley Nacional 27072, es que reconocemos que la intervenci\u00f3n profesional en el marco del enfoque de derechos no es una opci\u00f3n, sino una prescripci\u00f3n legal que implica asumir una clara posici\u00f3n te\u00f3rica y pol\u00edtica que coloca la cuesti\u00f3n de los Derechos Humanos como eje central. De este modo, se recalca claramente en torno a nuestras incumbencias profesionales: la defensa, reivindicaci\u00f3n y promoci\u00f3n del ejercicio efectivo de los derechos humanos y sociales como fundamento propio de la disciplina, y nos exige \u201cproteger el inter\u00e9s de los ciudadanos\u2026 negarnos a realizar actos o colaborar en la ejecuci\u00f3n de pr\u00e1cticas violatorias de los derechos humanos\u2026y tener como principios rectores los derechos humanos, la justicia social, la ciudadan\u00eda y la forma de vida democr\u00e1tica\u201d.<\/p>\n\n\n\n<p> La propuesta para el XXX\u00b0 Congreso Nacional de Trabajo Social y el VI\u00b0 Encuentro Argentino y Latinoamericano de Trabajo Social, que se llevar\u00e1 a cabo en la ciudad de C\u00f3rdoba, en septiembre de 2020, se plantea favorecer el encuentro e intercambio disciplinar, estimular decires y saberes profesionales, generar espacios y propiciar la participaci\u00f3n de actores centrales de nuestra profesi\u00f3n que permitan escuchar y visibilizar las voces de los distintos colectivos que trabajan en la promoci\u00f3n y defensa de los derechos de las mayor\u00edas, reconociendo que nuestro colectivo profesional nacional, es uno de ellos.<\/p>\n\n\n\n<p> A los fines de profundizar la visibilizaci\u00f3n y el crecimiento de la profesi\u00f3n, de potenciar debates y de incrementar las opciones de incidencia en las agendas p\u00fablicas, es que el XXX\u00b0 Congreso Nacional de Trabajo Social ser\u00e1 co-organizado entre el Colegio de Profesionales en Servicio Social de la Provincia de C\u00f3rdoba -en representaci\u00f3n de toda la FAAPSS- y la carrera Licenciatura en Trabajo Social de la Facultad de Ciencias Sociales de la Universidad Nacional de C\u00f3rdoba, que encuentra a su vez y en simult\u00e1neo, la realizaci\u00f3n del VI\u00b0 Encuentro Argentino y Latinoamericano de Trabajo Social. Adem\u00e1s, en la Comisi\u00f3n Organizadora, contamos con la participaci\u00f3n de representantes de la carrera de Trabajo Social de la Universidad Nacional de R\u00edo Cuarto. Ello permitir\u00e1 una sinergia entre las apuestas institucionales que principalmente contienen y hacen al Trabajo Social en la provincia de C\u00f3rdoba.  <\/p>\n\n\n\n<p> <strong>OBJETIVOS<\/strong>:<br>     \u2022 Generar un espacio de intercambio y debate en torno a experiencias y  escenarios de intervenci\u00f3n y formaci\u00f3n en Trabajo Social, a partir de  las transformaciones socio-pol\u00edticas, econ\u00f3micas, culturales en Argentina y la regi\u00f3n.<br>     \u2022 Visibilizar estrategias de intervenci\u00f3n profesional y producci\u00f3n de conocimiento que promuevan procesos de resistencia y exigencia de derechos econ\u00f3micos, sociales, civiles, pol\u00edticos y culturales.<br>     \u2022 Problematizar las articulaciones y tensiones entre las dimensiones de formaci\u00f3n, investigaci\u00f3n e intervenci\u00f3n  en el campo del trabajo social en Argentina.<\/p>\n\n\n\n<p> <strong>EJES<\/strong>:<br> 1-CONTEXTOS Y  ESCENARIOS DE INTERVENCI\u00d3N: DESIGUALDADES, POL\u00cdTICAS SOCIALES Y DERECHOS EN (DE) CONSTRUCCI\u00d3N.<br>     \u2022 Nuevas expresiones de la cuesti\u00f3n social y Campos \u201cemergentes\u201d para el Trabajo Social: g\u00e9neros, ambiente, interculturalidad, migraciones,econom\u00eda social y popular,otros.<br>     \u2022 La intervenci\u00f3n profesional en municipios y comunas.<br>     \u2022 Marcos normativos y pol\u00edticas sociales, perspectivas de derechos y pr\u00e1cticas profesionales en procesos de exigibilidad de derechos.<br>     \u2022 Aportes desde la Formaci\u00f3n y la Investigaci\u00f3n a la perspectiva de derechos. .<br> 2- RESISTENCIAS, SUBJETIVIDADES, ORGANIZACI\u00d3N Y ACCI\u00d3N COLECTIVA<br>     \u2022 Proyectos profesionales y organizaci\u00f3n colectiva en TS.<br>     \u2022 Condiciones laborales y espacios socio-ocupacionales.<br>     \u2022 Movimientos Sociales y acci\u00f3n colectiva. Resistencias y re-existencias.<br>     \u2022 Aportes a los procesos de apropiaci\u00f3n subjetiva y objetiva de los derechos en los territorios donde trabajamos.  <br> 3- DEBATES EN EL CAMPO DEL TRABAJO SOCIAL. FORMACI\u00d3N, INTERVENCI\u00d3N Y PRODUCCI\u00d3N DE CONOCIMIENTO.<br>     -Trabajo Social en el marco de las Ciencias Sociales. Disputas y clausura del campo.<br>     &#8211; Formaci\u00f3n y producci\u00f3n de conocimiento. Actualizaci\u00f3n profesional. <br>     -Supervisi\u00f3n. <br>     &#8211; Decolonialidad y feminismos.<br>     &#8211; Articulaci\u00f3n docencia, intervenci\u00f3n, investigaci\u00f3n y extensi\u00f3n.<br>     &#8211; Aspectos \u00e9ticos en la formaci\u00f3n  e intervenci\u00f3n profesional.<\/p>\n\n\n\n<p><strong>ORGANIZACI\u00d3N<\/strong>: <br> En los meses previos a la realizaci\u00f3n del evento, se promover\u00e1 la puesta en marcha de conferencias virtuales asumidas por referentes de nuestra profesi\u00f3n, a fin de favorecer la instalaci\u00f3n de los ejes que se  abordar\u00e1n los d\u00edas 24, 25 y 26 de septiembre de 2020 en la ciudad de C\u00f3rdoba. Luego se propiciar\u00e1 el desarrollo trabajos de intercambio de estrategias de intervenci\u00f3n y elaboraci\u00f3n de documentos regionales. <br> Para el Evento propiamente dicho, los ejes definidos se abordar\u00e1n a trav\u00e9s diversas modalidades de presentaci\u00f3n que permitan dar cuenta de procesos de resistencia y\/o exigibilidad de derechos desde la intervenci\u00f3n y mirada particular de nuestra profesi\u00f3n:<br>     \u2022 Paneles centrales <br>     \u2022 Mesas simult\u00e1neas <br>     \u2022 Presentaci\u00f3n de trabajos y experiencias de intervenci\u00f3n a trav\u00e9s de videos<br>     \u2022 Galer\u00eda de posters<br>     \u2022 Foros tem\u00e1ticos de debate <br>     \u2022 Presentaci\u00f3n de libros, revistas y afines <br>     \u2022 Cursos cortos y simult\u00e1neos sobre tem\u00e1ticas puntuale.<br>     \u2022 Talleres de construcci\u00f3n de estrategias: reglamentaci\u00f3n de Ley Nacional 27072, Aportes al contenido y estrategias pol\u00edticas de efectivizaci\u00f3n. <\/p>\n\n\n\n<p>La comisi\u00f3n Organizadora del Evento  proyecta sistematizar las propuestas y experiencias presentadas, que propicien la efectivizaci\u00f3n de derechos, contribuyendo a consolidar una voz p\u00fablica de la profesi\u00f3n comprometida con la garant\u00eda de los derechos humanos en nuestro pa\u00eds y regi\u00f3n. Para ello, cada espacio de trabajo tendr\u00e1 un responsable de coordinaci\u00f3n  y un responsable de registro, condiciones que nos permitir\u00e1n la construcci\u00f3n de un documento final del mismo  que logre contener los principales debates y aportes realizados por el colectivo profesional.<\/p>\n\n\n\n<p> <strong>LUGAR<\/strong>: <br> El Evento se llevar\u00e1 a cabo en la ciudad de C\u00f3rdoba.<br> En la segunda circular informaremos sobre inscripciones, panelistas invitados, condiciones y requisitos para las distintas modalidades de participaci\u00f3n y toda otra informaci\u00f3n de inter\u00e9s.  <\/p>\n\n\n\n<p><strong>DATOS DE CONTACTO: <\/strong><br> congresonacionalts2020@gmail.com<\/p>\n\n\n\n<p><strong>Les esperamos!<br> Octubre 2019. <\/strong><\/p>\n","protected":false},"excerpt":{"rendered":"<p>XXX\u00b0 CONGRESO NACIONAL DE TRABAJO SOCIAL \u2013 VI\u00b0 ENCUENTRO ARGENTINO Y LATINOAMERICANO DE TRABAJO SOCIAL 24, 25 y 26 de<\/p>\n","protected":false},"author":1,"featured_media":7339,"comment_status":"open","ping_status":"open","sticky":false,"template":"","format":"standard","meta":{"footnotes":""},"categories":[12,14,24,129],"tags":[],"_links":{"self":[{"href":"https:\/\/cpsscba.org\/confluenciasvirtual\/index.php?rest_route=\/wp\/v2\/posts\/7337"}],"collection":[{"href":"https:\/\/cpsscba.org\/confluenciasvirtual\/index.php?rest_route=\/wp\/v2\/posts"}],"about":[{"href":"https:\/\/cpsscba.org\/confluenciasvirtual\/index.php?rest_route=\/wp\/v2\/types\/post"}],"author":[{"embeddable":true,"href":"https:\/\/cpsscba.org\/confluenciasvirtual\/index.php?rest_route=\/wp\/v2\/users\/1"}],"replies":[{"embeddable":true,"href":"https:\/\/cpsscba.org\/confluenciasvirtual\/index.php?rest_route=%2Fwp%2Fv2%2Fcomments&post=7337"}],"version-history":[{"count":2,"href":"https:\/\/cpsscba.org\/confluenciasvirtual\/index.php?rest_route=\/wp\/v2\/posts\/7337\/revisions"}],"predecessor-version":[{"id":7340,"href":"https:\/\/cpsscba.org\/confluenciasvirtual\/index.php?rest_route=\/wp\/v2\/posts\/7337\/revisions\/7340"}],"wp:featuredmedia":[{"embeddable":true,"href":"https:\/\/cpsscba.org\/confluenciasvirtual\/index.php?rest_route=\/wp\/v2\/media\/7339"}],"wp:attachment":[{"href":"https:\/\/cpsscba.org\/confluenciasvirtual\/index.php?rest_route=%2Fwp%2Fv2%2Fmedia&parent=7337"}],"wp:term":[{"taxonomy":"category","embeddable":true,"href":"https:\/\/cpsscba.org\/confluenciasvirtual\/index.php?rest_route=%2Fwp%2Fv2%2Fcategories&post=7337"},{"taxonomy":"post_tag","embeddable":true,"href":"https:\/\/cpsscba.org\/confluenciasvirtual\/index.php?rest_route=%2Fwp%2Fv2%2Ftags&post=7337"}],"curies":[{"name":"wp","href":"https:\/\/api.w.org\/{rel}","templated":true}]}}