{"id":7294,"date":"2019-12-28T19:18:23","date_gmt":"2019-12-28T19:18:23","guid":{"rendered":"http:\/\/cpsscba.org\/confluenciasvirtual\/?p=7294"},"modified":"2019-12-28T20:19:39","modified_gmt":"2019-12-28T20:19:39","slug":"residencias-salud-2020","status":"publish","type":"post","link":"https:\/\/cpsscba.org\/confluenciasvirtual\/?p=7294","title":{"rendered":"Residencias Salud 2020"},"content":{"rendered":"\n<p><strong>Lista bibliogr\u00e1fica actualizada y materiales de estudio para el Examen \u00danico 2020 para la residencias de Trabajo Social y Salud, RISAM y RISAMIJ.\u00a0<\/strong> <\/p>\n\n\n\n<p>En el siguiente link les postulantes podr\u00e1n acceder a todos los materiales de estudio:\u00a0<a rel=\"noreferrer noopener\" href=\"https:\/\/drive.google.com\/drive\/folders\/14Y0_42E6Q34YodpO2bDAxVzH6RrHOeYT?usp=sharing\" target=\"_blank\">https:\/\/drive.google.com\/drive\/folders\/14Y0_42E6Q34YodpO2bDAxVzH6RrHOeYT?usp=sharing<\/a> <\/p>\n\n\n\n<p>Cabe  destacar que el Ministerio de Salud de la provincia de C\u00f3rdoba a\u00fan no  realiz\u00f3 el llamado formal para la pre-inscripci\u00f3n de las\/os colegas  interesadas\/os, pero entre quienes  hemos trabajado en la revisi\u00f3n del examen de este a\u00f1o, acordamos con la  necesidad de comenzar con la difusi\u00f3n.<\/p>\n\n\n\n<p>\n<strong>BIBLIOGRAF\u00cdA DE EXAMEN \u00daNICO DE RESIDENCIA DE TRABAJO SOCIAL-\n2020<\/strong><\/p>\n\n\n\n<p><strong>ACEVEDO,\nPatricia <\/strong>(2006): La organizaci\u00f3n como construcci\u00f3n colectiva y\nalternativas para resolver problemas y satisfacer necesidades. Ficha\nde C\u00e1tedra Teor\u00edas, Espacios y Estrategias de Intervenci\u00f3n II\n(Comunitario). Licenciatura en Trabajo Social. Facultad de Ciencias\nSociales. Universidad Nacional de C\u00f3rdoba<\/p>\n\n\n\n<p><strong>ACEVEDO,\nPatricia<\/strong> (2014): Revisiones necesarias y urgentes en torno a los\nsujetos de la intervenci\u00f3n profesional: \u00bfmerecedores de ayuda o\ntitulares de derechos? En Cazzaniga, Susana (directora), Derechos,\npol\u00edticas sociales y problem\u00e1ticas contempor\u00e1neas. EDUNER. C\u00e1tedra\nTeor\u00edas, Espacios y Estrategias de Intervenci\u00f3n II (Comunitario).\nLicenciatura en Trabajo Social. Facultad de Ciencias Sociales.\nUniversidad Nacional de C\u00f3rdoba<\/p>\n\n\n\n<p><strong>AQUIN,\nNora <\/strong>(2010): Fundamentos del\nTrabajo Social Comunitario. Ficha de C\u00e1tedra, Pp. 28 a 31. C\u00e1tedra\nTeor\u00edas, espacios y estrategias de intervenci\u00f3n II (Comunitario).\nPrograma 2019.  Licenciatura en Trabajo Social. Facultad de Ciencias\nSociales. Universidad Nacional de C\u00f3rdoba<\/p>\n\n\n\n<p><strong>AQUIN,\nNora <\/strong><em><strong>et al<\/strong><\/em> (2014): La relaci\u00f3n sujeto \u2013 objeto\nen Trabajo Social. Una resignifcaci\u00f3n posible. Teor\u00edas, Espacios y\nEstrategias de Intervenci\u00f3n II (Comunitario). Apuntes de C\u00e1tedra.\nLicenciatura en Trabajo Social. Facultad de Ciencias Sociales.\nUniversidad Nacional de C\u00f3rdoba. Disponible en:\n<a href=\"http:\/\/www.ts.ucr.ac.cr\/binarios\/pela\/pl-000139.pdf\">http:\/\/www.ts.ucr.ac.cr\/binarios\/pela\/pl-000139.pdf<\/a>.\n<\/p>\n\n\n\n<p><strong>AQUIN,\nNora<\/strong> (2000): La Actualidad del Trabajo Social: Neo filantrop\u00eda o\nCiudadan\u00eda, en <em>Revista Confluencias. <\/em>Colegio de Profesionales\nde Servicio Social de la Provincia de C\u00f3rdoba. A\u00f1o 8. N\u00b035.<\/p>\n\n\n\n<p><strong>ARRIAGADA,\nIrma.<\/strong> (2001): Familias latinoamericanas. Diagn\u00f3stico y pol\u00edticas\np\u00fablicas en los inicios del nuevo siglo. Apartado I. Modernizaci\u00f3n,\nModernidad y Familia, Pp. 11 a 15. Publicaci\u00f3n de las Naciones\nUnidas, CEPAL, ECLAC. Divisi\u00f3n de Desarrollo Social. Santiago de\nChile. Disponible en:\n<a href=\"http:\/\/archivo.cepal.org\/pdfs\/2001\/S01121052.pdf\">http:\/\/archivo.cepal.org\/pdfs\/2001\/S01121052.pdf<\/a>\n   \n<\/p>\n\n\n\n<p><strong>BOURDIEU,\nPierre<\/strong> (1997): Razones Pr\u00e1cticas. Sobre la Teor\u00eda de la Acci\u00f3n.\n Anagrama. Barcelona.<\/p>\n\n\n\n<p>Pp. 91 a 138.\nDisponible en:\n<a href=\"http:\/\/epistemh.pbworks.com\/f\/9.%2BBourdieu%2BRazones%2BPr%C3%A1cticas.pdf\">http:\/\/epistemh.pbworks.com\/f\/9.%2BBourdieu%2BRazones%2BPr%C3%A1cticas.pdf<\/a><\/p>\n\n\n\n<p>\n<strong>BOURDIEU, Pierre y WACQUANT, Lo\u00efc <\/strong>(1995): Respuestas. Por una\nAntropolog\u00eda Reflexiva. Editorial Grijalbo. M\u00e9xico. Pp. 41 a 99.\nDisponible en:\n<a href=\"https:\/\/antropologiauatx.files.wordpress.com\/2015\/07\/bourdieu_-respuestas-por-una-antropologia-reflexiva-pierre-bourdieu1.pdf\">https:\/\/antropologiauatx.files.wordpress.com\/2015\/07\/bourdieu_-respuestas-por-una-antropologia-reflexiva-pierre-bourdieu1.pdf<\/a>\n  \n<\/p>\n\n\n\n<p>\n<strong>BOURDIEU, Pierre<\/strong> (1976): El Oficio de Soci\u00f3logo. Siglo XXI.\nCanillas. Pp. 27 a 81. Disponible en:\n<a href=\"http:\/\/www.reduii.org\/cii\/sites\/default\/files\/field\/doc\/Bourdieu%20Pierre%20-%20El%20Oficio%20De%20Sociologo.PDF\">http:\/\/www.reduii.org\/cii\/sites\/default\/files\/field\/doc\/Bourdieu%20Pierre%20-%20El%20Oficio%20De%20Sociologo.PDF<\/a>\n<\/p>\n\n\n\n<p><strong>BURIJOVICH,\nJacinta y ASSE, Iv\u00e1n<\/strong> (2000): La Reforma del Sector Salud en\nC\u00f3rdoba. El Naufragio de un Piloto de Tormentas. En Administraci\u00f3n\nP\u00fablica y Sociedad. Instituto de Investigaci\u00f3n y Formaci\u00f3n en\nAdministraci\u00f3n P\u00fablica (IIFAP), N\u00b013. Universidad Nacional de\nC\u00f3rdoba. Disponible en:\n<a href=\"http:\/\/www.iifap.unc.edu.ar\/imagenes\/revistas\/13\/la_reforma.pdf\">http:\/\/www.iifap.unc.edu.ar\/imagenes\/revistas\/13\/la_reforma.pdf<\/a><\/p>\n\n\n\n<p><strong>BREILH,\nJaime<\/strong> (2013): La determinaci\u00f3n social de la salud como\nherramienta de transformaci\u00f3n hacia una nueva salud p\u00fablica (salud\ncolectiva). Revista Fac. Nac. Salud P\u00fablica. Vol. 31 (supl 1).\nDisponible en:\n<a href=\"http:\/\/www.scielo.org.co\/scielo.php?script=sci_arttext&amp;pid=S0120-386X2013000400002\">http:\/\/www.scielo.org.co\/scielo.php?script=sci_arttext&amp;pid=S0120-386X2013000400002<\/a><\/p>\n\n\n\n<p><strong>CARBALLEDA,\nAlfredo <\/strong>(2012): La intervenci\u00f3n del Trabajo Social en el campo\nde la salud mental. Algunos interrogantes y perspectivas. En Revista\nMargen,N\u00ba 65, julio. Disponible en:\n<a href=\"http:\/\/www.margen.org\/suscri\/margen65\/carballeda.pdf\">http:\/\/www.margen.org\/suscri\/margen65\/carballeda.pdf<\/a><\/p>\n\n\n\n<p><strong>CARBALLEDA<\/strong>,\n<strong>Alfredo<\/strong> (2005): La Intervenci\u00f3n Hoy. Del Orden de los Cuerpos\na la Fragmentaci\u00f3n de la Sociedad, Cap\u00edtulo VI.  En Del Orden de\nlos Cuerpos a la fragmentaci\u00f3n de la Sociedad. Tesis de Doctorado en\nServicio Social. Pontificia Universidad Cat\u00f3lica de San Pablo.\nDisponible en:\n<a href=\"https:\/\/sapientia.pucsp.br\/bitstream\/handle\/17651\/1\/AlfredoCarballeda.pdf\">https:\/\/sapientia.pucsp.br\/bitstream\/handle\/17651\/1\/AlfredoCarballeda.pdf<\/a>\n \n<\/p>\n\n\n\n<p><strong>CLEMENTE,\nAdriana <\/strong>(2014) Coordinadora. Territorios urbanos y pobreza\npersistente. Parte III Pobreza extrema. Las privaciones y los\npadecimientos cotidianos. I. El barrio como parte de la soluci\u00f3n y\ncomo problema. Andrea Echeverr\u00eda. II. Las redes como parte de la\nsoluci\u00f3n y como problema. Carmen Elizalde y Carolina Maglioni.\nEspacio Editorial. Universidad de Buenos Aires<\/p>\n\n\n\n<p><strong>COLEGIO\nDE PROFESIONALES DE SERVICIO SOCIAL DE LA PROVINCIA DE C\u00d3RDOBA:<\/strong>\nC\u00f3digo de \u00c9tica. C\u00f3rdoba. Disponible en:\n<a href=\"http:\/\/www.cpsscba.org\/principales\/codigo%20de%20etica-08.pdf\">http:\/\/www.cpsscba.org\/principales\/codigo%20de%20etica-08.pdf<\/a><\/p>\n\n\n\n<p><strong>COSTA,\nRicardo<\/strong> (1997): Las Estrategias de Intervenci\u00f3n como Teor\u00edas de\nla Acci\u00f3n en Acci\u00f3n, en <em>Revista Acto Social, A\u00f1o V, N\u00ba 17<\/em>,\nC\u00f3rdoba. C\u00e1tedra Teor\u00eda de la Intervenci\u00f3n y Trabajo Social<em><strong>.\n<\/strong><\/em>Licenciatura en Trabajo Social. Facultad de Ciencias\nSociales. Universidad Nacional de C\u00f3rdoba<\/p>\n\n\n\n<p><strong>DE\nSOUSA SANTOS, Boaventura<\/strong> (2006): La Sociolog\u00eda de las Ausencias\ny la Sociolog\u00eda de las Emergencias: para una ecolog\u00eda de saberes,\nCap\u00edtulo 1.  En Renovar la Teor\u00eda Cr\u00edtica y Reinventar la\nEmancipaci\u00f3n Social. Ed. CLACSO Libros. Buenos Aires. Pp. 13 a 41.\nDisponible en:\n<a href=\"http:\/\/biblioteca.clacso.edu.ar\/clacso\/coediciones\/20100825032342\/critica.pdf\">http:\/\/biblioteca.clacso.edu.ar\/clacso\/coediciones\/20100825032342\/critica.pdf<\/a><\/p>\n\n\n\n<p>\n<strong>DE SOUZA MINAYO, Mar\u00eda Cecilia y otros<\/strong>\n(2003): Investigaci\u00f3n Social. Teor\u00eda, M\u00e9todo y Creatividad. En\nCiencia, t\u00e9cnica y arte: el desaf\u00edo de la investigaci\u00f3n social.\nLugar Editorial. Buenos Aires Disponible en:\n<a href=\"https:\/\/abcproyecto.files.wordpress.com\/2013\/06\/de-souza-minayo-2007-investigacic3b3n-social.pdf\">https:\/\/abcproyecto.files.wordpress.com\/2013\/06\/de-souza-minayo-2007-investigacic3b3n-social.pdf<\/a><\/p>\n\n\n\n<p><strong>JARA,\nOscar<\/strong> (s\/f): Orientaciones te\u00f3rico-pr\u00e1cticas para la\nsistematizaci\u00f3n de experiencias. Biblioteca Electr\u00f3nica sobre\nSistematizaci\u00f3n de Experiencias. CEAAL. Disponible en:\n<a href=\"http:\/\/centroderecursos.alboan.org\/ebooks\/0000\/0788\/6_JAR_ORI.pdf\">http:\/\/centroderecursos.alboan.org\/ebooks\/0000\/0788\/6_JAR_ORI.pdf<\/a>\n<\/p>\n\n\n\n<p><strong>FEDERICI,\nSilvia <\/strong>(2013):\nPrimera Parte. Teorizar y politizar el trabajo dom\u00e9stico 1. Salarios\ncontra el trabajo dom\u00e9stico (1975). En Revoluci\u00f3n en punto cero.\nTrabajo dom\u00e9stico, reproducci\u00f3n y luchas feministas. Traficantes de\nsue\u00f1os. Espa\u00f1a<\/p>\n\n\n\n<p><strong>GONZ\u00c1LEZ,\nCristina <\/strong>(s\/f): \u00bfDel Caso Social\nIndividual al Trabajo Social Familiar?: Un Poco de Historia y Algunas\nReflexiones\u201d. (Mimeo). C\u00e1tedra Teor\u00edas, Espacios y Estrategias de\nIntervenci\u00f3n III B (Familiar). Licenciatura en Trabajo Social.\nFacultad de Ciencias Sociales. Universidad Nacional de C\u00f3rdoba<\/p>\n\n\n\n<p><strong>ISUANI,\nAldo y MERCER, Hugo<\/strong> (1987): La\nFragmentaci\u00f3n Institucional del sector salud en Argentina:\n\u00bfpluralismo o irracionalidad? Bolet\u00edn Techint N\u00b0 224. s\/d. \n<\/p>\n\n\n\n<p><strong>JELIN,\nElizabeth <\/strong>(1986): Familia y Unidad\nDom\u00e9stica: Mundo P\u00fablico y Vida\nPrivada. Estudios CEDES. Buenos Aires. Disponible en:\n<a href=\"http:\/\/www.cedes.org.ar\/Publicaciones\/Est_c\/Est_c1984,4.pdf\">http:\/\/www.cedes.org.ar\/Publicaciones\/Est_c\/Est_c1984,4.pdf<\/a>\n<\/p>\n\n\n\n<p><strong>LAURELL,\nAsa Cristina<\/strong> (1986): El estudio del proceso salud enfermedad en\nAm\u00e9rica Latina.  EnCuadernos M\u00e9dicos Sociales, N\u00b0 37.\nRosario, Argentina.<\/p>\n\n\n\n<p><strong>LAURELL,\nAsa Cristina<\/strong> (1982): La Salud-Enfermedad como Proceso Social, en\nCuadernos M\u00e9dico Sociales N\u00ba 19, enero. Disponible en:\n<a href=\"http:\/\/www.buenosaires.gob.ar\/areas\/salud\/dircap\/mat\/matbiblio\/laurell.pdf\">http:\/\/www.buenosaires.gob.ar\/areas\/salud\/dircap\/mat\/matbiblio\/laurell.pdf<\/a>\n<\/p>\n\n\n\n<p><strong>LEY\nFEDERAL DE TRABAJO SOCIAL N\u00ba 27.072.<\/strong> (2014). Disponible en:\n<a href=\"http:\/\/www.trabajosocial.unlp.edu.ar\/uploads\/docs\/ley_federal_del_trabajo_social.pdf\">http:\/\/www.trabajosocial.unlp.edu.ar\/uploads\/docs\/ley_federal_del_trabajo_social.pdf<\/a><\/p>\n\n\n\n<p><strong>LEY\nNACIONAL DE SALUD MENTAL N\u00ba 26.657.<\/strong> (2010). Disponible en:\n<a href=\"http:\/\/www.msal.gob.ar\/saludmental\/images\/stories\/info-equipos\/pdf\/ley-nacional-salud-mental-26.657.pdf\">http:\/\/www.msal.gob.ar\/saludmental\/images\/stories\/info-equipos\/pdf\/ley-nacional-salud-mental-26.657.pdf<\/a>.\n<\/p>\n\n\n\n<p><strong>LEY\nNACIONAL N\u00ba 25.673 <\/strong>(2003)<strong>. <\/strong>Creaci\u00f3n del Programa\nNacional de Salud Sexual y Procreaci\u00f3n Responsable. Disponible en:\n<a href=\"http:\/\/www.msal.gov.ar\/saludsexual\/ley.php\">http:\/\/www.msal.gov.ar\/saludsexual\/ley.php<\/a>\n<\/p>\n\n\n\n<p><strong>LEY\nNACIONAL N\u00ba 26061 <\/strong>(2005)<strong>. <\/strong>Protecci\u00f3n Integral de los\nDerechos de Ni\u00f1os, Ni\u00f1as y Adolescentes. Disponible en:\n<a href=\"http:\/\/infoleg.mecon.gov.ar\/infolegInternet\/anexos\/110000-114999\/110778\/norma.htm\">http:\/\/infoleg.mecon.gov.ar\/infolegInternet\/anexos\/110000-114999\/110778\/norma.htm<\/a>\n \n<\/p>\n\n\n\n<p><strong>LEY\nNACIONAL N\u00ba 26.485 <\/strong>(2009). Protecci\u00f3n Integral para prevenir,\nsancionar y erradicar la Violencia contra las Mujeres en los \u00e1mbitos\nque desarrollen sus relaciones interpersonales. Disponible en:\n<a href=\"https:\/\/www.oas.org\/dil\/esp\/Ley_de_Proteccion_Integral_de_Mujeres_Argentina.pdf\">https:\/\/www.oas.org\/dil\/esp\/Ley_de_Proteccion_Integral_de_Mujeres_Argentina.pdf<\/a><\/p>\n\n\n\n<p>\n<strong>LEY\nNACIONAL N\u00ba 26.529 <\/strong>(2009).\nDerechos del paciente en su relaci\u00f3n con los profesionales e\nInstituciones de la Salud. Disponible en:\n<a href=\"http:\/\/servicios.infoleg.gob.ar\/infolegInternet\/anexos\/160000-164999\/160432\/norma.htm\">http:\/\/servicios.infoleg.gob.ar\/infolegInternet\/anexos\/160000-164999\/160432\/norma.htm<\/a><\/p>\n\n\n\n<p><strong>MAX,\nNeef y Otros <\/strong>(2010): Desarrollo de la Escala Humana: Una Opci\u00f3n\npara el Futuro. Cepaur &#8211; Fundaci\u00f3n DagHammarskjold, Development,\nN\u00famero Especial. Edit. CF+S. Madrid, Espa\u00f1a. Disponible en:\n<a href=\"http:\/\/habitat.aq.upm.es\/deh\/adeh.pdf\">http:\/\/habitat.aq.upm.es\/deh\/adeh.pdf<\/a>\n<\/p>\n\n\n\n<p><strong>MEN\u00c9NDEZ,\nEduardo<\/strong> (2003): Modelos de atenci\u00f3n de los padecimientos: de\nexclusiones te\u00f3ricas y articulaciones pr\u00e1cticas<em>.<\/em> Disponible\nen: <a href=\"https:\/\/docs.google.com\/file\/d\/0B1HbXRn5hv-lelNvbXZvQTF6dDA\/edit\">https:\/\/docs.google.com\/file\/d\/0B1HbXRn5hv-lelNvbXZvQTF6dDA\/edit<\/a>\n       \n<\/p>\n\n\n\n<p><strong>PICHON\nRIVIERE, Enrique <\/strong>(1985): El Proceso\nGrupal. Del Psicoan\u00e1lisis a la Psicolog\u00eda Social. Ediciones Nueva\nVisi\u00f3n. Buenos Aires, Argentina. \n<\/p>\n\n\n\n<p><strong>PIOTTI,\nMar\u00eda Lidia<\/strong> (2011): Los Tres Paradigmas sobre la Infancia y\nAdolescencia, ponencia.  Colegio de Profesionales de Servicio Social\nde la Provincia de C\u00f3rdoba.\nSeminario&nbsp;Cuatrimestral&nbsp;de&nbsp;Trabajo&nbsp;Social&nbsp;con\nNi\u00f1os&nbsp;y&nbsp;Adolescentes. Licenciatura en Trabajo Social.\nFacultad de Ciencias Sociales. Universidad Nacional de C\u00f3rdoba \n<\/p>\n\n\n\n<p><strong>Programa\nM\u00e9dicos Comunitarios<\/strong>. M\u00f3dulo 2 Epidemiolog\u00eda. Unidad 1Concepto y aplicaciones de la\nepidemiologia, Unidad 2: Medidas y\ndise\u00f1os epidemiol\u00f3gicos, y Glosario. Disponible en:\n<a href=\"http:\/\/www.msal.gob.ar\/equiposcomunitarios\/index.php\/informacion-para-equipos-de-salud\/material-bibliografico\">http:\/\/www.msal.gob.ar\/equiposcomunitarios\/index.php\/informacion-para-equipos-de-salud\/material-bibliografico<\/a>\n<\/p>\n\n\n\n<p><strong>QUIROGA,\nAna <\/strong>(2003): La psicolog\u00eda social como cr\u00edtica de la vida\ncotidiana (Clase dictada en 1981)En QUIROGA, Ana y RACEDO,\nJosefina<strong>,<\/strong> Cr\u00edtica de la Vida Cotidiana. Pp. 7 a 14.Ediciones Cinco. 6\u00aa edici\u00f3n. Argentina<strong>. <\/strong>Disponible en:\n<a href=\"https:\/\/es.scribd.com\/doc\/127703057\/Critica-de-La-Vida-Cotidiana-Ana-Quiroga-Josefina-Racedo\">https:\/\/es.scribd.com\/doc\/127703057\/Critica-de-La-Vida-Cotidiana-Ana-Quiroga-Josefina-Racedo<\/a><\/p>\n\n\n\n<p><strong>ROBIROSA,\nMario y Otros<\/strong> (1990): La\nviabilizaci\u00f3n del Proyecto (Primera Etapa), Cap\u00edtulo\n3. En Turbulencia y Planificaci\u00f3n Social. Edici\u00f3n UNICEF \u2013 Siglo XXI,\nBuenos Aires. \n<\/p>\n\n\n\n<p><strong>ROVERE,\nMario<\/strong> (1993): Planificaci\u00f3n\nEstrat\u00e9gica de Recursos Humanos en Salud<strong>.\n<\/strong>Cap\u00edtulos I, II y IV.Edici\u00f3n OPS\/OMS, Chile.\nDisponible en:\n<a href=\"https:\/\/cursos.campusvirtualsp.org\/mod\/resource\/view.php?id=968\">https:\/\/cursos.campusvirtualsp.org\/mod\/resource\/view.php?id=968<\/a>\n\n<\/p>\n\n\n\n<p><strong>ROVERE,\nMario (<\/strong>1999): Redes En Salud. Un Nuevo Paradigma para el\nabordaje de las organizaciones y la comunidad. Apartado 1: Atenci\u00f3n\nprimaria de la salud resignificada en la red de servicios y Apartado\n2: Hacia la conformaci\u00f3n de Redes. Rosario: Ed. Secretar\u00eda de Salud\nP\u00fablica\/AMR, Instituto Lazarte (reimpresi\u00f3n). Disponible en: \n<a href=\"http:\/\/www.rosario.gov.ar\/sitio\/verArchivo?id=8565&amp;tipo=objetoMultimedia\">http:\/\/www.rosario.gov.ar\/sitio\/verArchivo?id=8565&amp;tipo=objetoMultimedia<\/a>\n \n<\/p>\n\n\n\n<p><strong>ROTONDI,\nGabriela<\/strong> (2013): Intervenci\u00f3n Institucional en Trabajo Social:\npistas para el an\u00e1lisis de la demanda. Ficha de C\u00e1tedra Teor\u00edas,\nEspacios y Estrategias de Intervenci\u00f3n IV (Institucional).\nLicenciatura en Trabajo Social. Facultad de Ciencias Sociales.\nUniversidad Nacional de C\u00f3rdoba<\/p>\n\n\n\n<p><strong>ROZAS\nPAGAZA Margarita<\/strong> (1998): Una Perspectiva Te\u00f3rica &#8211; metodol\u00f3gica\nde la Intervenci\u00f3n en Trabajo Social. Editorial Espacio. Buenos\nAires. \n<\/p>\n\n\n\n<p><strong>STOLKINER,\nAlicia <\/strong>(1999): La Interdisciplina: entre la epistemolog\u00eda y las\npr\u00e1cticas. En Revista Campo Psi-Revista de Informaci\u00f3n\nespecializada A\u00f1o 3, N\u00b0 10, abril, Rosario. Argentina.  Disponible\nen: <a href=\"http:\/\/www.campopsi.com.ar\/lecturas\/stolkiner.htm\">http:\/\/www.campopsi.com.ar\/lecturas\/stolkiner.htm<\/a>\n \n<\/p>\n\n\n\n<p><strong>VASILACHIS\nDE GIALDINO, Irene<\/strong> (Coord.) (2006) Cap\u00edtulo I La investigaci\u00f3n\ncualitativa (pp. 23-64). En Vasilachis, I. Estrategias de\nInvestigaci\u00f3n Cualitativa. Editorial Gedisa, Barcelona. Disponible\nen:\n<a href=\"http:\/\/investigacionsocial.sociales.uba.ar\/wp-content\/uploads\/sites\/103\/2013\/03\/Estrategias-de-la-investigacin-cualitativa-1.pdf\">http:\/\/investigacionsocial.sociales.uba.ar\/wp-content\/uploads\/sites\/103\/2013\/03\/Estrategias-de-la-investigacin-cualitativa-1.pdf<\/a>\n<\/p>\n\n\n\n<p><\/p>\n","protected":false},"excerpt":{"rendered":"<p>Lista bibliogr\u00e1fica actualizada y materiales de estudio para el Examen \u00danico 2020 para la residencias de Trabajo Social y Salud,<\/p>\n","protected":false},"author":1,"featured_media":7297,"comment_status":"open","ping_status":"open","sticky":false,"template":"","format":"standard","meta":{"footnotes":""},"categories":[14,18],"tags":[],"_links":{"self":[{"href":"https:\/\/cpsscba.org\/confluenciasvirtual\/index.php?rest_route=\/wp\/v2\/posts\/7294"}],"collection":[{"href":"https:\/\/cpsscba.org\/confluenciasvirtual\/index.php?rest_route=\/wp\/v2\/posts"}],"about":[{"href":"https:\/\/cpsscba.org\/confluenciasvirtual\/index.php?rest_route=\/wp\/v2\/types\/post"}],"author":[{"embeddable":true,"href":"https:\/\/cpsscba.org\/confluenciasvirtual\/index.php?rest_route=\/wp\/v2\/users\/1"}],"replies":[{"embeddable":true,"href":"https:\/\/cpsscba.org\/confluenciasvirtual\/index.php?rest_route=%2Fwp%2Fv2%2Fcomments&post=7294"}],"version-history":[{"count":4,"href":"https:\/\/cpsscba.org\/confluenciasvirtual\/index.php?rest_route=\/wp\/v2\/posts\/7294\/revisions"}],"predecessor-version":[{"id":7300,"href":"https:\/\/cpsscba.org\/confluenciasvirtual\/index.php?rest_route=\/wp\/v2\/posts\/7294\/revisions\/7300"}],"wp:featuredmedia":[{"embeddable":true,"href":"https:\/\/cpsscba.org\/confluenciasvirtual\/index.php?rest_route=\/wp\/v2\/media\/7297"}],"wp:attachment":[{"href":"https:\/\/cpsscba.org\/confluenciasvirtual\/index.php?rest_route=%2Fwp%2Fv2%2Fmedia&parent=7294"}],"wp:term":[{"taxonomy":"category","embeddable":true,"href":"https:\/\/cpsscba.org\/confluenciasvirtual\/index.php?rest_route=%2Fwp%2Fv2%2Fcategories&post=7294"},{"taxonomy":"post_tag","embeddable":true,"href":"https:\/\/cpsscba.org\/confluenciasvirtual\/index.php?rest_route=%2Fwp%2Fv2%2Ftags&post=7294"}],"curies":[{"name":"wp","href":"https:\/\/api.w.org\/{rel}","templated":true}]}}