{"id":7194,"date":"2019-09-29T02:12:03","date_gmt":"2019-09-29T02:12:03","guid":{"rendered":"http:\/\/cpsscba.org\/confluenciasvirtual\/?p=7194"},"modified":"2019-10-03T12:56:32","modified_gmt":"2019-10-03T12:56:32","slug":"salud-mental-y-discapacidad-intelectual-mental-su-articulacion-desde-la-intervencion-profesional","status":"publish","type":"post","link":"https:\/\/cpsscba.org\/confluenciasvirtual\/?p=7194","title":{"rendered":"SALUD MENTAL Y DISCAPACIDAD INTELECTUAL &#8211; MENTAL  Su articulaci\u00f3n desde la intervenci\u00f3n profesional"},"content":{"rendered":"\n<p><strong>Objetivo:<\/strong>  Generar un espacio de reflexi\u00f3n, articulaci\u00f3n y elaboraci\u00f3n de estrategias de intervenci\u00f3n, acerca de los campos de intervenci\u00f3n de la Salud Mental y de la Discapacidad Intelectual- Mental.<\/p>\n\n\n\n<p> <strong>Fecha: <\/strong>viernes 18 de octubre de 2019, de 8:30 a 14:30hs.<strong>   Duraci\u00f3n: <\/strong>6 hs.<\/p>\n\n\n\n<p> <strong>Lugar:<\/strong> Sede del CPSSPC, Jujuy 330, Ciudad de C\u00f3rdoba.<\/p>\n\n\n\n<p><strong>Organizada por: <\/strong>Comisi\u00f3n de Discapacidad del CPSSPC y RISAM.<\/p>\n\n\n\n<p> * Inscripci\u00f3n aqu\u00ed: <a rel=\"noreferrer noopener\" href=\"https:\/\/l.facebook.com\/l.php?u=https%3A%2F%2Fforms.gle%2FANV8TwERi4Lu5USD6%3Ffbclid%3DIwAR3seVxyh4EbXki56E5yw06RG7v6SArNgVAkudOmEW0_MbHBExQdsJ4AlTY&amp;h=AT1LzRfkKdc8KaacKQi8XpPePlBrVZ7U52jexKyd47unEd8gOeFU9xYu-G2kcdEgAEDKSD8JoPYl4o6EJaR_EPHe6fGYtX3tkv-gEVvU3vT8Oi3KSgpbuI2lSrWlfLmvIRWGa1uqWAqwfBW6EMT4WX5i_Q\" target=\"_blank\">https:\/\/forms.gle\/ANV8TwERi4Lu5USD6<\/a><\/p>\n\n\n\n<p>\n<strong>Destinatarios\/as: <\/strong>\n<\/p>\n\n\n\n<p>\nProfesionales en Trabajo Social que se\ndesempe\u00f1an en los \u00e1mbitos de la Salud Mental y en Discapacidad\nmental e intelectual. \n<\/p>\n\n\n\n<p>\n<strong>Arancel: <\/strong>\n<\/p>\n\n\n\n<p>\nProfesionales de T.S. con M.P. al d\u00eda: $ 300.-<\/p>\n\n\n\n<p>\nProfesionales de T.S. con deuda de M.P.: $\n400.-<\/p>\n\n\n\n<p>\n<strong>Programa:<\/strong><\/p>\n\n\n\n<p>\n<em><strong>8:30 hs   <\/strong><\/em>Acreditaci\u00f3n.<\/p>\n\n\n\n<p>\n<em><strong>9 hs  <\/strong><\/em>Inicio de la jornada<\/p>\n\n\n\n<p>\n<em><strong>9:15 hs  <\/strong><\/em>1\u00ba Panel: Experiencias de intervenci\u00f3n en el\ncampo de la Salud Mental y la Discapacidad, con ponencias de Lic. en\nTrabajo Social Especialistas de ambos campos, con desempe\u00f1o en lo\np\u00fablico y privado: Lic. Bel\u00e9n Garro Moreno, Lic. Ileana Trotta,\nLic. Vanesa Holgado, Lic. Gabriela R\u00edos.<\/p>\n\n\n\n<p>\n<em><strong>10:45 hs <\/strong><\/em><strong>&#8211;     <\/strong>Break<\/p>\n\n\n\n<p>\n<em><strong>11 hs   <\/strong><\/em>Taller grupal \u2013 mesas de trabajo<strong> y\n<\/strong>elaboraci\u00f3n de propuestas. \n<\/p>\n\n\n\n<p>\n<em><strong>Ejes:<\/strong><\/em><\/p>\n\n\n\n<p>\n <strong>\t&#8211; <\/strong>Intersectorialidad<\/p>\n\n\n\n<p>\n \t&#8211; Diferencias de ambos campos \n<\/p>\n\n\n\n<p>\n \t&#8211; Situaciones conflictivas y dificultades en la intervenci\u00f3n<\/p>\n\n\n\n<p>\n \t&#8211; Propuestas<\/p>\n\n\n\n<p><strong>12hs<\/strong> 2\u00ba Panel: Encuadre legal, normativas, resoluciones en Salud Mental y Discapacidad: Lic. en T.S.  Mariela Suarez (Esp en Salud), Abog. Natalia Monasterolo, Abog. Paula Drazile (Oficina de Derechos Humanos del Poder Judicial).<\/p>\n\n\n\n<p>\n<strong>13:30 hs   <\/strong>Plenario, lectura de conclusiones y propuestas para\nel armado de documento a cargo de RISAM. \n<\/p>\n\n\n\n<p>\n<strong>14 hs  <\/strong>Cierre y entrega de Certificados.<\/p>\n","protected":false},"excerpt":{"rendered":"<p>Objetivo: Generar un espacio de reflexi\u00f3n, articulaci\u00f3n y elaboraci\u00f3n de estrategias de intervenci\u00f3n, acerca de los campos de intervenci\u00f3n de<\/p>\n","protected":false},"author":1,"featured_media":7195,"comment_status":"open","ping_status":"open","sticky":false,"template":"","format":"standard","meta":{"footnotes":""},"categories":[33,14],"tags":[],"_links":{"self":[{"href":"https:\/\/cpsscba.org\/confluenciasvirtual\/index.php?rest_route=\/wp\/v2\/posts\/7194"}],"collection":[{"href":"https:\/\/cpsscba.org\/confluenciasvirtual\/index.php?rest_route=\/wp\/v2\/posts"}],"about":[{"href":"https:\/\/cpsscba.org\/confluenciasvirtual\/index.php?rest_route=\/wp\/v2\/types\/post"}],"author":[{"embeddable":true,"href":"https:\/\/cpsscba.org\/confluenciasvirtual\/index.php?rest_route=\/wp\/v2\/users\/1"}],"replies":[{"embeddable":true,"href":"https:\/\/cpsscba.org\/confluenciasvirtual\/index.php?rest_route=%2Fwp%2Fv2%2Fcomments&post=7194"}],"version-history":[{"count":5,"href":"https:\/\/cpsscba.org\/confluenciasvirtual\/index.php?rest_route=\/wp\/v2\/posts\/7194\/revisions"}],"predecessor-version":[{"id":7201,"href":"https:\/\/cpsscba.org\/confluenciasvirtual\/index.php?rest_route=\/wp\/v2\/posts\/7194\/revisions\/7201"}],"wp:featuredmedia":[{"embeddable":true,"href":"https:\/\/cpsscba.org\/confluenciasvirtual\/index.php?rest_route=\/wp\/v2\/media\/7195"}],"wp:attachment":[{"href":"https:\/\/cpsscba.org\/confluenciasvirtual\/index.php?rest_route=%2Fwp%2Fv2%2Fmedia&parent=7194"}],"wp:term":[{"taxonomy":"category","embeddable":true,"href":"https:\/\/cpsscba.org\/confluenciasvirtual\/index.php?rest_route=%2Fwp%2Fv2%2Fcategories&post=7194"},{"taxonomy":"post_tag","embeddable":true,"href":"https:\/\/cpsscba.org\/confluenciasvirtual\/index.php?rest_route=%2Fwp%2Fv2%2Ftags&post=7194"}],"curies":[{"name":"wp","href":"https:\/\/api.w.org\/{rel}","templated":true}]}}