{"id":7161,"date":"2019-09-18T14:11:32","date_gmt":"2019-09-18T14:11:32","guid":{"rendered":"http:\/\/cpsscba.org\/confluenciasvirtual\/?p=7161"},"modified":"2019-09-23T14:14:45","modified_gmt":"2019-09-23T14:14:45","slug":"interrelacion-entre-familia-justicia-y-trabajo-social","status":"publish","type":"post","link":"https:\/\/cpsscba.org\/confluenciasvirtual\/?p=7161","title":{"rendered":"Interrelaci\u00f3n entre Familia, Justicia y Trabajo Social"},"content":{"rendered":"\n<p><strong>El  martes 17\/09\/19 se llev\u00f3 a cabo el Segundo  Taller organizado por el  \u00c1rea Socio &#8211; Jur\u00eddico &#8211; Criminol\u00f3gica del CPSSPC. La  tem\u00e1tica estuvo  centrada en \u00abInterrelaci\u00f3n entre Familia, Justicia y Trabajo Social\u201d, a  cargo de la Lic. Alicia Soldevilla<\/strong>.<\/p>\n\n\n\n<p>Este encuentro pedag\u00f3gico  cont\u00f3 con la participaci\u00f3n activa de un gran n\u00famero de asistentes de  sede Capital y  v\u00eda Skype de la Delegaci\u00f3n de R\u00edo Cuarto.<\/p>\n\n\n\n<figure class=\"wp-block-image\"><img loading=\"lazy\" decoding=\"async\" width=\"1024\" height=\"683\" src=\"http:\/\/cpsscba.org\/confluenciasvirtual\/wp-content\/uploads\/2019\/09\/71055356_3265837506789954_6470642675539247104_o-1024x683.jpg\" alt=\"\" class=\"wp-image-7164\" srcset=\"https:\/\/cpsscba.org\/confluenciasvirtual\/wp-content\/uploads\/2019\/09\/71055356_3265837506789954_6470642675539247104_o-1024x683.jpg 1024w, https:\/\/cpsscba.org\/confluenciasvirtual\/wp-content\/uploads\/2019\/09\/71055356_3265837506789954_6470642675539247104_o-300x200.jpg 300w, https:\/\/cpsscba.org\/confluenciasvirtual\/wp-content\/uploads\/2019\/09\/71055356_3265837506789954_6470642675539247104_o-768x512.jpg 768w, https:\/\/cpsscba.org\/confluenciasvirtual\/wp-content\/uploads\/2019\/09\/71055356_3265837506789954_6470642675539247104_o.jpg 2048w\" sizes=\"(max-width: 1024px) 100vw, 1024px\" \/><\/figure>\n\n\n\n<p>Los  contenidos vertidos fueron ponderados significativamente, favoreciendo  el intercambio de experiencias en el desempe\u00f1o disciplinar y de otras  intervinientes.<\/p>\n","protected":false},"excerpt":{"rendered":"<p>El martes 17\/09\/19 se llev\u00f3 a cabo el Segundo Taller organizado por el \u00c1rea Socio &#8211; Jur\u00eddico &#8211; Criminol\u00f3gica del<\/p>\n","protected":false},"author":1,"featured_media":7163,"comment_status":"open","ping_status":"open","sticky":false,"template":"","format":"standard","meta":{"footnotes":""},"categories":[65,14],"tags":[],"_links":{"self":[{"href":"https:\/\/cpsscba.org\/confluenciasvirtual\/index.php?rest_route=\/wp\/v2\/posts\/7161"}],"collection":[{"href":"https:\/\/cpsscba.org\/confluenciasvirtual\/index.php?rest_route=\/wp\/v2\/posts"}],"about":[{"href":"https:\/\/cpsscba.org\/confluenciasvirtual\/index.php?rest_route=\/wp\/v2\/types\/post"}],"author":[{"embeddable":true,"href":"https:\/\/cpsscba.org\/confluenciasvirtual\/index.php?rest_route=\/wp\/v2\/users\/1"}],"replies":[{"embeddable":true,"href":"https:\/\/cpsscba.org\/confluenciasvirtual\/index.php?rest_route=%2Fwp%2Fv2%2Fcomments&post=7161"}],"version-history":[{"count":2,"href":"https:\/\/cpsscba.org\/confluenciasvirtual\/index.php?rest_route=\/wp\/v2\/posts\/7161\/revisions"}],"predecessor-version":[{"id":7165,"href":"https:\/\/cpsscba.org\/confluenciasvirtual\/index.php?rest_route=\/wp\/v2\/posts\/7161\/revisions\/7165"}],"wp:featuredmedia":[{"embeddable":true,"href":"https:\/\/cpsscba.org\/confluenciasvirtual\/index.php?rest_route=\/wp\/v2\/media\/7163"}],"wp:attachment":[{"href":"https:\/\/cpsscba.org\/confluenciasvirtual\/index.php?rest_route=%2Fwp%2Fv2%2Fmedia&parent=7161"}],"wp:term":[{"taxonomy":"category","embeddable":true,"href":"https:\/\/cpsscba.org\/confluenciasvirtual\/index.php?rest_route=%2Fwp%2Fv2%2Fcategories&post=7161"},{"taxonomy":"post_tag","embeddable":true,"href":"https:\/\/cpsscba.org\/confluenciasvirtual\/index.php?rest_route=%2Fwp%2Fv2%2Ftags&post=7161"}],"curies":[{"name":"wp","href":"https:\/\/api.w.org\/{rel}","templated":true}]}}