{"id":7121,"date":"2019-08-20T13:58:51","date_gmt":"2019-08-20T13:58:51","guid":{"rendered":"http:\/\/cpsscba.org\/confluenciasvirtual\/?p=7121"},"modified":"2019-08-29T14:05:30","modified_gmt":"2019-08-29T14:05:30","slug":"integracion-escolar-relatos-e-intercambio-de-experiencias-inclusivas","status":"publish","type":"post","link":"https:\/\/cpsscba.org\/confluenciasvirtual\/?p=7121","title":{"rendered":"INTEGRACI\u00d3N ESCOLAR: relatos e intercambio de experiencias inclusivas"},"content":{"rendered":"\n<p><strong>La Mesa de Educaci\u00f3n y la Comisi\u00f3n de Discapacidad del CPSSPC invitan a la jornada de capacitaci\u00f3n docente \u201cINTEGRACI\u00d3N ESCOLAR: relatos e intercambio de experiencias inclusivas\u201d, destinada a docentes de nivel Inicial, Primario y Secundario (en servicio y aspirantes a la docencia) y a profesionales integrantes de Equipos T\u00e9cnicos (afines a la tem\u00e1tica).<\/strong><\/p>\n\n\n\n<p>Fecha y horario: Lunes 02 de setiembre de 2019 (de 14 a 19 horas): la acreditaci\u00f3n ser\u00e1 de 13:30 a 14 horas, iniciando la jornada a las 14 horas en punto.<\/p>\n\n\n\n<p>Lugar: Auditorio Luis Gagliano (Jujuy 27, C\u00f3rdoba).<\/p>\n\n\n\n<figure class=\"wp-block-image\"><img loading=\"lazy\" decoding=\"async\" width=\"677\" height=\"960\" src=\"http:\/\/cpsscba.org\/confluenciasvirtual\/wp-content\/uploads\/2019\/08\/69538417_3200516006655438_2107696724532264960_n.jpg\" alt=\"\" class=\"wp-image-7122\" srcset=\"https:\/\/cpsscba.org\/confluenciasvirtual\/wp-content\/uploads\/2019\/08\/69538417_3200516006655438_2107696724532264960_n.jpg 677w, https:\/\/cpsscba.org\/confluenciasvirtual\/wp-content\/uploads\/2019\/08\/69538417_3200516006655438_2107696724532264960_n-212x300.jpg 212w\" sizes=\"(max-width: 677px) 100vw, 677px\" \/><\/figure>\n\n\n\n<p>Habr\u00e1 dos paneles de experiencias: uno de Nivel Inicial y Primario y otro de Nivel Secundario: en los paneles se compartir\u00e1n experiencias de integraci\u00f3n escolar en modalidad com\u00fan. Habr\u00e1 espacio para intercambios y preguntas.<\/p>\n\n\n\n<p>Al finalizar los paneles, el Dr. Daniel Brailovsky compartir\u00e1 una exposici\u00f3n en la cual se recuperar\u00e1n aspectos centrales de la jornada.<\/p>\n\n\n\n<p>Para la PREINSCRIPCI\u00d3N: deber\u00e1n completar este formulario: <a href=\"https:\/\/forms.gle\/Cnkmq5VetEGjexmt8?fbclid=IwAR1d2tnsv-0hP1LF3sPe1P_dqag05oKh4Lvd0pEMI_OSb-4mMPo75jmaKWM\" target=\"_blank\" rel=\"noreferrer noopener\">https:\/\/forms.gle\/Cnkmq5VetEGjexmt8<\/a> (y seguir las instrucciones que all\u00ed se indican).<\/p>\n","protected":false},"excerpt":{"rendered":"<p>La Mesa de Educaci\u00f3n y la Comisi\u00f3n de Discapacidad del CPSSPC invitan a la jornada de capacitaci\u00f3n docente \u201cINTEGRACI\u00d3N ESCOLAR:<\/p>\n","protected":false},"author":1,"featured_media":7122,"comment_status":"open","ping_status":"open","sticky":false,"template":"","format":"standard","meta":{"footnotes":""},"categories":[104,33,14],"tags":[],"_links":{"self":[{"href":"https:\/\/cpsscba.org\/confluenciasvirtual\/index.php?rest_route=\/wp\/v2\/posts\/7121"}],"collection":[{"href":"https:\/\/cpsscba.org\/confluenciasvirtual\/index.php?rest_route=\/wp\/v2\/posts"}],"about":[{"href":"https:\/\/cpsscba.org\/confluenciasvirtual\/index.php?rest_route=\/wp\/v2\/types\/post"}],"author":[{"embeddable":true,"href":"https:\/\/cpsscba.org\/confluenciasvirtual\/index.php?rest_route=\/wp\/v2\/users\/1"}],"replies":[{"embeddable":true,"href":"https:\/\/cpsscba.org\/confluenciasvirtual\/index.php?rest_route=%2Fwp%2Fv2%2Fcomments&post=7121"}],"version-history":[{"count":1,"href":"https:\/\/cpsscba.org\/confluenciasvirtual\/index.php?rest_route=\/wp\/v2\/posts\/7121\/revisions"}],"predecessor-version":[{"id":7123,"href":"https:\/\/cpsscba.org\/confluenciasvirtual\/index.php?rest_route=\/wp\/v2\/posts\/7121\/revisions\/7123"}],"wp:featuredmedia":[{"embeddable":true,"href":"https:\/\/cpsscba.org\/confluenciasvirtual\/index.php?rest_route=\/wp\/v2\/media\/7122"}],"wp:attachment":[{"href":"https:\/\/cpsscba.org\/confluenciasvirtual\/index.php?rest_route=%2Fwp%2Fv2%2Fmedia&parent=7121"}],"wp:term":[{"taxonomy":"category","embeddable":true,"href":"https:\/\/cpsscba.org\/confluenciasvirtual\/index.php?rest_route=%2Fwp%2Fv2%2Fcategories&post=7121"},{"taxonomy":"post_tag","embeddable":true,"href":"https:\/\/cpsscba.org\/confluenciasvirtual\/index.php?rest_route=%2Fwp%2Fv2%2Ftags&post=7121"}],"curies":[{"name":"wp","href":"https:\/\/api.w.org\/{rel}","templated":true}]}}