{"id":6926,"date":"2019-06-18T14:28:50","date_gmt":"2019-06-18T14:28:50","guid":{"rendered":"http:\/\/cpsscba.org\/confluenciasvirtual\/?p=6926"},"modified":"2020-03-04T15:37:26","modified_gmt":"2020-03-04T15:37:26","slug":"segunda-cohorte-formacion-en-mediacion","status":"publish","type":"post","link":"https:\/\/cpsscba.org\/confluenciasvirtual\/?p=6926","title":{"rendered":"SEGUNDA COHORTE FORMACI\u00d3N EN MEDIACI\u00d3N"},"content":{"rendered":"<p><span data-offset-key=\"58b8i-1-0\">SEGUNDA COHORTE FORMACI\u00d3N EN MEDIACI\u00d3N HOMOLOGADA POR EL MINISTERIO DE JUSTICIA Y DDHH.<\/span><\/p>\n<div class=\"\" data-block=\"true\" data-editor=\"lcnm\" data-offset-key=\"3ao10-0-0\">\n<div class=\"_1mf _1mj\" data-offset-key=\"3ao10-0-0\"><span data-offset-key=\"3ao10-0-0\">\u00a0<\/span><\/div>\n<\/div>\n<div class=\"\" data-block=\"true\" data-editor=\"lcnm\" data-offset-key=\"efgvq-0-0\">\n<div class=\"_1mf _1mj\" data-offset-key=\"efgvq-0-0\"><strong>\u2013 Inscripciones abiertas \u2013<\/strong><\/div>\n<\/div>\n<div class=\"\" data-block=\"true\" data-editor=\"lcnm\" data-offset-key=\"e0sqc-0-0\">\n<div class=\"_1mf _1mj\" data-offset-key=\"e0sqc-0-0\"><span data-offset-key=\"e0sqc-0-0\">\u00a0<\/span><\/div>\n<\/div>\n<div class=\"\" data-block=\"true\" data-editor=\"lcnm\" data-offset-key=\"el4e5-0-0\">\n<div class=\"_1mf _1mj\" data-offset-key=\"el4e5-0-0\"><span data-offset-key=\"el4e5-0-0\">Informamos que el dictado de la Segunda Cohorte de la Formaci\u00f3n en Mediaci\u00f3n 2019 dar\u00e1 inicio el jueves 1 de agosto.<\/span><\/div>\n<\/div>\n<div class=\"\" data-block=\"true\" data-editor=\"lcnm\" data-offset-key=\"1aao6-0-0\">\n<div class=\"_1mf _1mj\" data-offset-key=\"1aao6-0-0\"><span data-offset-key=\"1aao6-0-0\">El mismo se realizar\u00e1, todos los jueves de 15 a 19hs. en la sede capital de nuestro colegio profesional.<\/span><\/div>\n<\/div>\n<div class=\"\" data-block=\"true\" data-editor=\"lcnm\" data-offset-key=\"7umf9-0-0\">\n<div class=\"_1mf _1mj\" data-offset-key=\"7umf9-0-0\"><span data-offset-key=\"7umf9-0-0\">\u00a0<\/span><\/div>\n<\/div>\n<div class=\"\" data-block=\"true\" data-editor=\"lcnm\" data-offset-key=\"1021u-0-0\">\n<div class=\"_1mf _1mj\" data-offset-key=\"1021u-0-0\"><span data-offset-key=\"1021u-0-0\">Por consultas o informaci\u00f3n enviar mail a:<\/span><\/div>\n<\/div>\n<div class=\"\" data-block=\"true\" data-editor=\"lcnm\" data-offset-key=\"1t7i0-0-0\">\n<div class=\"_1mf _1mj\" data-offset-key=\"1t7i0-0-0\"><span data-offset-key=\"1t7i0-0-0\">\u00a0<\/span><\/div>\n<\/div>\n<div class=\"\" data-block=\"true\" data-editor=\"lcnm\" data-offset-key=\"7pmi0-0-0\">\n<div class=\"_1mf _1mj\" data-offset-key=\"7pmi0-0-0\"><span data-offset-key=\"7pmi0-1-0\"> cap.mediacioncolegio@gmail.com<\/span><\/div>\n<\/div>\n<div class=\"\" data-block=\"true\" data-editor=\"lcnm\" data-offset-key=\"cmd7d-0-0\">\n<div class=\"_1mf _1mj\" data-offset-key=\"cmd7d-0-0\"><span data-offset-key=\"cmd7d-1-0\">cpsscordoba@gmail.com<\/span><\/div>\n<\/div>\n<div class=\"\" data-block=\"true\" data-editor=\"lcnm\" data-offset-key=\"54na5-0-0\">\n<div class=\"_1mf _1mj\" data-offset-key=\"54na5-0-0\"><span data-offset-key=\"54na5-1-0\">Por tel\u00e9fono (0351) 422-6771 de lunes a viernes de 10hs. a 18hs.<\/span><\/div>\n<\/div>\n","protected":false},"excerpt":{"rendered":"<p>SEGUNDA COHORTE FORMACI\u00d3N EN MEDIACI\u00d3N HOMOLOGADA POR EL MINISTERIO DE JUSTICIA Y DDHH. \u00a0 \u2013 Inscripciones abiertas \u2013 \u00a0 Informamos<\/p>\n","protected":false},"author":1,"featured_media":6927,"comment_status":"open","ping_status":"open","sticky":false,"template":"","format":"standard","meta":{"footnotes":""},"categories":[104,14,115],"tags":[128],"_links":{"self":[{"href":"https:\/\/cpsscba.org\/confluenciasvirtual\/index.php?rest_route=\/wp\/v2\/posts\/6926"}],"collection":[{"href":"https:\/\/cpsscba.org\/confluenciasvirtual\/index.php?rest_route=\/wp\/v2\/posts"}],"about":[{"href":"https:\/\/cpsscba.org\/confluenciasvirtual\/index.php?rest_route=\/wp\/v2\/types\/post"}],"author":[{"embeddable":true,"href":"https:\/\/cpsscba.org\/confluenciasvirtual\/index.php?rest_route=\/wp\/v2\/users\/1"}],"replies":[{"embeddable":true,"href":"https:\/\/cpsscba.org\/confluenciasvirtual\/index.php?rest_route=%2Fwp%2Fv2%2Fcomments&post=6926"}],"version-history":[{"count":5,"href":"https:\/\/cpsscba.org\/confluenciasvirtual\/index.php?rest_route=\/wp\/v2\/posts\/6926\/revisions"}],"predecessor-version":[{"id":7383,"href":"https:\/\/cpsscba.org\/confluenciasvirtual\/index.php?rest_route=\/wp\/v2\/posts\/6926\/revisions\/7383"}],"wp:featuredmedia":[{"embeddable":true,"href":"https:\/\/cpsscba.org\/confluenciasvirtual\/index.php?rest_route=\/wp\/v2\/media\/6927"}],"wp:attachment":[{"href":"https:\/\/cpsscba.org\/confluenciasvirtual\/index.php?rest_route=%2Fwp%2Fv2%2Fmedia&parent=6926"}],"wp:term":[{"taxonomy":"category","embeddable":true,"href":"https:\/\/cpsscba.org\/confluenciasvirtual\/index.php?rest_route=%2Fwp%2Fv2%2Fcategories&post=6926"},{"taxonomy":"post_tag","embeddable":true,"href":"https:\/\/cpsscba.org\/confluenciasvirtual\/index.php?rest_route=%2Fwp%2Fv2%2Ftags&post=6926"}],"curies":[{"name":"wp","href":"https:\/\/api.w.org\/{rel}","templated":true}]}}