{"id":691,"date":"2012-03-28T21:23:45","date_gmt":"2012-03-28T21:23:45","guid":{"rendered":"http:\/\/confluenciasvirtual.wordpress.com\/?p=691"},"modified":"2012-03-28T21:23:45","modified_gmt":"2012-03-28T21:23:45","slug":"trabajadoras-sociales-protestaran-ante-el-ministerio-de-salud","status":"publish","type":"post","link":"https:\/\/cpsscba.org\/confluenciasvirtual\/?p=691","title":{"rendered":"Trabajadoras sociales protestar\u00e1n ante el Ministerio de Salud"},"content":{"rendered":"<p><strong>El pr\u00f3ximo jueves 29 de marzo a las 10hs., trabajadoras sociales del \u00e1rea de salud provincial, protestar\u00e1n ante el Ministerio de salud de la Provincia.<\/strong><\/p>\n<p>As\u00ed lo anunci\u00f3 la entidad profesional que las agrupa, en un <a href=\"..\/2012\/03\/24\/682\/\">comunicado<\/a> emitido a fin de dar cuenta del malestar que produce entre las profesionales de la salud, el acuerdo salarial definido por el Gobierno del Dr. Jos\u00e9 Manuel De la Sota, y acordado con el sindicalista y legislador provincial oficialista Jos\u00e9 Pihen.<\/p>\n<p>Desde el Colegio de Profesionales en Servicio Social se consider\u00f3 al mismo como un pacto discriminatorio y que deshonra \u201c\u2026como nunca en nuestra trayectoria como Profesi\u00f3n y como jam\u00e1s lo hizo ninguna de las administraciones provinciales desde el retorno a la Democracia hasta el presente\u201d. Y subrayaron que: \u201dEXPRESAMOS nuestro m\u00e1s en\u00e9rgico REPUDIO y RECHAZO a la propuesta salarial en general y DEMANDAMOS EN PARTICULAR, LA INMEDIATA RECTIFICACI\u00d3N DEL INEQUITATIVO AUMENTO DIFERENCIAL ADICIONAL, solo favorable para el Grupo Ocupacional 1\u201d.<\/p>\n<p>El presidente del Colegio profesional, Lic. Enrique Prado dej\u00f3 en claro la intenci\u00f3n de la protesta del jueves 29 en el Ministerio de salud: \u201c\u2026exigiremos durante la concentraci\u00f3n, el inmediato otorgamiento de la Audiencia solicitada al Se\u00f1or Ministro de Salud Dr. Carlos Eugenio Sim\u00f3n para pedir fundamento y rectificaci\u00f3n de la propuesta\u201d.<\/p>\n<table width=\"100%\">\n<tbody>\n<tr>\n<td width=\"50%\">Contacto: Lic. Enrique Prado \/ Presidente del CPSSPC \/ (0351) 155-446482<\/td>\n<\/tr>\n<\/tbody>\n<\/table>\n<p align=\"left\"><strong>Informaci\u00f3n relacionada:<!--more--><\/strong><\/p>\n<ul>\n<li><a title=\"Protesta en el Ministerio de Salud, jueves 29 a las\u00a010hs.\" href=\"..\/2012\/03\/24\/682\/\">Protesta en el Ministerio de Salud, jueves 29 a las\u00a010hs.<\/a><\/li>\n<li><a title=\"CONTINUIDAD DEL PLAN DE\u00a0LUCHA\" href=\"..\/2012\/03\/24\/continuidad-del-plan-de-lucha\/\">CONTINUIDAD DEL PLAN DE\u00a0LUCHA<\/a><\/li>\n<li><a title=\"Salud: Marcha de las antrochas y la\u00a0bronca\" href=\"..\/2012\/03\/22\/salud-marcha-de-las-antrochas-y-la-bronca\/\">Salud: Marcha de las antrochas y la\u00a0bronca<\/a><\/li>\n<li><a title=\"Informe de la asamblea de trabajadoras sociales del \u00e1rea de salud\u00a0provincial\" href=\"..\/2012\/03\/21\/informe-de-la-asamblea-de-trabajadoras-sociales-del-area-de-salud-provincial\/\">Informe de la asamblea de trabajadoras sociales del \u00e1rea de salud\u00a0provincial<\/a><\/li>\n<li><a title=\"Nutrida reunion de trabajadores sociales del area de\u00a0salud\" href=\"..\/2012\/03\/21\/nutrida-reunion-de-trabajadores-sociales-del-area-de-salud\/\">Nutrida reunion de trabajadores sociales del area de\u00a0salud<\/a><\/li>\n<li><a title=\"Marcha por\u00a0Salud\" href=\"..\/2012\/03\/20\/marcha-por-salud\/\">Marcha por\u00a0Salud<\/a><\/li>\n<li><a title=\"La postura de nuestro colegio expresada en La Voz del\u00a0Interior\" href=\"..\/2012\/03\/19\/la-postura-de-nuestro-colegio-expresada-en-la-voz-del-interior\/\">La postura de nuestro colegio expresada en La Voz del\u00a0Interior<\/a><\/li>\n<li><a title=\"Rechazo a la propuesta salarial y al inequitativo aumento diferencial\u00a0adicional\" href=\"..\/2012\/03\/17\/rechazo-a-la-propuesta-salarial-y-al-inequitativo-aumento-diferencial-adicional\/\">Rechazo a la propuesta salarial y al inequitativo aumento diferencial\u00a0adicional<\/a><\/li>\n<\/ul>\n","protected":false},"excerpt":{"rendered":"<p>El pr\u00f3ximo jueves 29 de marzo a las 10hs., trabajadoras sociales del \u00e1rea de salud provincial, protestar\u00e1n ante el Ministerio<\/p>\n","protected":false},"author":1,"featured_media":0,"comment_status":"open","ping_status":"open","sticky":false,"template":"","format":"standard","meta":{"footnotes":""},"categories":[4,14,18,19],"tags":[],"_links":{"self":[{"href":"https:\/\/cpsscba.org\/confluenciasvirtual\/index.php?rest_route=\/wp\/v2\/posts\/691"}],"collection":[{"href":"https:\/\/cpsscba.org\/confluenciasvirtual\/index.php?rest_route=\/wp\/v2\/posts"}],"about":[{"href":"https:\/\/cpsscba.org\/confluenciasvirtual\/index.php?rest_route=\/wp\/v2\/types\/post"}],"author":[{"embeddable":true,"href":"https:\/\/cpsscba.org\/confluenciasvirtual\/index.php?rest_route=\/wp\/v2\/users\/1"}],"replies":[{"embeddable":true,"href":"https:\/\/cpsscba.org\/confluenciasvirtual\/index.php?rest_route=%2Fwp%2Fv2%2Fcomments&post=691"}],"version-history":[{"count":0,"href":"https:\/\/cpsscba.org\/confluenciasvirtual\/index.php?rest_route=\/wp\/v2\/posts\/691\/revisions"}],"wp:attachment":[{"href":"https:\/\/cpsscba.org\/confluenciasvirtual\/index.php?rest_route=%2Fwp%2Fv2%2Fmedia&parent=691"}],"wp:term":[{"taxonomy":"category","embeddable":true,"href":"https:\/\/cpsscba.org\/confluenciasvirtual\/index.php?rest_route=%2Fwp%2Fv2%2Fcategories&post=691"},{"taxonomy":"post_tag","embeddable":true,"href":"https:\/\/cpsscba.org\/confluenciasvirtual\/index.php?rest_route=%2Fwp%2Fv2%2Ftags&post=691"}],"curies":[{"name":"wp","href":"https:\/\/api.w.org\/{rel}","templated":true}]}}