{"id":6898,"date":"2019-06-04T22:40:38","date_gmt":"2019-06-04T22:40:38","guid":{"rendered":"http:\/\/cpsscba.org\/confluenciasvirtual\/?p=6898"},"modified":"2019-06-04T22:47:15","modified_gmt":"2019-06-04T22:47:15","slug":"dia-del-ambiente-solo-una-fecha-o-un-campo-en-disputa","status":"publish","type":"post","link":"https:\/\/cpsscba.org\/confluenciasvirtual\/?p=6898","title":{"rendered":"D\u00eda del ambiente, \u00bfs\u00f3lo una fecha o un campo en disputa?"},"content":{"rendered":"<p lang=\"es-AR\" align=\"justify\"><strong>El 5 de junio es el d\u00eda mundial del ambiente\u2026Una fecha m\u00e1s en el calendario ambiental. Mencionar el por qu\u00e9 se recuerda, seria de una redundancia repetitiva de estos d\u00edas que muchos espacios de comunicaci\u00f3n masiva se encargan de hacerlo.<\/strong><\/p>\n<p lang=\"es-AR\" align=\"justify\"><strong>Reflexionar acerca del ambiente y los derechos humanos, un necesario ejercicio pol\u00edtico y disciplinar.<\/strong><\/p>\n<p lang=\"es-AR\" align=\"justify\">Lo Pol\u00edtico pues hoy mas que nunca el ambiente, es ese espacio relacional en donde los significados, los sentidos, las practicas sociales, los intereses, se manifiestan y se expresan a trav\u00e9s de organizaciones sociales en general y en particular por organizaciones campesinas, grupos \u00e9tnicos, comunidades originarias, etc. Pero a su vez los modelos productivos y financieros producen significados y pr\u00e1cticas que territorializan el ambiente legitimando modos de apropiaci\u00f3n y comprender ese espacio.<\/p>\n<p lang=\"es-AR\" align=\"justify\">Considerar el ambiente como un espacio relacional mucho mas amplio que la naturaleza, es tambi\u00e9n un ejercicio disciplinar y \u00e9tico. Un desaf\u00edo para nuestra profesi\u00f3n, hoy el ambiente se ha transformado en el lugar por excelencia de concurrencia de distintas corrientes epistemol\u00f3gicas que interpretan, significan y aportan a la construcci\u00f3n de una pol\u00edtica p\u00fablica que est\u00e1 ligada a la salud, a los derechos humanos, a la econom\u00eda, a la producci\u00f3n, a las estrategias de vida de quienes somos parte del ese ambiente. La conflictividad ambiental, particularmente en nuestra provincia, es un ejemplo de como el ambiente dej\u00f3 de ser una propuesta filantr\u00f3pica para ser una referencia pol\u00edtica.<\/p>\n<p class=\"western\" lang=\"es-AR\"><a name=\"_GoBack\"><\/a> En este sentido y en estos tiempos de hegemon\u00eda financiera es interesante recordar a Enrique Leff cuando nos dice que: \u201cEl discurso del desarrollo sustentable est\u00e1 siendo asimilado por la racionalidad econ\u00f3mica y por las pol\u00edticas de capitalizaci\u00f3n de la naturaleza, pero los principios de la sustentabilidad se est\u00e1n arraigando en el \u00e1mbito local a trav\u00e9s de la construcci\u00f3n de nuevas racionalidades productivas, sustentadas en valores y significados culturales, en las potencialidades ecol\u00f3gicas de la naturaleza, y en la apropiaci\u00f3n social de la ciencia y la tecnolog\u00eda. Mientras la globalizaci\u00f3n promueve la distribuci\u00f3n espacial de su l\u00f3gica autocentrada, penetrando cada territorio, cada ecosistema, cada cultura y cada individuo, las pol\u00edticas de la localidad est\u00e1n construyendo una globalidad alternativa desde la especificidad de los ecosistemas, la diversidad cultural y la autonom\u00eda de las poblaciones locales, basadas en una racionalidad ambiental\u201d. El trabajo social como disciplina, anclada en lo territorial en t\u00e9rminos no solo de profesi\u00f3n tambi\u00e9n de generadora de conocimiento, tiene un desaf\u00edo para que esa nueva globalidad alternativa de la que habla Leff permee e interpele la pol\u00edtica p\u00fablica.<\/p>\n<p class=\"western\" lang=\"es-AR\" style=\"text-align: right;\"><em>Por: Comisi\u00f3n de Ambiente y Sociedad del CPSSPC<\/em><\/p>\n<hr \/>\n<p class=\"western\" lang=\"es-AR\" style=\"text-align: left;\"><strong>NOTA; Comisi\u00f3n se reunir\u00e1 el pr\u00f3ximo 28 de Junio a las 15 hs en la sede capital del CPSSPC.<\/strong><\/p>\n","protected":false},"excerpt":{"rendered":"<p>El 5 de junio es el d\u00eda mundial del ambiente\u2026Una fecha m\u00e1s en el calendario ambiental. Mencionar el por qu\u00e9<\/p>\n","protected":false},"author":1,"featured_media":6899,"comment_status":"open","ping_status":"open","sticky":false,"template":"","format":"standard","meta":{"footnotes":""},"categories":[126,14],"tags":[],"_links":{"self":[{"href":"https:\/\/cpsscba.org\/confluenciasvirtual\/index.php?rest_route=\/wp\/v2\/posts\/6898"}],"collection":[{"href":"https:\/\/cpsscba.org\/confluenciasvirtual\/index.php?rest_route=\/wp\/v2\/posts"}],"about":[{"href":"https:\/\/cpsscba.org\/confluenciasvirtual\/index.php?rest_route=\/wp\/v2\/types\/post"}],"author":[{"embeddable":true,"href":"https:\/\/cpsscba.org\/confluenciasvirtual\/index.php?rest_route=\/wp\/v2\/users\/1"}],"replies":[{"embeddable":true,"href":"https:\/\/cpsscba.org\/confluenciasvirtual\/index.php?rest_route=%2Fwp%2Fv2%2Fcomments&post=6898"}],"version-history":[{"count":5,"href":"https:\/\/cpsscba.org\/confluenciasvirtual\/index.php?rest_route=\/wp\/v2\/posts\/6898\/revisions"}],"predecessor-version":[{"id":6904,"href":"https:\/\/cpsscba.org\/confluenciasvirtual\/index.php?rest_route=\/wp\/v2\/posts\/6898\/revisions\/6904"}],"wp:featuredmedia":[{"embeddable":true,"href":"https:\/\/cpsscba.org\/confluenciasvirtual\/index.php?rest_route=\/wp\/v2\/media\/6899"}],"wp:attachment":[{"href":"https:\/\/cpsscba.org\/confluenciasvirtual\/index.php?rest_route=%2Fwp%2Fv2%2Fmedia&parent=6898"}],"wp:term":[{"taxonomy":"category","embeddable":true,"href":"https:\/\/cpsscba.org\/confluenciasvirtual\/index.php?rest_route=%2Fwp%2Fv2%2Fcategories&post=6898"},{"taxonomy":"post_tag","embeddable":true,"href":"https:\/\/cpsscba.org\/confluenciasvirtual\/index.php?rest_route=%2Fwp%2Fv2%2Ftags&post=6898"}],"curies":[{"name":"wp","href":"https:\/\/api.w.org\/{rel}","templated":true}]}}