{"id":682,"date":"2012-03-24T15:17:58","date_gmt":"2012-03-24T15:17:58","guid":{"rendered":"http:\/\/confluenciasvirtual.wordpress.com\/?p=682"},"modified":"2012-03-24T15:17:58","modified_gmt":"2012-03-24T15:17:58","slug":"682","status":"publish","type":"post","link":"https:\/\/cpsscba.org\/confluenciasvirtual\/?p=682","title":{"rendered":"Protesta en el Ministerio de Salud, jueves 29 a las 10hs."},"content":{"rendered":"<p><img loading=\"lazy\" decoding=\"async\" class=\"alignleft\" style=\"margin:10px;\" title=\"Marcha de las antorchas del sector salus 21\/03\/2012\" src=\"http:\/\/a6.sphotos.ak.fbcdn.net\/hphotos-ak-ash4\/460477_366008306772903_100000912091186_1087513_129657569_o.jpg\" alt=\"\" width=\"461\" height=\"346\" \/><\/p>\n<p>Ante el reciente acuerdo salarial definido por el Gobierno del Dr. Jos\u00e9 Manuel De la Sota, y acordado con el sindicalista y legislador provincial oficialista Jos\u00e9 Pihen, <strong>el Consejo Directivo del Colegio de Profesionales en Servicio Social de la Provincia de C\u00f3rdoba, CONVOCA, el pr\u00f3ximo jueves 29 a las 10hs. en el Ministerio de Salud, a todos los Trabajadores Sociales de C\u00f3rdoba, de Capital e Interior, que se desempe\u00f1an en el Sector Salud<\/strong> y Salud Mental de la administraci\u00f3n p\u00fablica del actual gobierno provincial, al Colectivo Profesional en general de toda la administraci\u00f3n p\u00fablica provincial, municipal y nacional y a los Claustros de la Escuela de Trabajo Social de la U.N.C., <strong>a CONCENTRARSE y expresar p\u00fablica y masivamente el RECHAZO de toda nuestra Comunidad Profesional, a la determinaci\u00f3n Ministerial.<\/strong><\/p>\n","protected":false},"excerpt":{"rendered":"<p>Ante el reciente acuerdo salarial definido por el Gobierno del Dr. Jos\u00e9 Manuel De la Sota, y acordado con el<\/p>\n","protected":false},"author":1,"featured_media":0,"comment_status":"open","ping_status":"open","sticky":false,"template":"","format":"standard","meta":{"footnotes":""},"categories":[4,14,18,19],"tags":[],"_links":{"self":[{"href":"https:\/\/cpsscba.org\/confluenciasvirtual\/index.php?rest_route=\/wp\/v2\/posts\/682"}],"collection":[{"href":"https:\/\/cpsscba.org\/confluenciasvirtual\/index.php?rest_route=\/wp\/v2\/posts"}],"about":[{"href":"https:\/\/cpsscba.org\/confluenciasvirtual\/index.php?rest_route=\/wp\/v2\/types\/post"}],"author":[{"embeddable":true,"href":"https:\/\/cpsscba.org\/confluenciasvirtual\/index.php?rest_route=\/wp\/v2\/users\/1"}],"replies":[{"embeddable":true,"href":"https:\/\/cpsscba.org\/confluenciasvirtual\/index.php?rest_route=%2Fwp%2Fv2%2Fcomments&post=682"}],"version-history":[{"count":0,"href":"https:\/\/cpsscba.org\/confluenciasvirtual\/index.php?rest_route=\/wp\/v2\/posts\/682\/revisions"}],"wp:attachment":[{"href":"https:\/\/cpsscba.org\/confluenciasvirtual\/index.php?rest_route=%2Fwp%2Fv2%2Fmedia&parent=682"}],"wp:term":[{"taxonomy":"category","embeddable":true,"href":"https:\/\/cpsscba.org\/confluenciasvirtual\/index.php?rest_route=%2Fwp%2Fv2%2Fcategories&post=682"},{"taxonomy":"post_tag","embeddable":true,"href":"https:\/\/cpsscba.org\/confluenciasvirtual\/index.php?rest_route=%2Fwp%2Fv2%2Ftags&post=682"}],"curies":[{"name":"wp","href":"https:\/\/api.w.org\/{rel}","templated":true}]}}