{"id":677,"date":"2012-03-24T14:55:35","date_gmt":"2012-03-24T14:55:35","guid":{"rendered":"http:\/\/confluenciasvirtual.wordpress.com\/?p=677"},"modified":"2012-03-24T14:55:35","modified_gmt":"2012-03-24T14:55:35","slug":"continuidad-del-plan-de-lucha","status":"publish","type":"post","link":"https:\/\/cpsscba.org\/confluenciasvirtual\/?p=677","title":{"rendered":"CONTINUIDAD DEL PLAN DE LUCHA"},"content":{"rendered":"<p><img loading=\"lazy\" decoding=\"async\" class=\"alignleft\" style=\"margin:10px;\" title=\"Asamblea Miercoles 21 de Marzo en el CPSSPC\" src=\"http:\/\/a2.sphotos.ak.fbcdn.net\/hphotos-ak-ash3\/551685_365842916789442_100000912091186_1087297_282645175_n.jpg\" alt=\"\" width=\"576\" height=\"432\" \/>El Consejo Directivo del Colegio de Profesionales en Servicio Social de la Provincia de C\u00f3rdoba, COMUNICA a los Trabajadores Sociales de todo el territorio de la Provincia de C\u00f3rdoba, que se desempe\u00f1an en el Sector Salud y Salud Mental de la administraci\u00f3n p\u00fablica del actual gobierno provincial y al Colectivo Profesional en general, respecto del acuerdo salarial definido por el Gobierno del Dr. Jos\u00e9 Manuel De la Sota, recientemente acordado con el sindicalista y legislador provincial oficialista Jos\u00e9 Pihen, que en la SEGUNDA CONVOCATORIA concretada en nuestra entidad el MI\u00c9RCOLES 21 a las 15 hs. en la que se reiter\u00f3 la participaron un importante n\u00famero de Colegas, se decidi\u00f3 lo siguiente:<!--more--><\/p>\n<p><strong>* Ratificar en todos los puntos, el Plan de Lucha<\/strong> establecido en la Primera Convocatoria concretada el mi\u00e9rcoles 14 en el Colegio de Profesionales, hasta tanto la Asamblea del Colectivo Profesional disponga otras acciones.<\/p>\n<p><strong>* Concretar, el pr\u00f3ximo jueves 29 a las 10hs. en el Ministerio de Salud<\/strong>, la Convocatoria a todos los Trabajadores Sociales de C\u00f3rdoba, de Capital e Interior, que se desempe\u00f1an en el Sector Salud y Salud Mental de la administraci\u00f3n p\u00fablica del actual gobierno provincial, al Colectivo Profesional en general de toda la administraci\u00f3n p\u00fablica provincial, municipal y nacional y a los Claustros de la Escuela de Trabajo Social de la U.N.C., <strong>para expresar p\u00fablica y masivamente el RECHAZO de toda nuestra Comunidad Profesional, a la determinaci\u00f3n Ministerial<\/strong>.<\/p>\n<p><strong>* Exigir<\/strong> durante la concentraci\u00f3n, el inmediato otorgamiento de la Audiencia solicitada al Se\u00f1or Ministro de Salud Dr. Carlos Eugenio Simon para pedir fundamento y rectificaci\u00f3n de la propuesta.<\/p>\n<p>Lic. RA\u00daL ENRIQUE PRADO &#8211; Presidente del Colegio de Profesionales en Servicio Social de la Provincia de C\u00f3rdoba<\/p>\n","protected":false},"excerpt":{"rendered":"<p>El Consejo Directivo del Colegio de Profesionales en Servicio Social de la Provincia de C\u00f3rdoba, COMUNICA a los Trabajadores Sociales<\/p>\n","protected":false},"author":1,"featured_media":0,"comment_status":"open","ping_status":"open","sticky":false,"template":"","format":"standard","meta":{"footnotes":""},"categories":[14,18,19],"tags":[],"_links":{"self":[{"href":"https:\/\/cpsscba.org\/confluenciasvirtual\/index.php?rest_route=\/wp\/v2\/posts\/677"}],"collection":[{"href":"https:\/\/cpsscba.org\/confluenciasvirtual\/index.php?rest_route=\/wp\/v2\/posts"}],"about":[{"href":"https:\/\/cpsscba.org\/confluenciasvirtual\/index.php?rest_route=\/wp\/v2\/types\/post"}],"author":[{"embeddable":true,"href":"https:\/\/cpsscba.org\/confluenciasvirtual\/index.php?rest_route=\/wp\/v2\/users\/1"}],"replies":[{"embeddable":true,"href":"https:\/\/cpsscba.org\/confluenciasvirtual\/index.php?rest_route=%2Fwp%2Fv2%2Fcomments&post=677"}],"version-history":[{"count":0,"href":"https:\/\/cpsscba.org\/confluenciasvirtual\/index.php?rest_route=\/wp\/v2\/posts\/677\/revisions"}],"wp:attachment":[{"href":"https:\/\/cpsscba.org\/confluenciasvirtual\/index.php?rest_route=%2Fwp%2Fv2%2Fmedia&parent=677"}],"wp:term":[{"taxonomy":"category","embeddable":true,"href":"https:\/\/cpsscba.org\/confluenciasvirtual\/index.php?rest_route=%2Fwp%2Fv2%2Fcategories&post=677"},{"taxonomy":"post_tag","embeddable":true,"href":"https:\/\/cpsscba.org\/confluenciasvirtual\/index.php?rest_route=%2Fwp%2Fv2%2Ftags&post=677"}],"curies":[{"name":"wp","href":"https:\/\/api.w.org\/{rel}","templated":true}]}}