{"id":6686,"date":"2019-03-19T13:36:06","date_gmt":"2019-03-19T13:36:06","guid":{"rendered":"http:\/\/cpsscba.org\/confluenciasvirtual\/?p=6686"},"modified":"2019-03-19T13:36:06","modified_gmt":"2019-03-19T13:36:06","slug":"dia-mundial-del-trabajo-social-world-social-work-day","status":"publish","type":"post","link":"https:\/\/cpsscba.org\/confluenciasvirtual\/?p=6686","title":{"rendered":"D\u00eda Mundial del Trabajo social \u2013 World Social Work Day"},"content":{"rendered":"<p><strong>\u00a1Feliz D\u00eda Internacional Colegas!<\/strong><\/p>\n<p>El d\u00eda mundial del trabajo social 2019 destaca \u00abPromover la importancia de las relaciones humanas\u00bb.<\/p>\n<p><a href=\"https:\/\/www.ifsw.org\/es\/social-work-action\/world-social-work-day\/world-social-work-day-2019\/\">https:\/\/www.ifsw.org\/es\/social-work-action\/world-social-work-day\/world-social-work-day-2019\/<\/a><\/p>\n<p><strong><a href=\"http:\/\/cpsscba.org\/confluenciasvirtual\/wp-content\/uploads\/2019\/03\/53566430_2121867927895279_8445003888418881536_o.jpg\"><img loading=\"lazy\" decoding=\"async\" class=\"aligncenter size-full wp-image-6687\" src=\"http:\/\/cpsscba.org\/confluenciasvirtual\/wp-content\/uploads\/2019\/03\/53566430_2121867927895279_8445003888418881536_o.jpg\" alt=\"\" width=\"1020\" height=\"723\" srcset=\"https:\/\/cpsscba.org\/confluenciasvirtual\/wp-content\/uploads\/2019\/03\/53566430_2121867927895279_8445003888418881536_o.jpg 1020w, https:\/\/cpsscba.org\/confluenciasvirtual\/wp-content\/uploads\/2019\/03\/53566430_2121867927895279_8445003888418881536_o-300x213.jpg 300w, https:\/\/cpsscba.org\/confluenciasvirtual\/wp-content\/uploads\/2019\/03\/53566430_2121867927895279_8445003888418881536_o-768x544.jpg 768w\" sizes=\"(max-width: 1020px) 100vw, 1020px\" \/><\/a><\/strong><\/p>\n<p><strong>\u00bfPor qu\u00e9 este d\u00eda?<\/strong><\/p>\n<p>En la Asamblea Mundial en Salvador de Bah\u00eda (Brasil) celebrada en 2008, los miembros de la Federaci\u00f3n Internacional de Trabajadores\/as Sociales decidieron fijar por unanimidad una futura fecha para la celebraci\u00f3n de este D\u00eda, decidi\u00e9ndose celebrar cada tercer martes del mes de marzo de cada a\u00f1o. Hasta la fecha el D\u00eda Mundial del Trabajo Social en los pa\u00edses europeos se celebraba en la misma fecha que el D\u00eda de los Derechos Humanos en diciembre. A partir del a\u00f1o 2009 se tom\u00f3 como referencia esa fecha, aun\u00e1ndose actividades conjuntas de celebraci\u00f3n por parte de las tres asociaciones: Federaci\u00f3n Intencional de Trabajadores\/as Sociales (FITS-IFSW), la Asociaci\u00f3n Internacional de Escuelas de Trabajo Social (AIETS-IASSW) y el Comit\u00e9 Internacional para el Bienestar Social (CIBS-ICSW).<\/p>\n","protected":false},"excerpt":{"rendered":"<p>\u00a1Feliz D\u00eda Internacional Colegas! El d\u00eda mundial del trabajo social 2019 destaca \u00abPromover la importancia de las relaciones humanas\u00bb. https:\/\/www.ifsw.org\/es\/social-work-action\/world-social-work-day\/world-social-work-day-2019\/<\/p>\n","protected":false},"author":1,"featured_media":6687,"comment_status":"open","ping_status":"open","sticky":false,"template":"","format":"standard","meta":{"footnotes":""},"categories":[96,14],"tags":[],"_links":{"self":[{"href":"https:\/\/cpsscba.org\/confluenciasvirtual\/index.php?rest_route=\/wp\/v2\/posts\/6686"}],"collection":[{"href":"https:\/\/cpsscba.org\/confluenciasvirtual\/index.php?rest_route=\/wp\/v2\/posts"}],"about":[{"href":"https:\/\/cpsscba.org\/confluenciasvirtual\/index.php?rest_route=\/wp\/v2\/types\/post"}],"author":[{"embeddable":true,"href":"https:\/\/cpsscba.org\/confluenciasvirtual\/index.php?rest_route=\/wp\/v2\/users\/1"}],"replies":[{"embeddable":true,"href":"https:\/\/cpsscba.org\/confluenciasvirtual\/index.php?rest_route=%2Fwp%2Fv2%2Fcomments&post=6686"}],"version-history":[{"count":1,"href":"https:\/\/cpsscba.org\/confluenciasvirtual\/index.php?rest_route=\/wp\/v2\/posts\/6686\/revisions"}],"predecessor-version":[{"id":6689,"href":"https:\/\/cpsscba.org\/confluenciasvirtual\/index.php?rest_route=\/wp\/v2\/posts\/6686\/revisions\/6689"}],"wp:featuredmedia":[{"embeddable":true,"href":"https:\/\/cpsscba.org\/confluenciasvirtual\/index.php?rest_route=\/wp\/v2\/media\/6687"}],"wp:attachment":[{"href":"https:\/\/cpsscba.org\/confluenciasvirtual\/index.php?rest_route=%2Fwp%2Fv2%2Fmedia&parent=6686"}],"wp:term":[{"taxonomy":"category","embeddable":true,"href":"https:\/\/cpsscba.org\/confluenciasvirtual\/index.php?rest_route=%2Fwp%2Fv2%2Fcategories&post=6686"},{"taxonomy":"post_tag","embeddable":true,"href":"https:\/\/cpsscba.org\/confluenciasvirtual\/index.php?rest_route=%2Fwp%2Fv2%2Ftags&post=6686"}],"curies":[{"name":"wp","href":"https:\/\/api.w.org\/{rel}","templated":true}]}}