{"id":6664,"date":"2019-02-26T14:08:42","date_gmt":"2019-02-26T14:08:42","guid":{"rendered":"http:\/\/cpsscba.org\/confluenciasvirtual\/?p=6664"},"modified":"2019-03-07T16:22:15","modified_gmt":"2019-03-07T16:22:15","slug":"asamblea-anual-ordinaria-2017-2018","status":"publish","type":"post","link":"https:\/\/cpsscba.org\/confluenciasvirtual\/?p=6664","title":{"rendered":"&#8211; ASAMBLEA ANUAL ORDINARIA &#8211; 2017 \/ 2018"},"content":{"rendered":"<div data-contents=\"true\">\n<div class=\"\" data-block=\"true\" data-editor=\"kfsj\" data-offset-key=\"8blt7-0-0\">\n<div class=\"_1mf _1mj\" data-offset-key=\"8blt7-0-0\"><span data-offset-key=\"8blt7-0-0\">&#8211; ASAMBLEA ANUAL ORDINARIA &#8211;<\/span><\/div>\n<\/div>\n<div class=\"\" data-block=\"true\" data-editor=\"kfsj\" data-offset-key=\"aqbr7-0-0\">\n<div class=\"_1mf _1mj\" data-offset-key=\"aqbr7-0-0\"><span data-offset-key=\"aqbr7-0-0\">\u00a0<\/span><\/div>\n<\/div>\n<div class=\"\" data-block=\"true\" data-editor=\"kfsj\" data-offset-key=\"iamo-0-0\">\n<div class=\"_1mf _1mj\" data-offset-key=\"iamo-0-0\"><span data-offset-key=\"iamo-0-0\">COLEGIO DE PROFESIONALES EN SERVICIO SOCIAL DE LA PROVINCIA DE C\u00d3RDOBA.<\/span><\/div>\n<\/div>\n<div class=\"\" data-block=\"true\" data-editor=\"kfsj\" data-offset-key=\"db4ec-0-0\">\n<div class=\"_1mf _1mj\" data-offset-key=\"db4ec-0-0\"><span data-offset-key=\"db4ec-0-0\">\u00a0<\/span><\/div>\n<\/div>\n<div class=\"\" data-block=\"true\" data-editor=\"kfsj\" data-offset-key=\"24p2a-0-0\">\n<div class=\"_1mf _1mj\" data-offset-key=\"24p2a-0-0\"><strong>Per\u00edodo: Noviembre 2017\/ Octubre 2018<\/strong><\/div>\n<\/div>\n<div class=\"\" data-block=\"true\" data-editor=\"kfsj\" data-offset-key=\"afn59-0-0\">\n<div class=\"_1mf _1mj\" data-offset-key=\"afn59-0-0\"><strong>D\u00eda: 13\/03\/2019<\/strong><\/div>\n<\/div>\n<div class=\"\" data-block=\"true\" data-editor=\"kfsj\" data-offset-key=\"fog8-0-0\">\n<div class=\"_1mf _1mj\" data-offset-key=\"fog8-0-0\"><strong>Horario: 15 hs.<\/strong><\/div>\n<\/div>\n<div class=\"\" data-block=\"true\" data-editor=\"kfsj\" data-offset-key=\"787g5-0-0\">\n<div class=\"_1mf _1mj\" data-offset-key=\"787g5-0-0\"><strong>Lugar: Sede Central &#8211; Jujuy 330 Centro &#8211; C\u00f3rdoba Capital.<\/strong><\/div>\n<\/div>\n<div class=\"\" data-block=\"true\" data-editor=\"kfsj\" data-offset-key=\"4vllp-0-0\">\n<div class=\"_1mf _1mj\" data-offset-key=\"4vllp-0-0\"><span data-offset-key=\"4vllp-0-0\">\u00a0<\/span><\/div>\n<\/div>\n<div class=\"\" data-block=\"true\" data-editor=\"kfsj\" data-offset-key=\"2t8ph-0-0\">\n<div class=\"_1mf _1mj\" data-offset-key=\"2t8ph-0-0\"><span data-offset-key=\"2t8ph-0-0\">ORDEN DEL D\u00cdA:<\/span><\/div>\n<\/div>\n<div class=\"\" data-block=\"true\" data-editor=\"kfsj\" data-offset-key=\"cf0cj-0-0\">\n<div class=\"_1mf _1mj\" data-offset-key=\"cf0cj-0-0\"><span data-offset-key=\"cf0cj-0-0\">\u00a0<\/span><\/div>\n<\/div>\n<div class=\"\" data-block=\"true\" data-editor=\"kfsj\" data-offset-key=\"2mbfo-0-0\">\n<div class=\"_1mf _1mj\" data-offset-key=\"2mbfo-0-0\"><span data-offset-key=\"2mbfo-0-0\">1 \u2013 CONSIDERACI\u00d3N\u00a0 DE\u00a0 MEMORIA ANUAL. <\/span><\/div>\n<\/div>\n<div class=\"\" data-block=\"true\" data-editor=\"kfsj\" data-offset-key=\"cl8cb-0-0\">\n<div class=\"_1mf _1mj\" data-offset-key=\"cl8cb-0-0\"><span data-offset-key=\"cl8cb-0-0\">\u00a0<\/span><\/div>\n<\/div>\n<div class=\"\" data-block=\"true\" data-editor=\"kfsj\" data-offset-key=\"3kg29-0-0\">\n<div class=\"_1mf _1mj\" data-offset-key=\"3kg29-0-0\"><span data-offset-key=\"3kg29-0-0\">2- CONSIDERACI\u00d3N DE BALANCE ANUAL, INFORME DE REVISORES,\u00a0 PRESUPUESTO 2019.<\/span><\/div>\n<\/div>\n<div class=\"\" data-block=\"true\" data-editor=\"kfsj\" data-offset-key=\"6lqou-0-0\">\n<div class=\"_1mf _1mj\" data-offset-key=\"6lqou-0-0\"><span data-offset-key=\"6lqou-0-0\">\u00a0<\/span><\/div>\n<\/div>\n<div class=\"\" data-block=\"true\" data-editor=\"kfsj\" data-offset-key=\"7luh4-0-0\">\n<div class=\"_1mf _1mj\" data-offset-key=\"7luh4-0-0\"><span data-offset-key=\"7luh4-0-0\">3 \u2013 DEFINICI\u00d3N COSTO CUOTAS DE MATRICULA,\u00a0 \u00a0VALOR UTS,\u00a0 Y OTROS ARANCELES.<\/span><\/div>\n<\/div>\n<div class=\"\" data-block=\"true\" data-editor=\"kfsj\" data-offset-key=\"2ggb7-0-0\">\n<div class=\"_1mf _1mj\" data-offset-key=\"2ggb7-0-0\"><span data-offset-key=\"2ggb7-0-0\">\u00a0<\/span><\/div>\n<\/div>\n<div class=\"\" data-block=\"true\" data-editor=\"kfsj\" data-offset-key=\"fuvgi-0-0\">\n<div class=\"_1mf _1mj\" data-offset-key=\"fuvgi-0-0\"><span data-offset-key=\"fuvgi-0-0\">4\u2013 CONSIDERACI\u00d3N PROPUESTA DE MODIFICACI\u00d3N ART\u00cdCULOS REGLAMENTO ESPECIALIDADES.<\/span><\/div>\n<\/div>\n<\/div>\n<div class=\"_1mf _1mj\" data-offset-key=\"fuvgi-0-0\"><\/div>\n<div class=\"_1mf _1mj\" data-offset-key=\"fuvgi-0-0\">&#8212;&#8212;&#8212;&#8212;&#8212;&#8212;&#8212;&#8212;&#8212;&#8212;&#8212;&#8212;&#8212;&#8212;&#8212;&#8212;&#8212;&#8212;&#8212;&#8212;&#8212;&#8212;&#8212;&#8212;&#8212;&#8212;&#8211;<\/div>\n<div class=\"_1mf _1mj\" data-offset-key=\"fuvgi-0-0\"><\/div>\n<div class=\"_1mf _1mj\" data-offset-key=\"fuvgi-0-0\"><strong>VER MEMORIA:<\/strong> &#8212;&gt;&gt;<a href=\"http:\/\/cpsscba.org\/confluenciasvirtual\/wp-content\/uploads\/2019\/03\/MEMORIA-INTEGRADA-final.docx\">MEMORIA INTEGRADA final<\/a><\/div>\n<div class=\"_1mf _1mj\" data-offset-key=\"fuvgi-0-0\"><\/div>\n<div class=\"_1mf _1mj\" data-offset-key=\"fuvgi-0-0\"><a href=\"http:\/\/cpsscba.org\/confluenciasvirtual\/wp-content\/uploads\/2019\/03\/ASA2019.jpg\"><img loading=\"lazy\" decoding=\"async\" class=\"aligncenter size-full wp-image-6665\" src=\"http:\/\/cpsscba.org\/confluenciasvirtual\/wp-content\/uploads\/2019\/03\/ASA2019.jpg\" alt=\"\" width=\"940\" height=\"788\" srcset=\"https:\/\/cpsscba.org\/confluenciasvirtual\/wp-content\/uploads\/2019\/03\/ASA2019.jpg 940w, https:\/\/cpsscba.org\/confluenciasvirtual\/wp-content\/uploads\/2019\/03\/ASA2019-300x251.jpg 300w, https:\/\/cpsscba.org\/confluenciasvirtual\/wp-content\/uploads\/2019\/03\/ASA2019-768x644.jpg 768w\" sizes=\"(max-width: 940px) 100vw, 940px\" \/><\/a><\/div>\n","protected":false},"excerpt":{"rendered":"<p>&#8211; ASAMBLEA ANUAL ORDINARIA &#8211; \u00a0 COLEGIO DE PROFESIONALES EN SERVICIO SOCIAL DE LA PROVINCIA DE C\u00d3RDOBA. \u00a0 Per\u00edodo: Noviembre<\/p>\n","protected":false},"author":1,"featured_media":6665,"comment_status":"open","ping_status":"open","sticky":false,"template":"","format":"standard","meta":{"footnotes":""},"categories":[104,14],"tags":[],"_links":{"self":[{"href":"https:\/\/cpsscba.org\/confluenciasvirtual\/index.php?rest_route=\/wp\/v2\/posts\/6664"}],"collection":[{"href":"https:\/\/cpsscba.org\/confluenciasvirtual\/index.php?rest_route=\/wp\/v2\/posts"}],"about":[{"href":"https:\/\/cpsscba.org\/confluenciasvirtual\/index.php?rest_route=\/wp\/v2\/types\/post"}],"author":[{"embeddable":true,"href":"https:\/\/cpsscba.org\/confluenciasvirtual\/index.php?rest_route=\/wp\/v2\/users\/1"}],"replies":[{"embeddable":true,"href":"https:\/\/cpsscba.org\/confluenciasvirtual\/index.php?rest_route=%2Fwp%2Fv2%2Fcomments&post=6664"}],"version-history":[{"count":3,"href":"https:\/\/cpsscba.org\/confluenciasvirtual\/index.php?rest_route=\/wp\/v2\/posts\/6664\/revisions"}],"predecessor-version":[{"id":6684,"href":"https:\/\/cpsscba.org\/confluenciasvirtual\/index.php?rest_route=\/wp\/v2\/posts\/6664\/revisions\/6684"}],"wp:featuredmedia":[{"embeddable":true,"href":"https:\/\/cpsscba.org\/confluenciasvirtual\/index.php?rest_route=\/wp\/v2\/media\/6665"}],"wp:attachment":[{"href":"https:\/\/cpsscba.org\/confluenciasvirtual\/index.php?rest_route=%2Fwp%2Fv2%2Fmedia&parent=6664"}],"wp:term":[{"taxonomy":"category","embeddable":true,"href":"https:\/\/cpsscba.org\/confluenciasvirtual\/index.php?rest_route=%2Fwp%2Fv2%2Fcategories&post=6664"},{"taxonomy":"post_tag","embeddable":true,"href":"https:\/\/cpsscba.org\/confluenciasvirtual\/index.php?rest_route=%2Fwp%2Fv2%2Ftags&post=6664"}],"curies":[{"name":"wp","href":"https:\/\/api.w.org\/{rel}","templated":true}]}}