{"id":6650,"date":"2019-02-22T13:54:30","date_gmt":"2019-02-22T13:54:30","guid":{"rendered":"http:\/\/cpsscba.org\/confluenciasvirtual\/?p=6650"},"modified":"2019-04-03T12:02:46","modified_gmt":"2019-04-03T12:02:46","slug":"formacion-basica-en-mediacion-2019-tercera-edicion","status":"publish","type":"post","link":"https:\/\/cpsscba.org\/confluenciasvirtual\/?p=6650","title":{"rendered":"FORMACI\u00d3N B\u00c1SICA EN MEDIACI\u00d3N  2019 Tercera edici\u00f3n"},"content":{"rendered":"<p align=\"justify\">\u201c<span lang=\"es-ES\">La Formaci\u00f3n B\u00e1sica en Mediaci\u00f3n, brinda una instrumentaci\u00f3n te\u00f3rico- t\u00e9cnica en la resoluci\u00f3n de conflictos a trav\u00e9s de la negociaci\u00f3n y la mediaci\u00f3n. Est\u00e1 dirigida a profesionales de diferentes disciplinas que desean desempe\u00f1arse como Mediadores en el \u00e1mbito p\u00fablico o privado o bien, utilizar las herramientas que esta formaci\u00f3n brinda en sus \u00e1mbitos laborales como un complemento riqu\u00edsimo de la profesi\u00f3n.\u201d<\/span><\/p>\n<p align=\"justify\"><a href=\"http:\/\/cpsscba.org\/confluenciasvirtual\/wp-content\/uploads\/2019\/02\/55460114_2803138916393151_424654136793890816_n.jpg\"><img loading=\"lazy\" decoding=\"async\" class=\"aligncenter size-full wp-image-6725\" src=\"http:\/\/cpsscba.org\/confluenciasvirtual\/wp-content\/uploads\/2019\/02\/55460114_2803138916393151_424654136793890816_n.jpg\" alt=\"\" width=\"800\" height=\"800\" srcset=\"https:\/\/cpsscba.org\/confluenciasvirtual\/wp-content\/uploads\/2019\/02\/55460114_2803138916393151_424654136793890816_n.jpg 800w, https:\/\/cpsscba.org\/confluenciasvirtual\/wp-content\/uploads\/2019\/02\/55460114_2803138916393151_424654136793890816_n-150x150.jpg 150w, https:\/\/cpsscba.org\/confluenciasvirtual\/wp-content\/uploads\/2019\/02\/55460114_2803138916393151_424654136793890816_n-300x300.jpg 300w, https:\/\/cpsscba.org\/confluenciasvirtual\/wp-content\/uploads\/2019\/02\/55460114_2803138916393151_424654136793890816_n-768x768.jpg 768w\" sizes=\"(max-width: 800px) 100vw, 800px\" \/><\/a><\/p>\n<p align=\"justify\"><span lang=\"es-ES\">Desde el Colegio de Profesionales de Servicio Social, tenemos el agrado de brindarles este a\u00f1o 2019, una nueva edici\u00f3n de la Formaci\u00f3n B\u00e1sica en Mediaci\u00f3n. Con el acompa\u00f1amiento acad\u00e9mico y docente de la Direcci\u00f3n de Mediaci\u00f3n del Ministerio de Justicia de Pcia de C\u00f3rdoba, nos proponemos un a\u00f1o m\u00e1s a formar nuevos mediadores egresados de nuestra sede colegial. <\/span><\/p>\n<p lang=\"es-ES\" align=\"justify\"><span lang=\"es-ES\">Desde el 1\/11\/18 comenz\u00f3 a regir la Ley 10.543: la cual prev\u00e9 <\/span><span lang=\"es-ES\">que <\/span> <span lang=\"es-ES\">el proceso de mediaci\u00f3n, <\/span><span lang=\"es-ES\">salvo las excepciones previstas en la ley, <\/span><span lang=\"es-ES\">constituye una instancia obligatoria <\/span><span lang=\"es-ES\">previa al inicio de actuaciones judiciales.. <\/span><span lang=\"es-ES\">Todo tipo de controversia entre particulares puede ser sometida voluntariamente a mediaci\u00f3n ante <\/span><span lang=\"es-ES\">mediadores habilitados<\/span><span lang=\"es-ES\">, como recurso eficaz de autogesti\u00f3n de los conflictos\u00bb, seg\u00fan indica.<\/span><\/p>\n<p class=\"western\" align=\"justify\"><span style=\"color: #000000;\"><span style=\"font-family: Arial Narrow, serif;\"><span style=\"font-size: medium;\"><span lang=\"es-ES\"><b>INSCRIPCIONES ABIERTAS<\/b><\/span><\/span><\/span><\/span><span style=\"color: #000000;\"><span style=\"font-family: Arial Narrow, serif;\"><span style=\"font-size: medium;\"><span lang=\"es-ES\">: <\/span><\/span><\/span><\/span><span style=\"color: #000000;\"><span style=\"font-family: Arial Narrow, serif;\"><span style=\"font-size: medium;\"><span lang=\"es-ES\"><b>HASTA EL VIERNES 22\/03\/19<\/b><\/span><\/span><\/span><\/span><span style=\"color: #000000;\"><span style=\"font-family: Arial Narrow, serif;\"><span style=\"font-size: medium;\"><span lang=\"es-ES\">. <\/span><\/span><\/span><\/span><span style=\"color: #000000;\"><span style=\"font-family: Arial Narrow, serif;\"><span style=\"font-size: medium;\"><span lang=\"es-ES\"><b>CUPOS LIMITADOS.<\/b><\/span><\/span><\/span><\/span><\/p>\n<p class=\"western\" align=\"justify\"><span style=\"color: #000000;\"> <span style=\"font-family: Arial Narrow, serif;\"><span style=\"font-size: medium;\"><span lang=\"es-ES\">Inscripciones en Sede del Colegio de Profesionales de Servicio Social calle Jujuy 330 de 10hs a 18hs. <\/span><\/span><\/span><\/span><\/p>\n<p class=\"western\" align=\"justify\"><span style=\"color: #000000;\"><span style=\"font-family: Arial Narrow, serif;\"><span style=\"font-size: medium;\"><span lang=\"es-ES\"><b>Per\u00edodo de realizaci\u00f3n<\/b><\/span><\/span><\/span><\/span><\/p>\n<p class=\"western\" align=\"justify\"><span style=\"color: #000000;\"><span style=\"font-family: Arial Narrow, serif;\"><span style=\"font-size: medium;\"><span lang=\"es-ES\">Inicio: 1 de abril\u00a0de 2019<\/span><\/span><\/span><\/span><\/p>\n<p class=\"western\" align=\"justify\"><span style=\"color: #000000;\"><span style=\"font-family: Arial Narrow, serif;\"><span style=\"font-size: medium;\"><span lang=\"es-ES\"><b>Finalizaci\u00f3n<\/b><\/span><\/span><\/span><\/span><span style=\"color: #000000;\"><span style=\"font-family: Arial Narrow, serif;\"><span style=\"font-size: medium;\"><span lang=\"es-ES\">: Setiembre de 2019<\/span><\/span><\/span><\/span><\/p>\n<p class=\"western\" align=\"justify\"><span style=\"color: #000000;\"><span style=\"font-family: Arial Narrow, serif;\"><span style=\"font-size: medium;\"><span lang=\"es-ES\"><b>Carga Horaria<\/b><\/span><\/span><\/span><\/span><span style=\"color: #000000;\"><span style=\"font-family: Arial Narrow, serif;\"><span style=\"font-size: medium;\"><span lang=\"es-ES\">. 100 horas articuladas en Tres M\u00f3dulos: INTRODUCTORIO- ENTRENAMIENTO- PASANTIAS.<\/span><\/span><\/span><\/span><\/p>\n<p class=\"western\" align=\"justify\"><span style=\"color: #000000;\"><span style=\"font-family: Arial Narrow, serif;\"><span style=\"font-size: medium;\"><span lang=\"es-ES\"><b>Sede de realizaci\u00f3n<\/b><\/span><\/span><\/span><\/span><span style=\"color: #000000;\"><span style=\"font-family: Arial Narrow, serif;\"><span style=\"font-size: medium;\"><span lang=\"es-ES\">: Jujuy 330 \u2013 Centro \u2013 C\u00f3rdoba- Sede Capital CPSSPC<\/span><\/span><\/span><\/span><\/p>\n<p class=\"western\" align=\"justify\"><span style=\"color: #000000;\"><span style=\"font-family: Arial Narrow, serif;\"><span style=\"font-size: medium;\"><span lang=\"es-ES\"><b>Modalidad de cursado:<\/b><\/span><\/span><\/span><\/span><\/p>\n<p class=\"western\" align=\"justify\"><span style=\"color: #000000;\"><span style=\"font-family: Arial Narrow, serif;\"><span style=\"font-size: medium;\"><span lang=\"es-ES\">Presencial, encuentros semanales, los d\u00edas Lunes, desde las 15:00 hs a las 19:00 hs. <\/span><\/span><\/span><\/span><\/p>\n<p class=\"western\" align=\"justify\"><span style=\"color: #000000;\"><span style=\"font-family: Arial Narrow, serif;\"><span style=\"font-size: medium;\"><span lang=\"es-ES\">Se dictaran:<\/span><\/span><\/span><\/span><\/p>\n<ul>\n<li>\n<p align=\"justify\"><span style=\"color: #000000;\"><span style=\"font-family: Arial Narrow, serif;\"><span style=\"font-size: medium;\"><span lang=\"es-ES\">M\u00f3dulo INTRODUCTORIO (20 hs) entre los meses de Abril a Mayo<\/span><\/span><\/span><\/span><\/p>\n<\/li>\n<li>\n<p align=\"justify\"><span style=\"color: #000000;\"><span style=\"font-family: Arial Narrow, serif;\"><span style=\"font-size: medium;\"><span lang=\"es-ES\">M\u00f3dulo ENTRENAMIENTO (60 hs) entre los meses de Mayo a Setiembre<\/span><\/span><\/span><\/span><\/p>\n<\/li>\n<li>\n<p lang=\"es-ES\" align=\"justify\"><span style=\"color: #000000;\"><span style=\"font-family: Arial Narrow, serif;\"><span style=\"font-size: medium;\"><span lang=\"es-ES\">M\u00f3dulo PASANTIAS (20 hs) Fines de Setiembre.<\/span><\/span><\/span><\/span><\/p>\n<\/li>\n<\/ul>\n<ul>\n<li>\n<p lang=\"es-ES\" align=\"justify\"><span style=\"color: #000000;\"><span style=\"font-family: Arial Narrow, serif;\"><span style=\"font-size: medium;\"><span lang=\"es-ES\"><b>Debiendo cumplimentar con el cursado y la aprobaci\u00f3n de los Tres M\u00f3dulos para poder ser certificados con la Formaci\u00f3n B\u00e1sica en Mediaci\u00f3n : Homologada por la Direcci\u00f3n de Mediaci\u00f3n de la Provincia de C\u00f3rdoba, Ministerio de Justicia y Derechos Humanos<\/b><\/span><\/span><\/span><\/span><span style=\"color: #000000;\"><span style=\"font-family: Arial Narrow, serif;\"><span style=\"font-size: medium;\"><span lang=\"es-ES\">.<\/span><\/span><\/span><\/span><\/p>\n<\/li>\n<\/ul>\n<p class=\"western\" align=\"justify\"><span style=\"color: #000000;\"><span style=\"font-family: Arial Narrow, serif;\"><span style=\"font-size: medium;\"><span lang=\"es-ES\"><b>Qui\u00e9nes pueden inscribirse:<\/b><\/span><\/span><\/span><\/span><\/p>\n<p class=\"western\" align=\"justify\"><span style=\"color: #000000;\"><span style=\"font-family: Arial Narrow, serif;\"><span style=\"font-size: medium;\"><span lang=\"es-ES\">Matriculados Lic. en Trabajo Social; Lic. en Trabajo Social colegiados en otras provincias; profesionales de distintas disciplinas.<\/span><\/span><\/span><\/span><\/p>\n<p class=\"western\" align=\"justify\"><span style=\"color: #000000;\"><span style=\"font-family: Arial Narrow, serif;\"><span style=\"font-size: medium;\"><span lang=\"es-ES\"><b>C\u00f3mo inscribirse:<\/b><\/span><\/span><\/span><\/span><\/p>\n<p class=\"western\" align=\"justify\"><span style=\"color: #000000;\"><span style=\"font-family: Arial Narrow, serif;\"><span style=\"font-size: medium;\"><span lang=\"es-ES\">En la Sede Central del CPSSPC, donde se llena ficha de inscripci\u00f3n y se abona, seg\u00fan forma de pago que decida. Horario de atenci\u00f3n de 10 a 18hs. en Jujuy 330 C\u00f3rdoba Capital<\/span><\/span><\/span><\/span><\/p>\n<p class=\"western\" align=\"justify\"><span style=\"color: #000000;\"><span style=\"font-family: Arial Narrow, serif;\"><span style=\"font-size: medium;\"><span lang=\"es-ES\"><b>Inversi\u00f3n<\/b><\/span><\/span><\/span><\/span><span style=\"color: #000000;\"><span style=\"font-family: Arial Narrow, serif;\"><span style=\"font-size: medium;\"><span lang=\"es-ES\"><b>:<\/b><\/span><\/span><\/span><\/span><\/p>\n<p class=\"western\" align=\"justify\"><span style=\"font-family: Arial Narrow, serif;\"><span style=\"font-size: medium;\"><span lang=\"es-ES\"><b>Matriculados sin deuda: M\u00f3dulo INTRODUCTORIO ($3500)- M\u00f3dulo ENTRENAMIENTO ($8.000)- M\u00f3dulo PASANTIAS ($3500) cuota a abonarse antes del inicio de cada Modulo. <\/b><\/span><\/span><\/span><\/p>\n<p class=\"western\" align=\"justify\"><span style=\"font-family: Arial Narrow, serif;\"><span style=\"font-size: medium;\"><span lang=\"es-ES\"><b>Un total de pesos Quince mil ($15.000) la formaci\u00f3n completa. <\/b><\/span><\/span><\/span><\/p>\n<p class=\"western\" align=\"justify\"><a name=\"_GoBack\"><\/a> <span style=\"font-family: Arial Narrow, serif;\"><span style=\"font-size: medium;\"><span lang=\"es-ES\"><b>Profesionales de otras disciplinas, no colegiados: M\u00f3dulo INTRODUCTORIO ($4000)- M\u00f3dulo ENTRENAMIENTO ($8.000)- M\u00f3dulo PASANTIAS ($4.000) cuota a abonarse antes del inicio de cada Modulo.<\/b><\/span><\/span><\/span><\/p>\n<p class=\"western\" lang=\"es-ES\" align=\"justify\"><span style=\"font-family: Arial Narrow, serif;\"><span style=\"font-size: medium;\"><span lang=\"es-ES\"><b>Un total de pesos dieciseis mil ($16.000) la formaci\u00f3n completa.-<\/b><\/span><\/span><\/span><\/p>\n<p class=\"western\" align=\"justify\"><span style=\"font-family: Arial Narrow, serif;\"><span style=\"font-size: medium;\"><span lang=\"es-ES\"><b>Se puede abonar en efectivo, transferencia bancaria, o con tarjeta de d\u00e9bito, o con tarjetas de Cr\u00e9dito Cordobesa o Naranja.<\/b><\/span><\/span><\/span><\/p>\n<p class=\"western\" align=\"justify\">&#8212;&#8212;&#8212;&#8212;&#8212;&#8212;&#8212;&#8212;&#8212;&#8212;&#8212;&#8212;&#8212;&#8212;&#8212;&#8212;&#8212;&#8212;&#8212;&#8212;&#8212;&#8212;&#8212;&#8212;&#8212;&#8212;&#8212;&#8212;&#8212;&#8212;&#8212;&#8212;<\/p>\n<p class=\"western\" align=\"justify\"><span style=\"font-family: Arial Narrow, serif;\"><span style=\"font-size: medium;\"><span lang=\"es-ES\"><b>Consultas: por correo electr\u00f3nico a:\u00a0<\/b><\/span><\/span><\/span><a class=\"western\" href=\"mailto:cap.mediacioncolegio@gmail.com\"><span style=\"font-family: Arial Narrow, serif;\"><span style=\"font-size: medium;\"><span lang=\"es-ES\"><b>cap.mediacioncolegio@gmail.com<\/b><\/span><\/span><\/span><\/a><span style=\"font-family: Arial Narrow, serif;\"><span style=\"font-size: medium;\"><span lang=\"es-ES\"><b>\u00a0\u2013<\/b><\/span><\/span><\/span><\/p>\n<p class=\"western\" align=\"justify\"><span style=\"font-family: Arial Narrow, serif;\"><span style=\"font-size: medium;\"><span lang=\"es-ES\"><b>o al correo\u00a0<\/b><\/span><\/span><\/span><a class=\"western\" href=\"mailto:cpsscordoba@gmail.com\"><span style=\"font-family: Arial Narrow, serif;\"><span style=\"font-size: medium;\"><span lang=\"es-ES\"><b>cpsscordoba@gmail.com<\/b><\/span><\/span><\/span><\/a><span style=\"font-family: Arial Narrow, serif;\"><span style=\"font-size: medium;\"><span lang=\"es-ES\"><b>\u00a0\u2013 Por tel\u00e9fono al 0351-4226771<\/b><\/span><\/span><\/span><\/p>\n<p class=\"western\">\n","protected":false},"excerpt":{"rendered":"<p>\u201cLa Formaci\u00f3n B\u00e1sica en Mediaci\u00f3n, brinda una instrumentaci\u00f3n te\u00f3rico- t\u00e9cnica en la resoluci\u00f3n de conflictos a trav\u00e9s de la negociaci\u00f3n<\/p>\n","protected":false},"author":1,"featured_media":5127,"comment_status":"open","ping_status":"open","sticky":false,"template":"","format":"standard","meta":{"footnotes":""},"categories":[13,14,115],"tags":[],"_links":{"self":[{"href":"https:\/\/cpsscba.org\/confluenciasvirtual\/index.php?rest_route=\/wp\/v2\/posts\/6650"}],"collection":[{"href":"https:\/\/cpsscba.org\/confluenciasvirtual\/index.php?rest_route=\/wp\/v2\/posts"}],"about":[{"href":"https:\/\/cpsscba.org\/confluenciasvirtual\/index.php?rest_route=\/wp\/v2\/types\/post"}],"author":[{"embeddable":true,"href":"https:\/\/cpsscba.org\/confluenciasvirtual\/index.php?rest_route=\/wp\/v2\/users\/1"}],"replies":[{"embeddable":true,"href":"https:\/\/cpsscba.org\/confluenciasvirtual\/index.php?rest_route=%2Fwp%2Fv2%2Fcomments&post=6650"}],"version-history":[{"count":7,"href":"https:\/\/cpsscba.org\/confluenciasvirtual\/index.php?rest_route=\/wp\/v2\/posts\/6650\/revisions"}],"predecessor-version":[{"id":6726,"href":"https:\/\/cpsscba.org\/confluenciasvirtual\/index.php?rest_route=\/wp\/v2\/posts\/6650\/revisions\/6726"}],"wp:featuredmedia":[{"embeddable":true,"href":"https:\/\/cpsscba.org\/confluenciasvirtual\/index.php?rest_route=\/wp\/v2\/media\/5127"}],"wp:attachment":[{"href":"https:\/\/cpsscba.org\/confluenciasvirtual\/index.php?rest_route=%2Fwp%2Fv2%2Fmedia&parent=6650"}],"wp:term":[{"taxonomy":"category","embeddable":true,"href":"https:\/\/cpsscba.org\/confluenciasvirtual\/index.php?rest_route=%2Fwp%2Fv2%2Fcategories&post=6650"},{"taxonomy":"post_tag","embeddable":true,"href":"https:\/\/cpsscba.org\/confluenciasvirtual\/index.php?rest_route=%2Fwp%2Fv2%2Ftags&post=6650"}],"curies":[{"name":"wp","href":"https:\/\/api.w.org\/{rel}","templated":true}]}}