{"id":6494,"date":"2018-11-25T13:03:54","date_gmt":"2018-11-25T13:03:54","guid":{"rendered":"http:\/\/cpsscba.org\/confluenciasvirtual\/?p=6494"},"modified":"2018-11-26T13:17:21","modified_gmt":"2018-11-26T13:17:21","slug":"adhesion-a-la-marcha-contra-las-violencias-de-mujeres-travas-tortas-y-trans-organizada-por-la-asamblea-ni-una-menos","status":"publish","type":"post","link":"https:\/\/cpsscba.org\/confluenciasvirtual\/?p=6494","title":{"rendered":"ADHESI\u00d3N a la Marcha contra las Violencias de Mujeres, travas, tortas y trans organizada por la Asamblea Ni una Menos"},"content":{"rendered":"<p>El Colegio de Profesionales de Servicio Social de la Provincia de C\u00f3rdoba, a trav\u00e9s de su Comisi\u00f3n de G\u00e9neros y Diversidad Sexual, expresa su ADHESI\u00d3N a la Marcha contra las Violencias de Mujeres, travas, tortas y trans organizada por la Asamblea Ni una Menos- C\u00f3rdoba, a realizarse EL PROXIMO LUNES 26 de noviembre a las 18hs, desde Colon y Ca\u00f1ada.<\/p>\n<p>Un a\u00f1o m\u00e1s, el movimiento de mujeres, los feminismos y las organizaciones LGTBIQ+ toma las calles para denunciar las m\u00faltiples vul<span class=\"text_exposed_show\">neraciones de derechos por las que atraviesan las mujeres, travas, tortas y trans. <\/span><\/p>\n<div class=\"text_exposed_show\">\n<p>Desde las Ciencias Sociales, entendemos que esta problem\u00e1tica es multidimensional e interseccional y merece un abordaje interdisciplinario, donde lxs trabajadores sociales, somos agentes fundamentales. En este sentido, somos muchxs lxs Trabajadorxs Sociales que abordamos las violencias contra las mujeres, travas, tortas y trans; comprometidxs con la promoci\u00f3n y la protecci\u00f3n de derechos de dicho colectivo.<\/p>\n<p>La coyuntura actual de Argentina y de Nuestra Am\u00e9rica, nos convoca a defender insistentemente los derechos humanos y exigir al Estado el pleno cumplimiento de las Convenciones y Tratados Internacionales a los que hemos adherido y las legislaciones nacionales y locales que garantizan el derecho de las mujeres, lesbianas y derecho de vivir una vida libre de violencias.<\/p>\n<p>\u00a1Vivas y libres nos queremos!<\/p>\n<\/div>\n","protected":false},"excerpt":{"rendered":"<p>El Colegio de Profesionales de Servicio Social de la Provincia de C\u00f3rdoba, a trav\u00e9s de su Comisi\u00f3n de G\u00e9neros y<\/p>\n","protected":false},"author":1,"featured_media":6495,"comment_status":"open","ping_status":"open","sticky":false,"template":"","format":"standard","meta":{"footnotes":""},"categories":[104,117,13,14],"tags":[],"_links":{"self":[{"href":"https:\/\/cpsscba.org\/confluenciasvirtual\/index.php?rest_route=\/wp\/v2\/posts\/6494"}],"collection":[{"href":"https:\/\/cpsscba.org\/confluenciasvirtual\/index.php?rest_route=\/wp\/v2\/posts"}],"about":[{"href":"https:\/\/cpsscba.org\/confluenciasvirtual\/index.php?rest_route=\/wp\/v2\/types\/post"}],"author":[{"embeddable":true,"href":"https:\/\/cpsscba.org\/confluenciasvirtual\/index.php?rest_route=\/wp\/v2\/users\/1"}],"replies":[{"embeddable":true,"href":"https:\/\/cpsscba.org\/confluenciasvirtual\/index.php?rest_route=%2Fwp%2Fv2%2Fcomments&post=6494"}],"version-history":[{"count":1,"href":"https:\/\/cpsscba.org\/confluenciasvirtual\/index.php?rest_route=\/wp\/v2\/posts\/6494\/revisions"}],"predecessor-version":[{"id":6496,"href":"https:\/\/cpsscba.org\/confluenciasvirtual\/index.php?rest_route=\/wp\/v2\/posts\/6494\/revisions\/6496"}],"wp:featuredmedia":[{"embeddable":true,"href":"https:\/\/cpsscba.org\/confluenciasvirtual\/index.php?rest_route=\/wp\/v2\/media\/6495"}],"wp:attachment":[{"href":"https:\/\/cpsscba.org\/confluenciasvirtual\/index.php?rest_route=%2Fwp%2Fv2%2Fmedia&parent=6494"}],"wp:term":[{"taxonomy":"category","embeddable":true,"href":"https:\/\/cpsscba.org\/confluenciasvirtual\/index.php?rest_route=%2Fwp%2Fv2%2Fcategories&post=6494"},{"taxonomy":"post_tag","embeddable":true,"href":"https:\/\/cpsscba.org\/confluenciasvirtual\/index.php?rest_route=%2Fwp%2Fv2%2Ftags&post=6494"}],"curies":[{"name":"wp","href":"https:\/\/api.w.org\/{rel}","templated":true}]}}