{"id":6491,"date":"2018-11-24T19:40:33","date_gmt":"2018-11-24T19:40:33","guid":{"rendered":"http:\/\/cpsscba.org\/confluenciasvirtual\/?p=6491"},"modified":"2018-11-24T19:54:21","modified_gmt":"2018-11-24T19:54:21","slug":"panel-las-politicas-publicas-en-el-campo-de-la-discapacidad-aportes-y-desafios-del-trabajo-social-en-la-actual-coyuntura","status":"publish","type":"post","link":"https:\/\/cpsscba.org\/confluenciasvirtual\/?p=6491","title":{"rendered":"Panel | Las Pol\u00edticas p\u00fablicas en el campo de la discapacidad. Aportes y desaf\u00edos del Trabajo Social en la actual coyuntura"},"content":{"rendered":"<p><strong>La Facultad de Ciencias Sociales (UNC) a trav\u00e9s de la Oficina de Graduadas\/os\u00a0junto al\u00a0Colegio Profesional en Servicio Social de la Provincia de C\u00f3rdoba (Comisi\u00f3n de \u00a0Discapacidad) y al\u00a0Seminario optativo \u201cPerspectivas y Estrategias de Intervenci\u00f3n en el Campo de la Discapacidad\u201d de la Licenciatura en Trabajo Social invita al\u00a0Panel \u00abLas Pol\u00edticas p\u00fablicas en el campo de la discapacidad. Aportes y desaf\u00edos del Trabajo Social en la actual coyuntura\u00bb<\/strong><\/p>\n<ul>\n<li><strong>D\u00eda y horario: jueves 29 de noviembre de 17\u00a0a 20 hs.<\/strong><\/li>\n<li><strong>Lugar: Aula Paola Sosa (FCS-Ciudad Universitaria)<\/strong><\/li>\n<\/ul>\n<p>Panelistas y tem\u00e1ticas:<\/p>\n<p>Lic. Hugo Fiamberti: \u201cLos normales, los otros y el ejercicio igualitario del derecho en el contexto del neoliberalismo\u201d<br \/>\nMiembros de la Mesa de Discapacidad y Derechos Humanos: Incidencia de las pol\u00edticas p\u00fablicas en los sujetos con discapacidad. Presentaci\u00f3n del Informe sombra.<br \/>\nMiembros de la Comisi\u00f3n de Discapacidad &#8211; CPSSPC: reconstrucci\u00f3n hist\u00f3rica de la comisi\u00f3n respecto a la autonom\u00eda profesional en el campo de la discapacidad (Especialidad \u2013 Capacitaciones \u2013 Recurso de Amparo)<br \/>\nObjetivos:<\/p>\n<p>Examinar las pol\u00edticas p\u00fablicas en el escenario actual y su incidencia en la vida cotidiana de los sujetos con discapacidad.<br \/>\nVisibilizar los hitos del Trabajo Social en el campo de la discapacidad en la Provincia de C\u00f3rdoba.<br \/>\nDestinatarios:<\/p>\n<p>Estudiantes avanzada\/os y graduada\/os de la Facultad de Ciencias Sociales.<br \/>\nProfesionales interesados en la tem\u00e1tica.<br \/>\nInscripciones:\u00a0Completar el siguiente formulario<\/p>\n<p>Informes:\u00a0graduados@fcs.unc.edu.ar<\/p>\n","protected":false},"excerpt":{"rendered":"<p>La Facultad de Ciencias Sociales (UNC) a trav\u00e9s de la Oficina de Graduadas\/os\u00a0junto al\u00a0Colegio Profesional en Servicio Social de la<\/p>\n","protected":false},"author":1,"featured_media":6492,"comment_status":"open","ping_status":"open","sticky":false,"template":"","format":"standard","meta":{"footnotes":""},"categories":[104,33,14],"tags":[],"_links":{"self":[{"href":"https:\/\/cpsscba.org\/confluenciasvirtual\/index.php?rest_route=\/wp\/v2\/posts\/6491"}],"collection":[{"href":"https:\/\/cpsscba.org\/confluenciasvirtual\/index.php?rest_route=\/wp\/v2\/posts"}],"about":[{"href":"https:\/\/cpsscba.org\/confluenciasvirtual\/index.php?rest_route=\/wp\/v2\/types\/post"}],"author":[{"embeddable":true,"href":"https:\/\/cpsscba.org\/confluenciasvirtual\/index.php?rest_route=\/wp\/v2\/users\/1"}],"replies":[{"embeddable":true,"href":"https:\/\/cpsscba.org\/confluenciasvirtual\/index.php?rest_route=%2Fwp%2Fv2%2Fcomments&post=6491"}],"version-history":[{"count":1,"href":"https:\/\/cpsscba.org\/confluenciasvirtual\/index.php?rest_route=\/wp\/v2\/posts\/6491\/revisions"}],"predecessor-version":[{"id":6493,"href":"https:\/\/cpsscba.org\/confluenciasvirtual\/index.php?rest_route=\/wp\/v2\/posts\/6491\/revisions\/6493"}],"wp:featuredmedia":[{"embeddable":true,"href":"https:\/\/cpsscba.org\/confluenciasvirtual\/index.php?rest_route=\/wp\/v2\/media\/6492"}],"wp:attachment":[{"href":"https:\/\/cpsscba.org\/confluenciasvirtual\/index.php?rest_route=%2Fwp%2Fv2%2Fmedia&parent=6491"}],"wp:term":[{"taxonomy":"category","embeddable":true,"href":"https:\/\/cpsscba.org\/confluenciasvirtual\/index.php?rest_route=%2Fwp%2Fv2%2Fcategories&post=6491"},{"taxonomy":"post_tag","embeddable":true,"href":"https:\/\/cpsscba.org\/confluenciasvirtual\/index.php?rest_route=%2Fwp%2Fv2%2Ftags&post=6491"}],"curies":[{"name":"wp","href":"https:\/\/api.w.org\/{rel}","templated":true}]}}