{"id":6422,"date":"2018-10-30T20:56:21","date_gmt":"2018-10-30T20:56:21","guid":{"rendered":"http:\/\/cpsscba.org\/confluenciasvirtual\/?p=6422"},"modified":"2018-10-30T21:08:46","modified_gmt":"2018-10-30T21:08:46","slug":"adhesion-a-la-x-marcha-del-orgullo-disidente","status":"publish","type":"post","link":"https:\/\/cpsscba.org\/confluenciasvirtual\/?p=6422","title":{"rendered":"ADHESI\u00d3N a la X Marcha del Orgullo Disidente"},"content":{"rendered":"<p><strong>El Colegio de Profesionales de Servicio Social de la Provincia de C\u00f3rdoba, a trav\u00e9s de su Comisi\u00f3n de G\u00e9neros y Diversidad Sexual, expresa su ADHESI\u00d3N a la X Marcha del Orgullo Disidente &#8211; C\u00d3RDOBA, organizada por la Mesa Coordinadora de la Marcha del Orgullo Disidente &#8211; C\u00f3rdoba, a realizarse el s\u00e1bado 10 de noviembre de 2018 a las 17 horas, en la ciudad de C\u00f3rdoba.<\/strong><\/p>\n<p>Estas manifestaciones p\u00fablicas vienen visibilizando, a\u00f1o tras a\u00f1o, en muchos lugares del mundo y en las diferentes provincias argentinas, las m\u00faltiples reivindicaciones de la poblaci\u00f3n de la diversidad sexual.<\/p>\n<p>Entendemos que -como profesionales de Trabajo Social- somos muchxs lxs colegas matriculadxs que nos encontramos trabajando en torno a la promoci\u00f3n y protecci\u00f3n de Derechos de personas de la Diversidad Sexual, en el marco de nuestro\u00a0compromiso profesional con los derechos y libertades proclamados en la Constituci\u00f3n de la Naci\u00f3n Argentina, en la Declaraci\u00f3n Universal de los Derechos Humanos y Pactos de Derechos Humanos Universales y Regionales de jerarqu\u00eda constitucional\u00a0(CPSSPC, C\u00f3digo de \u00e9tica: art. 1, inc. 1).<\/p>\n<p>Particularmente, en nuestra sociedad argentina, en las \u00faltimas d\u00e9cadas, se han dado importantes pasos en materia de inclusi\u00f3n social de poblaciones LGBTIQ+, garantizando as\u00ed -en el plano legal- el acceso a los mismos Derechos, para todas las personas. No obstante, el acceso efectivo a esos Derechos, en las comunidades y territorios singulares -especialmente en el actual contexto socio-pol\u00edtico- no siempre se concreta, por lo cual entendemos que como profesionales del Trabajo Social debemos prestar especial atenci\u00f3n a estas expresiones colectivas (marchas) y\u00a0propiciar la defensa de los Derechos Humanos en el dise\u00f1o, planificaci\u00f3n e implementaci\u00f3n de las pol\u00edticas sociales, planes, programas y proyectos, en lo p\u00fablico y privado\u00a0(CPSSPC, C\u00f3digo de \u00e9tica: art. 1, inc. 1).<\/p>\n<p>En este sentido, el desempe\u00f1o de\u00a0la profesi\u00f3n con compromiso, competencia y actualizaci\u00f3n profesional, teniendo como principios rectores los\u00a0derechos humanos, la justicia social, la ciudadan\u00eda y la forma de vida democr\u00e1tica;\u00a0(Ley Federal del Trabajo Social 27.072\/2014: art. 11, inc. b) requiere de nuestro involucramiento activo en iniciativas convocadas por las mismas Organizaciones de la sociedad civil que nuclean poblaci\u00f3n de la diversidad sexual.<\/p>\n<p>Como Colegio, invitamos entonces a lxs colegas a marchar juntxs. Nos reuniremos en la Plaza de los Presidentes Argentinos Cordobeses (Av. Gral. Paz 600, C\u00f3rdoba), a las 16:45 horas del s\u00e1bado 10 de Noviembre de 2018.<\/p>\n<p>\u00a1Lxs esperamos!<\/p>\n","protected":false},"excerpt":{"rendered":"<p>El Colegio de Profesionales de Servicio Social de la Provincia de C\u00f3rdoba, a trav\u00e9s de su Comisi\u00f3n de G\u00e9neros y<\/p>\n","protected":false},"author":1,"featured_media":6423,"comment_status":"open","ping_status":"open","sticky":false,"template":"","format":"standard","meta":{"footnotes":""},"categories":[104,117,14],"tags":[],"_links":{"self":[{"href":"https:\/\/cpsscba.org\/confluenciasvirtual\/index.php?rest_route=\/wp\/v2\/posts\/6422"}],"collection":[{"href":"https:\/\/cpsscba.org\/confluenciasvirtual\/index.php?rest_route=\/wp\/v2\/posts"}],"about":[{"href":"https:\/\/cpsscba.org\/confluenciasvirtual\/index.php?rest_route=\/wp\/v2\/types\/post"}],"author":[{"embeddable":true,"href":"https:\/\/cpsscba.org\/confluenciasvirtual\/index.php?rest_route=\/wp\/v2\/users\/1"}],"replies":[{"embeddable":true,"href":"https:\/\/cpsscba.org\/confluenciasvirtual\/index.php?rest_route=%2Fwp%2Fv2%2Fcomments&post=6422"}],"version-history":[{"count":1,"href":"https:\/\/cpsscba.org\/confluenciasvirtual\/index.php?rest_route=\/wp\/v2\/posts\/6422\/revisions"}],"predecessor-version":[{"id":6424,"href":"https:\/\/cpsscba.org\/confluenciasvirtual\/index.php?rest_route=\/wp\/v2\/posts\/6422\/revisions\/6424"}],"wp:featuredmedia":[{"embeddable":true,"href":"https:\/\/cpsscba.org\/confluenciasvirtual\/index.php?rest_route=\/wp\/v2\/media\/6423"}],"wp:attachment":[{"href":"https:\/\/cpsscba.org\/confluenciasvirtual\/index.php?rest_route=%2Fwp%2Fv2%2Fmedia&parent=6422"}],"wp:term":[{"taxonomy":"category","embeddable":true,"href":"https:\/\/cpsscba.org\/confluenciasvirtual\/index.php?rest_route=%2Fwp%2Fv2%2Fcategories&post=6422"},{"taxonomy":"post_tag","embeddable":true,"href":"https:\/\/cpsscba.org\/confluenciasvirtual\/index.php?rest_route=%2Fwp%2Fv2%2Ftags&post=6422"}],"curies":[{"name":"wp","href":"https:\/\/api.w.org\/{rel}","templated":true}]}}