{"id":636,"date":"2012-03-20T22:41:17","date_gmt":"2012-03-20T22:41:17","guid":{"rendered":"http:\/\/confluenciasvirtual.wordpress.com\/?p=636"},"modified":"2012-03-20T22:41:17","modified_gmt":"2012-03-20T22:41:17","slug":"marcha-por-salud","status":"publish","type":"post","link":"https:\/\/cpsscba.org\/confluenciasvirtual\/?p=636","title":{"rendered":"Marcha por Salud"},"content":{"rendered":"<p><a href=\"http:\/\/confluenciasvirtual.files.wordpress.com\/2012\/03\/418012_330390370351226_100001407970653_999709_1810295885_n.jpg\"><img loading=\"lazy\" decoding=\"async\" class=\"aligncenter size-full wp-image-661\" title=\"418012_330390370351226_100001407970653_999709_1810295885_n\" src=\"http:\/\/confluenciasvirtual.files.wordpress.com\/2012\/03\/418012_330390370351226_100001407970653_999709_1810295885_n.jpg\" alt=\"\" width=\"406\" height=\"548\" \/><\/a><\/p>\n<p>(Por: Prensa Red) La Uni\u00f3n de Trabajadores de la Salud (UTS) resolvi\u00f3 levantar el paro en los hospitales p\u00fablicos provinciales. No obstante, el conflicto iniciado en septiembre \u00faltimo continuar\u00e1 con asambleas permanentes y trabajo a reglamento, seg\u00fan informaron fuentes sindicales.<\/p>\n<p>Las medidas fueron dispuestas en un plenario e implican que se mantendr\u00e1 resentida la atenci\u00f3n en unos veinte hospitales de la ciudad de C\u00f3rdoba y del interior que dependen del Estado provincial, donde se trabajar\u00e1 a reglamento y se establecer\u00e1 la quita de colaboraci\u00f3n.<\/p>\n<p>Por ello, los m\u00e9dicos no firmar\u00e1n los certificados para el recupero de las obras sociales, el Plan Nacer o las altas m\u00e9dicas. En torno a este conflicto, la UTS convoc\u00f3 para ma\u00f1ana a las 18 a una Marcha de las Antorchas y la Bronca<\/p>\n<p>De la marcha participar\u00edan otras organizaciones que agrupan a m\u00e9dicos y personal hospitalario del sector p\u00fablico, como Fesprosa, Central de Trabajadores de la Argentina (CTA), Enfermeras Unidas y Asociaci\u00f3n de Trabajadores del Estado (ATE).<\/p>\n","protected":false},"excerpt":{"rendered":"<p>(Por: Prensa Red) La Uni\u00f3n de Trabajadores de la Salud (UTS) resolvi\u00f3 levantar el paro en los hospitales p\u00fablicos provinciales.<\/p>\n","protected":false},"author":1,"featured_media":0,"comment_status":"open","ping_status":"open","sticky":false,"template":"","format":"standard","meta":{"footnotes":""},"categories":[14,18],"tags":[],"_links":{"self":[{"href":"https:\/\/cpsscba.org\/confluenciasvirtual\/index.php?rest_route=\/wp\/v2\/posts\/636"}],"collection":[{"href":"https:\/\/cpsscba.org\/confluenciasvirtual\/index.php?rest_route=\/wp\/v2\/posts"}],"about":[{"href":"https:\/\/cpsscba.org\/confluenciasvirtual\/index.php?rest_route=\/wp\/v2\/types\/post"}],"author":[{"embeddable":true,"href":"https:\/\/cpsscba.org\/confluenciasvirtual\/index.php?rest_route=\/wp\/v2\/users\/1"}],"replies":[{"embeddable":true,"href":"https:\/\/cpsscba.org\/confluenciasvirtual\/index.php?rest_route=%2Fwp%2Fv2%2Fcomments&post=636"}],"version-history":[{"count":0,"href":"https:\/\/cpsscba.org\/confluenciasvirtual\/index.php?rest_route=\/wp\/v2\/posts\/636\/revisions"}],"wp:attachment":[{"href":"https:\/\/cpsscba.org\/confluenciasvirtual\/index.php?rest_route=%2Fwp%2Fv2%2Fmedia&parent=636"}],"wp:term":[{"taxonomy":"category","embeddable":true,"href":"https:\/\/cpsscba.org\/confluenciasvirtual\/index.php?rest_route=%2Fwp%2Fv2%2Fcategories&post=636"},{"taxonomy":"post_tag","embeddable":true,"href":"https:\/\/cpsscba.org\/confluenciasvirtual\/index.php?rest_route=%2Fwp%2Fv2%2Ftags&post=636"}],"curies":[{"name":"wp","href":"https:\/\/api.w.org\/{rel}","templated":true}]}}